{"id":283912,"date":"2025-12-12T02:59:12","date_gmt":"2025-12-12T02:59:12","guid":{"rendered":"https:\/\/www.europesays.com\/es\/283912\/"},"modified":"2025-12-12T02:59:12","modified_gmt":"2025-12-12T02:59:12","slug":"jcc-pokemon-pocket-desvela-su-nuevo-set-fuego-carmesi","status":"publish","type":"post","link":"https:\/\/www.europesays.com\/es\/283912\/","title":{"rendered":"JCC Pok\u00e9mon Pocket desvela su nuevo set Fuego Carmes\u00ed"},"content":{"rendered":"<p>\u00a1Traemos el anuncio de m\u00e1s contenidos de <a href=\"https:\/\/www.nintenderos.com\/2024\/10\/el-nuevo-juego-gratis-de-pokemon-supera-los-6-millones-de-preinscripciones-y-confirma-regalo\/\" rel=\"nofollow noopener\" target=\"_blank\">JCC Pok\u00e9mon Pocket<\/a>! Aqu\u00ed os traemos informaci\u00f3n interesante. Se trata efectivamente de noticias relacionadas con\u00a0<a href=\"https:\/\/www.nintenderos.com\/2024\/02\/el-presidente-de-pokemon-acaba-de-comparar-la-franquicia-con-el-shogi\/\" rel=\"nofollow noopener\" target=\"_blank\">Pok\u00e9mon\u00a0<\/a>y su\u00a0<a href=\"https:\/\/www.nintenderos.com\/2024\/01\/el-jcc-pokemon-detalla-su-siguiente-set-en-occidente-fuerzas-temporales\/\" rel=\"nofollow noopener\" target=\"_blank\">Juego de Cartas Coleccionables<\/a>.<\/p>\n<p>Tras conocer que tambi\u00e9n\u00a0<a href=\"https:\/\/www.nintenderos.com\/2025\/01\/jcc-pokemon-pocket-estrena-su-nueva-expansion-con-regalos-para-todos-y-problemas-de-carga\/\" rel=\"nofollow noopener\" target=\"_blank\">hay regalos\u00a0<\/a>as\u00ed como\u00a0<a href=\"https:\/\/www.nintenderos.com\/2025\/07\/jcc-pokemon-pocket-fecha-y-detalla-sus-proximas-novedades-en-los-intercambios-incluyendo-la-eliminacion-de-las-fichas-de-intercambio\/\" rel=\"nofollow noopener\" target=\"_blank\">ajustes en los intercambios\u00a0<\/a>en camino, ahora ya tenemos noticias tras el debut del\u00a0<a href=\"https:\/\/www.nintenderos.com\/2025\/10\/jcc-pokemon-pocket-desvela-pone-fecha-y-lanza-trailer-de-su-nueva-expansion-de-megaevoluciones\/\" rel=\"nofollow noopener\" target=\"_blank\">nuevo set\u00a0Megaascenso<\/a> que ya est\u00e1 disponible. Se trata del siguiente set, que se ha detallado hoy: <strong>este set se lanzar\u00e1 el 17 de diciembre de 2025 y se centra en Mega-Charizard Y<\/strong>:<\/p>\n<ul data-start=\"56\" data-end=\"546\" data-is-last-node=\"\" data-is-only-node=\"\">\n<li data-start=\"224\" data-end=\"292\">\n<p data-start=\"226\" data-end=\"292\">El evento <strong data-start=\"236\" data-end=\"251\">Mareep Drop<\/strong> se celebrar\u00e1 del <strong data-start=\"269\" data-end=\"289\">1 al 11 de enero<\/strong>.<\/p>\n<p>Otros contenidos en esta categor\u00eda:\n<\/li>\n<li data-start=\"293\" data-end=\"371\">\n<p data-start=\"295\" data-end=\"371\">El evento <strong data-start=\"305\" data-end=\"330\">Heliolisk Wonder Pick<\/strong> tendr\u00e1 lugar del <strong data-start=\"348\" data-end=\"368\">9 al 19 de enero<\/strong>.<\/p>\n<\/li>\n<li data-start=\"372\" data-end=\"452\">\n<p data-start=\"374\" data-end=\"452\">El evento <strong data-start=\"384\" data-end=\"407\">Mega Latios ex Drop<\/strong> se desarrollar\u00e1 del <strong data-start=\"428\" data-end=\"449\">17 al 27 de enero<\/strong>.<\/p>\n<\/li>\n<\/ul>\n<p><img decoding=\"async\" class=\"aligncenter\" src=\"https:\/\/www.europesays.com\/es\/wp-content\/uploads\/2025\/12\/G75K-sgW8AEfV3U\" alt=\"Imagen\"\/><\/p>\n<ul data-start=\"56\" data-end=\"546\" data-is-last-node=\"\" data-is-only-node=\"\">\n<li data-start=\"453\" data-end=\"546\" data-is-last-node=\"\">Estos son los cosm\u00e9ticos del set: 3<\/li>\n<\/ul>\n<p><img decoding=\"async\" class=\"aligncenter\" src=\"https:\/\/www.europesays.com\/es\/wp-content\/uploads\/2025\/12\/G75KvSbXQAELNkC\" alt=\"Imagen\"\/><\/p>\n<p><iframe loading=\"lazy\" title=\"Pok\u00e9mon TCG Pocket: Crimson Blaze | Official Trailer\" width=\"1200\" height=\"675\" src=\"https:\/\/www.youtube.com\/embed\/HJFYwupUQxc?feature=oembed\" frameborder=\"0\" allow=\"accelerometer; autoplay; clipboard-write; encrypted-media; gyroscope; picture-in-picture; web-share\" referrerpolicy=\"strict-origin-when-cross-origin\" allowfullscreen><\/iframe><\/p>\n<p>Recordad que tambi\u00e9n se ha filtrado la fecha de la\u00a0<a href=\"https:\/\/www.nintenderos.com\/2025\/11\/jcc-pokemon-pocket-filtra-la-fecha-de-su-siguiente-expansion-esto-es-lo-que-se-sabe\/\" rel=\"nofollow noopener\" target=\"_blank\">expansi\u00f3n de diciembre<\/a>.<\/p>\n<p>\u00bfQu\u00e9 os ha parecido JCC Pok\u00e9mon Pocket hasta ahora a vosotros? No dud\u00e9is en compartir vuestra opini\u00f3n al respecto en los comentarios. \u00a1Os leemos detenidamente m\u00e1s abajo!<\/p>\n<p><a class=\"external\" href=\"https:\/\/x.com\/SerebiiNet\/status\/1997546618883604608\" rel=\"nofollow\">Fuente<\/a>.<\/p>\n","protected":false},"excerpt":{"rendered":"\u00a1Traemos el anuncio de m\u00e1s contenidos de JCC Pok\u00e9mon Pocket! Aqu\u00ed os traemos informaci\u00f3n interesante. Se trata efectivamente&hellip;\n","protected":false},"author":2,"featured_media":283913,"comment_status":"","ping_status":"","sticky":false,"template":"","format":"standard","meta":{"footnotes":""},"categories":[81],"tags":[119,123,124,25,24,26956,117,121,122,23,118,120],"class_list":{"0":"post-283912","1":"post","2":"type-post","3":"status-publish","4":"format-standard","5":"has-post-thumbnail","7":"category-ciencia-y-tecnologia","8":"tag-ciencia","9":"tag-ciencia-y-tecnologia","10":"tag-cienciaytecnologia","11":"tag-es","12":"tag-espana","13":"tag-jcc-pokemon-pocket","14":"tag-science","15":"tag-science-and-technology","16":"tag-scienceandtechnology","17":"tag-spain","18":"tag-technology","19":"tag-tecnologia"},"share_on_mastodon":{"url":"https:\/\/pubeurope.com\/@es\/115704363654441226","error":""},"_links":{"self":[{"href":"https:\/\/www.europesays.com\/es\/wp-json\/wp\/v2\/posts\/283912","targetHints":{"allow":["GET"]}}],"collection":[{"href":"https:\/\/www.europesays.com\/es\/wp-json\/wp\/v2\/posts"}],"about":[{"href":"https:\/\/www.europesays.com\/es\/wp-json\/wp\/v2\/types\/post"}],"author":[{"embeddable":true,"href":"https:\/\/www.europesays.com\/es\/wp-json\/wp\/v2\/users\/2"}],"replies":[{"embeddable":true,"href":"https:\/\/www.europesays.com\/es\/wp-json\/wp\/v2\/comments?post=283912"}],"version-history":[{"count":0,"href":"https:\/\/www.europesays.com\/es\/wp-json\/wp\/v2\/posts\/283912\/revisions"}],"wp:featuredmedia":[{"embeddable":true,"href":"https:\/\/www.europesays.com\/es\/wp-json\/wp\/v2\/media\/283913"}],"wp:attachment":[{"href":"https:\/\/www.europesays.com\/es\/wp-json\/wp\/v2\/media?parent=283912"}],"wp:term":[{"taxonomy":"category","embeddable":true,"href":"https:\/\/www.europesays.com\/es\/wp-json\/wp\/v2\/categories?post=283912"},{"taxonomy":"post_tag","embeddable":true,"href":"https:\/\/www.europesays.com\/es\/wp-json\/wp\/v2\/tags?post=283912"}],"curies":[{"name":"wp","href":"https:\/\/api.w.org\/{rel}","templated":true}]}}