{"id":283917,"date":"2025-12-12T03:02:18","date_gmt":"2025-12-12T03:02:18","guid":{"rendered":"https:\/\/www.europesays.com\/es\/283917\/"},"modified":"2025-12-12T03:02:18","modified_gmt":"2025-12-12T03:02:18","slug":"el-gobierno-preve-implantar-una-herramienta-para-bloquear-a-los-menores-de-las-redes-sociales-en-2026","status":"publish","type":"post","link":"https:\/\/www.europesays.com\/es\/283917\/","title":{"rendered":"El Gobierno prev\u00e9 implantar una herramienta para bloquear a los menores de las redes sociales en 2026"},"content":{"rendered":"<p style=\"\">El Gobierno ha anunciado este jueves que espera implantar en 2026 una medida para <a href=\"https:\/\/www.abc.es\/sociedad\/australia-impone-veto-menores-anos-redes-sociales-20251210101248-nt.html\" target=\"_self\" data-voc-vtm-id=\"in-text-traffic\" title=\"limitar el acceso de los menores a las redes sociales\" rel=\"nofollow noopener\">limitar el acceso de los menores a las redes sociales<\/a>, inspirada en el modelo recientemente <strong>puesto en marcha en Australia<\/strong>. Actualmente, la legislaci\u00f3n en Espa\u00f1a permite que los menores  &#8230; de 14 a\u00f1os puedan registrarse en estas plataformas sin necesidad de autorizaci\u00f3n parental, pero la intenci\u00f3n del Ejecutivo es elevar esa edad m\u00ednima hasta los 16 a\u00f1os.<\/p>\n<p class=\"voc-p\" style=\"\">Seg\u00fan ha explicado el ministro para la Transformaci\u00f3n Digital, \u00d3scar L\u00f3pez, se tratar\u00e1 de una herramienta, <strong>\u00abtan importante como la legislaci\u00f3n\u00bb<\/strong>, haciendo referencia a la <a href=\"https:\/\/www.abc.es\/sociedad\/gobierno-deja-fugas-seguridad-digital-infantil-20240605212018-nt.html\" target=\"_self\" data-voc-vtm-id=\"in-text-traffic\" title=\"ley de protecci\u00f3n de menores en entornos digitales\" data-mrf-link=\"www.abc.es\" rel=\"nofollow noopener\">ley de protecci\u00f3n de menores en entornos digitales<\/a>, promovida por el Ministerio de Juventud e Infancia, que se encuentra desde septiembre en tramitaci\u00f3n en el Congreso.<\/p>\n<p class=\"voc-p\" style=\"\">Adem\u00e1s de aumentar el l\u00edmite de edad, la nueva norma permitir\u00e1 \u00f3rdenes de alejamiento digital que <strong>prohibir\u00e1n la comunicaci\u00f3n de acosadores y maltratadores con las v\u00edctimas menores<\/strong>, y tipifica nuevos delitos digitales como <a href=\"https:\/\/www.abc.es\/tecnologia\/dos-padres-ninas-desnudadas-ia-almendralejo-destruir-20251106191203-nt.html\" target=\"_self\" data-voc-vtm-id=\"in-text-traffic\" title=\"la generaci\u00f3n de im\u00e1genes por inteligencia artificial de menores desnudos\" data-mrf-link=\"www.abc.es\" rel=\"nofollow noopener\">la generaci\u00f3n de im\u00e1genes por inteligencia artificial de menores desnudos<\/a>. Tambi\u00e9n se promover\u00e1n medidas de educaci\u00f3n tecnol\u00f3gica en el colegio y la revisi\u00f3n m\u00e9dica en busca de adicciones tecnol\u00f3gicas.<\/p>\n<p>\nCartera Digital Beta\n<\/p>\n<p class=\"voc-p\" style=\"\">El Ejecutivo ya tiene lista t\u00e9cnicamente la llamada <a href=\"https:\/\/www.abc.es\/tecnologia\/espana-creara-app-europea-proteger-menores-porno-20250528110459-nt.html\" target=\"_self\" data-voc-vtm-id=\"in-text-traffic\" title=\"Cartera Digital Beta\" data-mrf-link=\"www.abc.es\" rel=\"nofollow noopener\">Cartera Digital Beta<\/a>, una herramienta de verificaci\u00f3n de edad desarrollada por Transformaci\u00f3n Digital que permite comprobar si un usuario supera una determinada edad <strong>sin revelar datos personales innecesarios<\/strong>. Esta credencial digital \u2013que se genera en el m\u00f3vil y verifica criptogr\u00e1ficamente la edad\u2013 se est\u00e1 probando en un proyecto europeo con otras soluciones, aunque es la espa\u00f1ola la que, seg\u00fan el Gobierno, est\u00e1 m\u00e1s adelantada. La efectividad de esta herramienta depender\u00e1, no obstante, de un sistema de verificaci\u00f3n de edad eficaz, \u00absin el cual la discusi\u00f3n sobre la edad m\u00ednima no tendr\u00eda sentido\u00bb, advirti\u00f3 el ministro. <\/p>\n<p class=\"voc-p\" style=\"\">Esta normativa presenta dificultades de base, ya que <strong>cada plataforma establece en sus t\u00e9rminos y condiciones una edad m\u00ednima de acceso<\/strong>, que en el caso de TikTok, X o Twitch son 13 a\u00f1os, 14 en Instagram, mientras que otras como YouTube se ajustan a la edad m\u00ednima legal estipulada en el territorio de uso del usuario. Por lo que, independientemente del deseo del Gobierno, a fin de cuentas ser\u00e1 la red social la que decida la edad m\u00ednima para ser utilizada. Todo cambiar\u00eda si la Uni\u00f3n Europa fija definitivamente tambi\u00e9n la edad m\u00ednima a los 16 a\u00f1os, <a href=\"https:\/\/www.abc.es\/tecnologia\/parlamento-europeo-pide-edad-minima-anos-acceder-20251016145933-nt.html\" target=\"_self\" data-voc-vtm-id=\"in-text-traffic\" title=\"una batalla que Bruselas libra desde hace meses\" data-mrf-link=\"www.abc.es\" rel=\"nofollow noopener\">una batalla que Bruselas libra desde hace meses<\/a>, y que a estas alturas sigue sin un acuerdo pese a las numerosas propuestas.<\/p>\n<p class=\"voc-p\" style=\"\"> El debate sobre esta iniciativa gira en torno a los riesgos que las redes sociales pueden tener para la salud mental y el desarrollo de los menores, incluyendo la <strong>adicci\u00f3n, la exposici\u00f3n a contenidos no adecuados y la privacidad<\/strong>.<\/p>\n","protected":false},"excerpt":{"rendered":"El Gobierno ha anunciado este jueves que espera implantar en 2026 una medida para limitar el acceso de&hellip;\n","protected":false},"author":2,"featured_media":283918,"comment_status":"","ping_status":"","sticky":false,"template":"","format":"standard","meta":{"footnotes":""},"categories":[8],"tags":[3076,25487,17,18,25,24,13,14,582,11,3052,19,20,1567,9,10,15,16,10004,2311,2312,23,12,1885,21,22],"class_list":{"0":"post-283917","1":"post","2":"type-post","3":"status-publish","4":"format-standard","5":"has-post-thumbnail","7":"category-espana","8":"tag-3076","9":"tag-bloquear","10":"tag-breaking-news","11":"tag-breakingnews","12":"tag-es","13":"tag-espana","14":"tag-featured-news","15":"tag-featurednews","16":"tag-gobierno","17":"tag-headlines","18":"tag-herramienta","19":"tag-latest-news","20":"tag-latestnews","21":"tag-menores","22":"tag-news","23":"tag-noticias","24":"tag-noticias-destacadas","25":"tag-noticiasdestacadas","26":"tag-partir","27":"tag-redes","28":"tag-sociales","29":"tag-spain","30":"tag-titulares","31":"tag-ultima","32":"tag-ultimas-noticias","33":"tag-ultimasnoticias"},"share_on_mastodon":{"url":"https:\/\/pubeurope.com\/@es\/115704374506422202","error":""},"_links":{"self":[{"href":"https:\/\/www.europesays.com\/es\/wp-json\/wp\/v2\/posts\/283917","targetHints":{"allow":["GET"]}}],"collection":[{"href":"https:\/\/www.europesays.com\/es\/wp-json\/wp\/v2\/posts"}],"about":[{"href":"https:\/\/www.europesays.com\/es\/wp-json\/wp\/v2\/types\/post"}],"author":[{"embeddable":true,"href":"https:\/\/www.europesays.com\/es\/wp-json\/wp\/v2\/users\/2"}],"replies":[{"embeddable":true,"href":"https:\/\/www.europesays.com\/es\/wp-json\/wp\/v2\/comments?post=283917"}],"version-history":[{"count":0,"href":"https:\/\/www.europesays.com\/es\/wp-json\/wp\/v2\/posts\/283917\/revisions"}],"wp:featuredmedia":[{"embeddable":true,"href":"https:\/\/www.europesays.com\/es\/wp-json\/wp\/v2\/media\/283918"}],"wp:attachment":[{"href":"https:\/\/www.europesays.com\/es\/wp-json\/wp\/v2\/media?parent=283917"}],"wp:term":[{"taxonomy":"category","embeddable":true,"href":"https:\/\/www.europesays.com\/es\/wp-json\/wp\/v2\/categories?post=283917"},{"taxonomy":"post_tag","embeddable":true,"href":"https:\/\/www.europesays.com\/es\/wp-json\/wp\/v2\/tags?post=283917"}],"curies":[{"name":"wp","href":"https:\/\/api.w.org\/{rel}","templated":true}]}}