{"id":283925,"date":"2025-12-12T03:13:08","date_gmt":"2025-12-12T03:13:08","guid":{"rendered":"https:\/\/www.europesays.com\/es\/283925\/"},"modified":"2025-12-12T03:13:08","modified_gmt":"2025-12-12T03:13:08","slug":"bernardeschi-baja-de-la-nube-del-bernabeu-al-celta","status":"publish","type":"post","link":"https:\/\/www.europesays.com\/es\/283925\/","title":{"rendered":"Bernardeschi baja de la nube del Bernab\u00e9u al Celta"},"content":{"rendered":"<p data-gtm-element-container=\"modulo-texto-link\" class=\"paragraph\">El Celta llegaba a su duelo contra el Bolonia (1-2) con la moral por las nubes tras asaltar el Bernab\u00e9u. Un estado de \u00e1nimo que se encarg\u00f3 de ir bajando poco a poco Bernardeschi, autor de un doblete con el que remont\u00f3 el tanto inicial de Bryan Zaragoza, su primero como celeste. Los de Claudio Gir\u00e1ldez se alejan definitivamente del top 8 y deben centrarse en quedar entre los 24 primeros.<\/p>\n<p data-gtm-element-container=\"modulo-texto-link\" class=\"paragraph\">Los italianos llegaron al feudo celeste con mucha personalidad, imponiendo su estilo de juego combinativo. Los locales, acostumbrados a tener la pelota, sufr\u00edan. Pero a veces se encuentra antes el gol que el f\u00fatbol. Y as\u00ed fue. Williot, todav\u00eda con la inspiraci\u00f3n de su recital contra el Real Maddrid, frot\u00f3 la l\u00e1mpara en una jugada en la que hizo una genialidad controlando la pelota con el exterior y poni\u00e9ndosela atr\u00e1s a Bryan Zaragoza para que el andaluz se estrenara (17&#8242;).<\/p>\n<p data-gtm-element-container=\"modulo-texto-link\" class=\"paragraph\">Cambi\u00f3 el marcador, pero las sensaciones fueron a peor. Los de Italiano empezaron a poner en serios aprietos a Radu bajo la lluvia que ca\u00eda sobre el verde. Rowe fall\u00f3 un mano a mano y Castro se choc\u00f3 con la inspiraci\u00f3n del portero rumano. Con este resultado se lleg\u00f3 al descanso.\u00a0<\/p>\n<p>    Lee tambi\u00e9n<\/p>\n<p>La zurda de Bernardeschi<\/p>\n<p data-gtm-element-container=\"modulo-texto-link\" class=\"paragraph\">Tras el paso por vestuarios tanto estaba insistiendo el Bolonia que al final encontr\u00f3 premio. Recibi\u00f3 en la derecha Bernardeschi, mir\u00f3 a los ojos a Mingueza y le dej\u00f3 sentado. La puso atr\u00e1s y Pobega anot\u00f3. Se anul\u00f3 por fuera de juego.\u00a0<\/p>\n<p data-gtm-element-container=\"modulo-texto-link\" class=\"paragraph\">Siguieron insistiendo y el propio Pobega provoc\u00f3 un penalti muy claro de Javi Rodr\u00edguez. Bernardeschi enga\u00f1\u00f3 a Radu (65&#8242;). El festival del ex de la Juventus no se iba a quedar ah\u00ed. En el 75 Cambiaghi se la puso en velocidad, regate\u00f3 para fuera y con un tiro cruzado con la izquierda como si fuera jugador de f\u00fatbol sala marc\u00f3 un golazo. Todo naci\u00f3 en una grave perdida en el centro del campo de Iago Aspas, que reci\u00e9n entrado igual que Jutgl\u00e0 no se entendi\u00f3 con Fran Beltr\u00e1n.\u00a0<\/p>\n","protected":false},"excerpt":{"rendered":"El Celta llegaba a su duelo contra el Bolonia (1-2) con la moral por las nubes tras asaltar&hellip;\n","protected":false},"author":2,"featured_media":283926,"comment_status":"","ping_status":"","sticky":false,"template":"","format":"standard","meta":{"footnotes":""},"categories":[268],"tags":[168,25,24,280,282,281,23,167],"class_list":{"0":"post-283925","1":"post","2":"type-post","3":"status-publish","4":"format-standard","5":"has-post-thumbnail","7":"category-futbol","8":"tag-deportes","9":"tag-es","10":"tag-espana","11":"tag-football","12":"tag-futbol","13":"tag-soccer","14":"tag-spain","15":"tag-sports"},"share_on_mastodon":{"url":"https:\/\/pubeurope.com\/@es\/115704417837442985","error":""},"_links":{"self":[{"href":"https:\/\/www.europesays.com\/es\/wp-json\/wp\/v2\/posts\/283925","targetHints":{"allow":["GET"]}}],"collection":[{"href":"https:\/\/www.europesays.com\/es\/wp-json\/wp\/v2\/posts"}],"about":[{"href":"https:\/\/www.europesays.com\/es\/wp-json\/wp\/v2\/types\/post"}],"author":[{"embeddable":true,"href":"https:\/\/www.europesays.com\/es\/wp-json\/wp\/v2\/users\/2"}],"replies":[{"embeddable":true,"href":"https:\/\/www.europesays.com\/es\/wp-json\/wp\/v2\/comments?post=283925"}],"version-history":[{"count":0,"href":"https:\/\/www.europesays.com\/es\/wp-json\/wp\/v2\/posts\/283925\/revisions"}],"wp:featuredmedia":[{"embeddable":true,"href":"https:\/\/www.europesays.com\/es\/wp-json\/wp\/v2\/media\/283926"}],"wp:attachment":[{"href":"https:\/\/www.europesays.com\/es\/wp-json\/wp\/v2\/media?parent=283925"}],"wp:term":[{"taxonomy":"category","embeddable":true,"href":"https:\/\/www.europesays.com\/es\/wp-json\/wp\/v2\/categories?post=283925"},{"taxonomy":"post_tag","embeddable":true,"href":"https:\/\/www.europesays.com\/es\/wp-json\/wp\/v2\/tags?post=283925"}],"curies":[{"name":"wp","href":"https:\/\/api.w.org\/{rel}","templated":true}]}}