{"id":283942,"date":"2025-12-12T03:25:08","date_gmt":"2025-12-12T03:25:08","guid":{"rendered":"https:\/\/www.europesays.com\/es\/283942\/"},"modified":"2025-12-12T03:25:08","modified_gmt":"2025-12-12T03:25:08","slug":"maduro-recibio-una-llamada-de-putin-y-segun-una-version-estaria-negociando-refugio-en-el-extranjero","status":"publish","type":"post","link":"https:\/\/www.europesays.com\/es\/283942\/","title":{"rendered":"Maduro recibi\u00f3 una llamada de Putin y seg\u00fan una versi\u00f3n estar\u00eda negociando refugio en el extranjero"},"content":{"rendered":"<p class=\"com-paragraph  --capital --s\">MOSC\u00da.-<strong>Rusia y su cercano aliado Bielorrusia se acercaron este jueves al asediado l\u00edder de Venezuela, Nicol\u00e1s Maduro<\/strong>, mientras el presidente de Estados Unidos, <strong>Donald Trump<\/strong>, aumenta la presi\u00f3n para su destituci\u00f3n, lo que aumenta la posibilidad de que<strong> busque refugio en el extranjero.<\/strong><\/p>\n<p class=\"com-paragraph   --s\">Maduro le hab\u00eda dicho a Trump en una llamada telef\u00f3nica el 21 de noviembre que <a href=\"https:\/\/www.lanacion.com.ar\/estados-unidos\/en-plena-tension-con-el-regimen-de-maduro-trump-se-reune-con-su-equipo-para-analizar-sus-proximos-nid01122025\/\" target=\"_self\" title=\"https:\/\/www.lanacion.com.ar\/estados-unidos\/en-plena-tension-con-el-regimen-de-maduro-trump-se-reune-con-su-equipo-para-analizar-sus-proximos-nid01122025\/\" class=\"com-link break-word\" data-mrf-recirculation=\"n_link_parrafo\" rel=\"nofollow noopener\">estaba listo para abandonar Venezuela, siempre que \u00e9l y su familia tuvieran amnist\u00eda legal completa<\/a>, dijeron fuentes a Reuters.<\/p>\n<p class=\"com-paragraph   --s\">El presidente bielorruso, <strong>Alexander Lukashenko<\/strong>, mantuvo el jueves<strong> su segunda reuni\u00f3n en 17 d\u00edas con Jes\u00fas Rafael Salazar Vel\u00e1zquez<\/strong>, embajador de Venezuela en Mosc\u00fa.<\/p>\n<p class=\"com-paragraph   --s\">Seg\u00fan la agencia de noticias estatal bielorrusa Belta, Lukashenko le dijo al enviado el 25 de noviembre que <strong>Maduro siempre era bienvenido en Bielorrusia y que era hora de que hiciera una visita.<\/strong><\/p>\n<p>Reuni\u00f3n de Lukashenko con el embajador venezolano en Mosc\u00fa<\/p>\n<p class=\"com-paragraph   --s\">El jueves, Belta cit\u00f3 a Lukashenko record\u00e1ndole a Vel\u00e1zquez que hab\u00edan acordado en la primera reuni\u00f3n \u201ccoordinar ciertos asuntos\u201d con Maduro.<\/p>\n<p class=\"com-paragraph   --s\">\u201cAcordamos que, tras resolver ciertos asuntos, usted se tomar\u00eda el tiempo para reunirse conmigo y tomar la decisi\u00f3n pertinente, que es de nuestra competencia. Y, de ser necesario, involucrar\u00edamos al presidente de Venezuela\u201d, dijo Lukashenko.<\/p>\n<p class=\"com-paragraph   --s\">La agencia Reuters solicit\u00f3 comentarios a la oficina de Lukashenko sobre la importancia de las reuniones y<strong> si Bielorrusia estar\u00eda dispuesta a ofrecer refugio a Maduro si este dimitiera, pero no hubo respuesta<\/strong>.<\/p>\n<p class=\"com-paragraph   --s\">En tanto, <strong>la canciller\u00eda de Colombia dijo que no descarta dar asilo a Maduro<\/strong> si acuerda dejar el poder en medio de presiones de Estados Unidos, asegur\u00f3 este jueves la canciller colombiana.<\/p>\n<p class=\"com-paragraph   --s\">El presidente colombiano, Gustavo Petro, clama por una transici\u00f3n democr\u00e1tica en Caracas, en medio de la tensiones entre Maduro y el mandatario estadounidense Donald Trump.<\/p>\n<p>Petro y MaduroFEDERICO RIOS &#8211; NYTNS<\/p>\n<p class=\"com-paragraph   --s\">La canciller de Colombia, Rosa Villavicencio, manifest\u00f3 que su pa\u00eds podr\u00eda otorgarle asilo al presidente venezolano en caso de que llegue a un acuerdo con Washington.<\/p>\n<p class=\"com-paragraph   --s\">\u201cSi esa salida implica que \u00e9l deba vivir en otro pa\u00eds o pedir la protecci\u00f3n, pues <strong>Colombia no tendr\u00eda por qu\u00e9 decirle que no<\/strong>\u201d, dijo la diplom\u00e1tica en una entrevista con Caracol Radio.<\/p>\n<p class=\"com-paragraph   --s\">\u201cPero (esa) es una decisi\u00f3n que deben tomar Estados Unidos y el gobierno Maduro en una negociaci\u00f3n\u201d, insisti\u00f3 la canciller.<\/p>\n<p class=\"com-paragraph   --s\">Aunque le ofreci\u00f3 el asilo, <strong>Villavicencio asegur\u00f3 que Maduro tal vez preferir\u00eda elegir un lugar \u201cm\u00e1s distante y m\u00e1s tranquilo\u201d <\/strong>para vivir en caso de abandonar Caracas.<\/p>\n<p>Apoyo de Putin<\/p>\n<p class=\"com-paragraph   --s\">El Kremlin dijo que el presidente <strong>Vladimir Putin<\/strong>, en una llamada telef\u00f3nica al l\u00edder venezolano tambi\u00e9n este jueves, <strong>\u201creafirm\u00f3 su apoyo a la pol\u00edtica del gobierno de Maduro, dirigida a proteger los intereses nacionales y la soberan\u00eda frente a la creciente presi\u00f3n externa\u201d<\/strong>.<\/p>\n<p class=\"com-paragraph   --s\">Seg\u00fan la presidencia rusa, ambos mandatarios confirmaron adem\u00e1s su <strong>\u201ccompromiso mutuo\u201d <\/strong>con la puesta en marcha de proyectos ruso-venezolanos, especialmente en los \u00e1mbitos econ\u00f3mico, energ\u00e9tico y comercial, y reiteraron \u201c<strong>el car\u00e1cter estrat\u00e9gico, s\u00f3lido y ascendente\u201d<\/strong> de las relaciones bilaterales.<\/p>\n<p class=\"com-paragraph   --s\">El mandatario ruso, seg\u00fan el escrito, \u201csubray\u00f3 que el pueblo venezolano merece absoluto respeto en su lucha leg\u00edtima<strong> por la defensa de su soberan\u00eda e independencia<\/strong>\u201d.<\/p>\n<p class=\"com-paragraph   --s\">Putin agreg\u00f3 que continuar\u00e1 apoyando a Venezuela y puso a disposici\u00f3n Maduro su \u201ccapacidad diplom\u00e1tica para fortalecer la cooperaci\u00f3n en estas materias esenciales\u201d.<\/p>\n<p>Estados Unidos ha desplegado en el Caribe su mayor operaci\u00f3n militar en a\u00f1os<\/p>\n<p class=\"com-paragraph   --s\">El gobierno de Trump ha declarado que<strong> no reconoce a Maduro, en el poder desde 2013, como presidente leg\u00edtimo de Venezuela<\/strong>. Maduro afirm\u00f3 haber ganado la reelecci\u00f3n el a\u00f1o pasado en unas elecciones que Estados Unidos y otros gobiernos occidentales calificaron de farsa. Observadores independientes afirmaron que la oposici\u00f3n hab\u00eda ganado por abrumadora mayor\u00eda.<\/p>\n<p class=\"com-paragraph   --s\">En los \u00faltimos meses,<a href=\"https:\/\/www.lanacion.com.ar\/el-mundo\/como-fue-el-operativo-de-eeuu-para-incautar-un-petrolero-venezolano-y-la-reaccion-de-caracas-nid11122025\/\" target=\"_self\" title=\"https:\/\/www.lanacion.com.ar\/el-mundo\/como-fue-el-operativo-de-eeuu-para-incautar-un-petrolero-venezolano-y-la-reaccion-de-caracas-nid11122025\/\" class=\"com-link break-word\" data-mrf-recirculation=\"n_link_parrafo\" rel=\"nofollow noopener\"> Trump ha intensificado la presi\u00f3n sobre Venezuela, en particular con un masivo despliegue militar en el Caribe.<\/a><\/p>\n<p class=\"com-paragraph   --s\">En una entrevista con Politico esta semana, T<a href=\"https:\/\/www.lanacion.com.ar\/estados-unidos\/trump-dice-que-los-dias-de-maduro-como-presidente-de-venezuela-estan-contados-nid03112025\/\" target=\"_self\" title=\"https:\/\/www.lanacion.com.ar\/estados-unidos\/trump-dice-que-los-dias-de-maduro-como-presidente-de-venezuela-estan-contados-nid03112025\/\" class=\"com-link break-word\" data-mrf-recirculation=\"n_link_parrafo\" rel=\"nofollow noopener\">rump dijo que<strong> los d\u00edas de Maduro \u201cest\u00e1n contados\u201d<\/strong><\/a>, aunque se neg\u00f3 a decir si estar\u00eda dispuesto a enviar tropas estadounidenses a Venezuela.<\/p>\n<p class=\"com-paragraph   --s\">La vocera del Ministerio de Asuntos Exteriores ruso, Maria Zakharova, dijo a la prensa el jueves: \u201cEsperamos que<strong> la Casa Blanca logre evitar un mayor deslizamiento hacia un conflicto a gran escala<\/strong>, que amenaza con tener consecuencias impredecibles para todo el hemisferio occidental\u201d.<\/p>\n<p>Maduro en una reuni\u00f3n con Lukashenko en Minsk en 2017Sergei Grits<\/p>\n<p class=\"com-paragraph   --s\">Lukashenko, el veterano l\u00edder autoritario de Bielorrusia, tiene <strong>v\u00ednculos amistosos con Venezuela <\/strong>y tambi\u00e9n este a\u00f1o ha iniciado un di\u00e1logo con la administraci\u00f3n Trump, despu\u00e9s de a\u00f1os de ser rechazado por Washington y otros gobiernos occidentales debido a su historial de derechos humanos y su apoyo a la invasi\u00f3n rusa de Ucrania.<\/p>\n<p class=\"com-paragraph   --s\">Trump comenz\u00f3 a aliviar las sanciones estadounidenses contra Bielorrusia y el mes pasado nombr\u00f3 a un enviado especial, John Coale, para continuar las negociaciones con Lukashenko sobre la liberaci\u00f3n de presos pol\u00edticos.<\/p>\n<p class=\"com-paragraph   --s\"><strong>Agencias Reuters, AFP y AP<\/strong><\/p>\n","protected":false},"excerpt":{"rendered":"MOSC\u00da.-Rusia y su cercano aliado Bielorrusia se acercaron este jueves al asediado l\u00edder de Venezuela, Nicol\u00e1s Maduro, mientras&hellip;\n","protected":false},"author":2,"featured_media":283943,"comment_status":"","ping_status":"","sticky":false,"template":"","format":"standard","meta":{"footnotes":""},"categories":[42],"tags":[17,18,11643,83,13,14,11,408,61,62,63,64,19,20,9,10,15,16,12,21,22,65,66,67],"class_list":{"0":"post-283942","1":"post","2":"type-post","3":"status-publish","4":"format-standard","5":"has-post-thumbnail","7":"category-internacional","8":"tag-breaking-news","9":"tag-breakingnews","10":"tag-defence","11":"tag-diplomacy","12":"tag-featured-news","13":"tag-featurednews","14":"tag-headlines","15":"tag-horizontal","16":"tag-internacional","17":"tag-international","18":"tag-international-news","19":"tag-internationalnews","20":"tag-latest-news","21":"tag-latestnews","22":"tag-news","23":"tag-noticias","24":"tag-noticias-destacadas","25":"tag-noticiasdestacadas","26":"tag-titulares","27":"tag-ultimas-noticias","28":"tag-ultimasnoticias","29":"tag-world","30":"tag-world-news","31":"tag-worldnews"},"share_on_mastodon":{"url":"https:\/\/pubeurope.com\/@es\/115704464988212678","error":""},"_links":{"self":[{"href":"https:\/\/www.europesays.com\/es\/wp-json\/wp\/v2\/posts\/283942","targetHints":{"allow":["GET"]}}],"collection":[{"href":"https:\/\/www.europesays.com\/es\/wp-json\/wp\/v2\/posts"}],"about":[{"href":"https:\/\/www.europesays.com\/es\/wp-json\/wp\/v2\/types\/post"}],"author":[{"embeddable":true,"href":"https:\/\/www.europesays.com\/es\/wp-json\/wp\/v2\/users\/2"}],"replies":[{"embeddable":true,"href":"https:\/\/www.europesays.com\/es\/wp-json\/wp\/v2\/comments?post=283942"}],"version-history":[{"count":0,"href":"https:\/\/www.europesays.com\/es\/wp-json\/wp\/v2\/posts\/283942\/revisions"}],"wp:featuredmedia":[{"embeddable":true,"href":"https:\/\/www.europesays.com\/es\/wp-json\/wp\/v2\/media\/283943"}],"wp:attachment":[{"href":"https:\/\/www.europesays.com\/es\/wp-json\/wp\/v2\/media?parent=283942"}],"wp:term":[{"taxonomy":"category","embeddable":true,"href":"https:\/\/www.europesays.com\/es\/wp-json\/wp\/v2\/categories?post=283942"},{"taxonomy":"post_tag","embeddable":true,"href":"https:\/\/www.europesays.com\/es\/wp-json\/wp\/v2\/tags?post=283942"}],"curies":[{"name":"wp","href":"https:\/\/api.w.org\/{rel}","templated":true}]}}