{"id":283964,"date":"2025-12-12T03:43:09","date_gmt":"2025-12-12T03:43:09","guid":{"rendered":"https:\/\/www.europesays.com\/es\/283964\/"},"modified":"2025-12-12T03:43:09","modified_gmt":"2025-12-12T03:43:09","slug":"nelson-deossa-se-lucio-en-la-goleada-del-real-betis-en-su-visita-al-dinamo-zagreb","status":"publish","type":"post","link":"https:\/\/www.europesays.com\/es\/283964\/","title":{"rendered":"Nelson Deossa se luci\u00f3 en la goleada del Real Betis en su visita al Dinamo Zagreb"},"content":{"rendered":"<p><img alt=\"El volante colombiano Nelson Deossa cumpli\u00f3 con un buen partido en la victoria del Real Betis como visitante al Dinamo Zagreb por la Europa League. FOTO TOMADA X @RealBetis\" loading=\"lazy\" width=\"494\" height=\"300\" decoding=\"async\" data-nimg=\"1\" class=\"rounded-lg\" style=\"color:transparent\" src=\"https:\/\/www.europesays.com\/es\/wp-content\/uploads\/2025\/12\/550c140a63cbbe8de9f85f3d19850da2.jpeg\"\/><\/p>\n<p>El volante colombiano Nelson Deossa cumpli\u00f3 con un buen partido en la victoria del Real Betis como visitante al Dinamo Zagreb por la Europa League. FOTO TOMADA X @RealBetis<\/p>\n<p class=\"mb-4 text-lg md:leading-8 break-words\">El colombiano Nelson Deossa fue uno de los m\u00e1s destacados del triunfo a domicilio del Real Betis ante Dinamo Zagreb.<\/p>\n<p class=\"mb-4 text-lg md:leading-8 break-words\">Aunque no se report\u00f3 en el marcador, el volante cafetero obtuvo una buena calificaci\u00f3n por la efectividad de sus pases, con un 90%, gan\u00f3 siete duelos, tres contribuciones en defensa y cuatro faltas ganadas.<\/p>\n<p class=\"mb-4 text-lg md:leading-8 break-words\">Los goles de la victoria del Betis fueron de Sergi Dom\u00ednguez, a los 31 minutos, en contra; mientras que Rodrigo Riquelme y Antony celebraron a los 34 y 38 minutos, respectivamente. El descuento del local lleg\u00f3 a los Niko Galesic a los 89 del final.<\/p>\n<p class=\"mb-4 text-lg md:leading-8 break-words\">Deossa que fue titular y estuvo durante 68 minutos en el campo, lleg\u00f3 a cuatro juegos con el Betis en la Europa League, de los seis que ha disputado su equipo.<\/p>\n<p class=\"mb-4 text-lg md:leading-8 break-words\">Seg\u00fan medios especializados, Deossa tuvo dos remates, 36 de 40 pases acertados, tres pases en el \u00faltimo tercio, 100 % de efectividad en sus pases largos y un remate bloqueado.<\/p>\n<p class=\"mb-4 text-lg md:leading-8 break-words\">Con esta victoria, los dirigidos por Manuel Pellegrini, se instalan en la segunda posici\u00f3n de la Europa League con 14 puntos en seis partidos jugados y una diferencia de gol de +7.<\/p>\n","protected":false},"excerpt":{"rendered":"El volante colombiano Nelson Deossa cumpli\u00f3 con un buen partido en la victoria del Real Betis como visitante&hellip;\n","protected":false},"author":2,"featured_media":283965,"comment_status":"","ping_status":"","sticky":false,"template":"","format":"standard","meta":{"footnotes":""},"categories":[93],"tags":[168,59050,25,24,13447,3177,10286,41331,68617,23,167],"class_list":{"0":"post-283964","1":"post","2":"type-post","3":"status-publish","4":"format-standard","5":"has-post-thumbnail","7":"category-deportes","8":"tag-deportes","9":"tag-dinamo-zagreb","10":"tag-es","11":"tag-espana","12":"tag-europa-league","13":"tag-nelson-deossa","14":"tag-real-betis","15":"tag-rodrigo-riquelme","16":"tag-sergi-dominguez","17":"tag-spain","18":"tag-sports"},"share_on_mastodon":{"url":"https:\/\/pubeurope.com\/@es\/115704535931160660","error":""},"_links":{"self":[{"href":"https:\/\/www.europesays.com\/es\/wp-json\/wp\/v2\/posts\/283964","targetHints":{"allow":["GET"]}}],"collection":[{"href":"https:\/\/www.europesays.com\/es\/wp-json\/wp\/v2\/posts"}],"about":[{"href":"https:\/\/www.europesays.com\/es\/wp-json\/wp\/v2\/types\/post"}],"author":[{"embeddable":true,"href":"https:\/\/www.europesays.com\/es\/wp-json\/wp\/v2\/users\/2"}],"replies":[{"embeddable":true,"href":"https:\/\/www.europesays.com\/es\/wp-json\/wp\/v2\/comments?post=283964"}],"version-history":[{"count":0,"href":"https:\/\/www.europesays.com\/es\/wp-json\/wp\/v2\/posts\/283964\/revisions"}],"wp:featuredmedia":[{"embeddable":true,"href":"https:\/\/www.europesays.com\/es\/wp-json\/wp\/v2\/media\/283965"}],"wp:attachment":[{"href":"https:\/\/www.europesays.com\/es\/wp-json\/wp\/v2\/media?parent=283964"}],"wp:term":[{"taxonomy":"category","embeddable":true,"href":"https:\/\/www.europesays.com\/es\/wp-json\/wp\/v2\/categories?post=283964"},{"taxonomy":"post_tag","embeddable":true,"href":"https:\/\/www.europesays.com\/es\/wp-json\/wp\/v2\/tags?post=283964"}],"curies":[{"name":"wp","href":"https:\/\/api.w.org\/{rel}","templated":true}]}}