{"id":283980,"date":"2025-12-12T03:59:10","date_gmt":"2025-12-12T03:59:10","guid":{"rendered":"https:\/\/www.europesays.com\/es\/283980\/"},"modified":"2025-12-12T03:59:10","modified_gmt":"2025-12-12T03:59:10","slug":"urko-izeta-el-delantero-que-mas-convence-al-sporting-pero-el-mas-dificil","status":"publish","type":"post","link":"https:\/\/www.europesays.com\/es\/283980\/","title":{"rendered":"Urko Izeta: el delantero que m\u00e1s convence al Sporting, pero el m\u00e1s dif\u00edcil"},"content":{"rendered":"<p><a class=\"v-mdl-ath__fig-a\" href=\"https:\/\/www.elcomercio.es\/autor\/javier-barrio-265.html\" title=\"Javier Barrio\" rel=\"nofollow noopener\" target=\"_blank\"><br \/>\n<img decoding=\"async\" class=\"v-mdl-ath__img\" src=\"https:\/\/www.europesays.com\/es\/wp-content\/uploads\/2025\/08\/autor-265-foto-1.jpeg\" alt=\"Javier Barrio\"\/><br \/>\n<\/a><\/p>\n<p class=\"v-mdl-ath__p v-mdl-ath__p--6\">\nJueves, 11 de diciembre 2025, 23:00<\/p>\n<p class=\"v-p\">El <a href=\"https:\/\/www.elcomercio.es\/sporting\/\" target=\"_blank\" data-voc-vtm-id=\"in-text-traffic\" title=\"Sporting\" data-mrf-link=\"www.elcomercio.es\" rel=\"nofollow noopener\">Sporting<\/a> se adentra ya en la recta final del primer tramo del curso, con la interrupci\u00f3n de la Navidad, habiendo realizado un primer peinado de jugadores e, incluso, manteniendo algunas consultas para conocer situaciones y hacer acopio de informaci\u00f3n sobre los futbolistas que m\u00e1s gustan para reforzarse. A partir de ah\u00ed, como en el mundo del f\u00fatbol entienden l\u00f3gico, porque casi todos los clubes empezar\u00e1n a definir situaciones a partir de la semana que viene, pocas certezas.<\/p>\n<p class=\"v-p\">S\u00ed se extrae una impresi\u00f3n: el delantero <a href=\"https:\/\/www.elcomercio.es\/sporting\/sporting-gijon-fichajes-mercado-invierno-20251110214420-nt.html\" target=\"_blank\" data-voc-vtm-id=\"in-text-traffic\" title=\"Urko Izeta\" data-mrf-link=\"www.elcomercio.es\" rel=\"nofollow noopener\">Urko Izeta<\/a>, que la pasada temporada brill\u00f3 en el Mirand\u00e9s, es el futbolista que m\u00e1s gusta y convence para reforzar el ataque. El Sporting ha hecho al menos un par de consultas por \u00e9l en las \u00faltimas semanas. Pero, al mismo tiempo, se asume que es una posibilidad altamente compleja. A favor del club gijon\u00e9s juega el inter\u00e9s manifestado ya en el verano por este futbolista, de 26 a\u00f1os, que no entra en los planes de Ernesto Valverde (solo ha disputado 42 minutos). Tambi\u00e9n que el Athletic qued\u00f3 satisfecho con la experiencia de Nico Serrano.<\/p>\n<p class=\"v-p\">Pero en contra hay argumentos de peso. El Athletic puede tener una posibilidad de traspasarle en este mercado. Y si no, existe una gran competencia de clubes por el atacante, que tambi\u00e9n apurar\u00eda para ver si sigue en Primera. Con semejante panorama, aunque la insistencia del Sporting delata su inter\u00e9s, parece una operaci\u00f3n muy complicada de abordar. Las pr\u00f3ximas semanas ser\u00e1n claves. Por si acaso, el club gijon\u00e9s mantiene abiertas otras alternativas, sin cristalizar.<\/p>\n<p class=\"v-p\">Al menos por el momento, como por otra parte es l\u00f3gico por la fecha del calendario, el Sporting se mantiene a la expectativa. Vive en la calma tensa que precede a una mayor actividad en la \u00faltima semana de diciembre. Con los jugadores de vacaciones, las direcciones deportivas ya se empezar\u00e1n a mover para analizar situaciones de entradas y salidas.<\/p>\n<p class=\"v-p\">El boceto inicial del Sporting pasaba hace unas semanas por la incorporaci\u00f3n de, al menos, un par de futbolistas. Puede que alguno m\u00e1s, en el criterio t\u00e9cnico. Todav\u00eda no est\u00e1 claro. S\u00ed hay consenso en que se necesita un futbolista m\u00e1s para el ataque, lo que podr\u00eda deshacer la cesi\u00f3n de Caicedo, siendo este propiedad del Atlas, lo que facilitar\u00eda el traslado. Tras este punto de partida, surgen dudas sobre qu\u00e9 demarcaciones m\u00e1s hay que reforzar. A priori, el centro de la zaga y el lateral, teniendo en cuenta que a Jim\u00e9nez le gusta la versi\u00f3n de Pablo como extremo. Y luego, claro, est\u00e1 el caso del mediocentro, con la baja de Loum. Una vacante que, de momento, ha ocupado Manu Rodr\u00edguez, adem\u00e1s del recuperado Jes\u00fas Bernal. Habr\u00e1 que ver, tambi\u00e9n, qu\u00e9 sucede con Cort\u00e9s.<\/p>\n<p class=\"v-p\">En el club se quiere tener un retrato m\u00e1s certero del rendimiento de los futbolistas y del colectivo tras la disputa de los dos partidos de liga \u2013Granada y Legan\u00e9s\u2013 y la eliminatoria de Copa del Rey \u2013el martes frente al Valencia\u2013. Pero la idea, ya clara, es la de reforzar la plantilla y ver si esta, con el impulso de enero, puede luchar por entrar en el &#8216;play off&#8217;, del que ahora mismo est\u00e1 a un punto.<\/p>\n<p>Encuentro con Irarragorri<\/p>\n<p class=\"v-p\">Esto se analizar\u00e1 con detenimiento en una reuni\u00f3n pr\u00f3xima con Borja Jim\u00e9nez, quien har\u00e1 su diagn\u00f3stico sobre la situaci\u00f3n. El t\u00e9cnico, adem\u00e1s, tendr\u00e1 hoy su primer contacto en persona con Alejandro Irarragorri, el l\u00edder del Grupo Orlegi, al que se espera en Mareo este viernes. La posibilidad de incorporar refuerzos en enero fue una posibilidad a la que se mostr\u00f3 abierto el club en el encuentro que desemboc\u00f3 en la contrataci\u00f3n de Jim\u00e9nez.<\/p>\n<p class=\"v-p\">El t\u00e9cnico est\u00e1 llamado a tener un papel muy importante en esa selecci\u00f3n de perfiles. Esta puerta abierta al mercado de enero fue una de las claves \u2013no la \u00fanica\u2013 que propici\u00f3 que se decantase por la propuesta del Sporting. El club, al mismo tiempo, es sensible a que Jim\u00e9nez no particip\u00f3 en la confecci\u00f3n del proyecto y que necesita refuerzos acordes a su idea.<\/p>\n<p>Reporta un error<\/p>\n","protected":false},"excerpt":{"rendered":"Jueves, 11 de diciembre 2025, 23:00 El Sporting se adentra ya en la recta final del primer tramo&hellip;\n","protected":false},"author":2,"featured_media":283981,"comment_status":"","ping_status":"","sticky":false,"template":"","format":"standard","meta":{"footnotes":""},"categories":[268],"tags":[5147,5030,168,861,25,24,280,282,68624,281,23,4782,167,12937],"class_list":{"0":"post-283980","1":"post","2":"type-post","3":"status-publish","4":"format-standard","5":"has-post-thumbnail","7":"category-futbol","8":"tag-convence","9":"tag-delantero","10":"tag-deportes","11":"tag-dificil","12":"tag-es","13":"tag-espana","14":"tag-football","15":"tag-futbol","16":"tag-izeta","17":"tag-soccer","18":"tag-spain","19":"tag-sporting","20":"tag-sports","21":"tag-urko"},"share_on_mastodon":{"url":"https:\/\/pubeurope.com\/@es\/115704599672014030","error":""},"_links":{"self":[{"href":"https:\/\/www.europesays.com\/es\/wp-json\/wp\/v2\/posts\/283980","targetHints":{"allow":["GET"]}}],"collection":[{"href":"https:\/\/www.europesays.com\/es\/wp-json\/wp\/v2\/posts"}],"about":[{"href":"https:\/\/www.europesays.com\/es\/wp-json\/wp\/v2\/types\/post"}],"author":[{"embeddable":true,"href":"https:\/\/www.europesays.com\/es\/wp-json\/wp\/v2\/users\/2"}],"replies":[{"embeddable":true,"href":"https:\/\/www.europesays.com\/es\/wp-json\/wp\/v2\/comments?post=283980"}],"version-history":[{"count":0,"href":"https:\/\/www.europesays.com\/es\/wp-json\/wp\/v2\/posts\/283980\/revisions"}],"wp:featuredmedia":[{"embeddable":true,"href":"https:\/\/www.europesays.com\/es\/wp-json\/wp\/v2\/media\/283981"}],"wp:attachment":[{"href":"https:\/\/www.europesays.com\/es\/wp-json\/wp\/v2\/media?parent=283980"}],"wp:term":[{"taxonomy":"category","embeddable":true,"href":"https:\/\/www.europesays.com\/es\/wp-json\/wp\/v2\/categories?post=283980"},{"taxonomy":"post_tag","embeddable":true,"href":"https:\/\/www.europesays.com\/es\/wp-json\/wp\/v2\/tags?post=283980"}],"curies":[{"name":"wp","href":"https:\/\/api.w.org\/{rel}","templated":true}]}}