{"id":283982,"date":"2025-12-12T04:00:19","date_gmt":"2025-12-12T04:00:19","guid":{"rendered":"https:\/\/www.europesays.com\/es\/283982\/"},"modified":"2025-12-12T04:00:19","modified_gmt":"2025-12-12T04:00:19","slug":"debut-con-la-tiara-bandeau-de-diamantes-y-vestido-champan","status":"publish","type":"post","link":"https:\/\/www.europesays.com\/es\/283982\/","title":{"rendered":"debut con la tiara bandeau de diamantes y vestido champ\u00e1n"},"content":{"rendered":"\n<p> Es el \u00faltimo viaje de Estado del a\u00f1o para la realeza europea y en los Pa\u00edses Bajos han dejado clara su importancia. Tras un primer encuentro de los monarcas holandeses con el presidente finland\u00e9s Alexander Stubb y su esposa Suzanne Innes-Stubb, en el que M\u00e1xima deslumbr\u00f3 con un elegante look en azul celeste, la reina ha vuelto a destacar en la tradicional cena de gala. En esta ocasi\u00f3n lo ha hecho acompa\u00f1ada por su hija, q<a href=\"https:\/\/www.vanitatis.elconfidencial.com\/casas-reales\/2025-12-02\/maxima-holanda-cena-gala-surinam-estilo-old-hollywood-tiara-bandeau_4258492\/\" target=\"_self\" rel=\"nofollow noopener\">ue sigue muy de cerca su impecable sentido del estilo.<\/a> <\/p>\n<p> Una noche en la que la princesa Amalia ha querido tambi\u00e9n recordar <strong>la importancia y relevancia de la cita a trav\u00e9s de su atuendo<\/strong>. Por un lado, deslumbro con un elegante vestido de tul de Jenny Packham en tono champ\u00e1n, con un movimiento et\u00e9reo gracias a su amplia falda, aportando un aire rom\u00e1ntico y elegante. Sobre los hombros descubiertos, <strong>llev\u00f3 un delicado chal a juego.<\/strong> <\/p>\n<p>               Amsterdam (Netherlands), 11 12 2025.- Dutch King Willem-Alexander (2-R), Queen Maxima (R), and Princess Amalia (L) together with the President of Finland, Alexander Stubb (C), and his wife Suzanne Innes-Stubb (2-L) pose during an official photo at the Royal Palace in Amsterdam, Netherlands, 11 December 2025. The Finnish president and his wife are on a two-day state visit to The Netherlands. (Finlandia, Pa\u00edses Bajos; Holanda) EFE EPA REMKO DE WAAL              <\/p>\n<p> Sin embargo, la princesa heredera deslumbr\u00f3 <strong>con la bandeau de diamantes. <\/strong>Es la primera vez que la utiliza, una de las joyas que ha lucido recientemente su madre. Fue M\u00e1xima quien la utiliz\u00f3 la semana pasada <a href=\"https:\/\/www.vanitatis.elconfidencial.com\/casas-reales\/2025-12-01\/maxima-holanda-falda-formas-combinarla-surinam_4257834\/\" target=\"_self\" rel=\"nofollow noopener\">durante su viaje de Estado a Surinam.<\/a> <\/p>\n<p>               M\u00e1xima de Holanda hace una semana. (Gtres)             <\/p>\n<p> Esta pieza es una diadema que la reina Guillermina, bisabuela del actual monarca, mand\u00f3 crear a partir de algunos de los diamantes <strong>que pertenecieron a su madre, la reina Emma<\/strong>, y que hab\u00edan sido un regalo del pueblo neerland\u00e9s con motivo de su boda con el rey Guillermo III. Y aunque parezca sorprendente, no solo coinciden en la tiara, porque parece que madre e hija se pusieron de acuerdo, porque tambi\u00e9n su atuendo recuerda al que ha elegido Amalia. <\/p>\n<p>               La entonces princesa M\u00e1xima con las joyas que hoy ha lucido su hija. (EFE)             <\/p>\n<p> Adem\u00e1s de la bandeau, tambi\u00e9n llev\u00f3 un hermoso collar de diamantes, igual que hizo su madre <a href=\"https:\/\/www.vanitatis.elconfidencial.com\/casas-reales\/2019-03-29\/maxima-aniversario-cerveza-bavaria_1911938\/\" target=\"_self\" rel=\"nofollow noopener\">en la cena de coronaci\u00f3n de 2013.<\/a> Una joya que no es la que pertenece a la tiara Stuart, sino a un broche de la reina Emma. Fue un momento muy especial para M\u00e1xima, <strong>que ahora parece haber recreado su hija.<\/strong> <\/p>\n<p>               Amsterdam (Netherlands), 11 12 2025.- Dutch King Willem-Alexander (2-R), Queen Maxima (R), and Princess Amalia (L) together with the President of Finland, Alexander Stubb (C), and his wife Suzanne Innes-Stubb (2-L) pose during an official photo at the Royal Palace in Amsterdam, Netherlands, 11 December 2025. The Finnish president and his wife are on a two-day state visit to The Netherlands. (Finlandia, Pa\u00edses Bajos; Holanda) EFE EPA REMKO DE WAAL              <\/p>\n<p> Con esta aparici\u00f3n, es la tercera y \u00faltima vez en el a\u00f1o <strong>que hemos visto a la princesa Amalia con tiara y sin ella<\/strong>. Aunque la agenda suele reducirse en estas fechas, este a\u00f1o M\u00e1xima y Guillermo Alejandro continuaron con peque\u00f1os actos, como un estreno cinematogr\u00e1fico o una visita del Rey a R\u00f3terdam. <\/p>\n<p> Es el \u00faltimo viaje de Estado del a\u00f1o para la realeza europea y en los Pa\u00edses Bajos han dejado clara su importancia. Tras un primer encuentro de los monarcas holandeses con el presidente finland\u00e9s Alexander Stubb y su esposa Suzanne Innes-Stubb, en el que M\u00e1xima deslumbr\u00f3 con un elegante look en azul celeste, la reina ha vuelto a destacar en la tradicional cena de gala. En esta ocasi\u00f3n lo ha hecho acompa\u00f1ada por su hija, q<a href=\"https:\/\/www.vanitatis.elconfidencial.com\/casas-reales\/2025-12-02\/maxima-holanda-cena-gala-surinam-estilo-old-hollywood-tiara-bandeau_4258492\/\" target=\"_self\" rel=\"nofollow noopener\">ue sigue muy de cerca su impecable sentido del estilo.<\/a> <\/p>\n","protected":false},"excerpt":{"rendered":"Es el \u00faltimo viaje de Estado del a\u00f1o para la realeza europea y en los Pa\u00edses Bajos han&hellip;\n","protected":false},"author":2,"featured_media":283983,"comment_status":"","ping_status":"","sticky":false,"template":"","format":"standard","meta":{"footnotes":""},"categories":[174],"tags":[255,146,147,25,24,256,23],"class_list":{"0":"post-283982","1":"post","2":"type-post","3":"status-publish","4":"format-standard","5":"has-post-thumbnail","7":"category-famosos","8":"tag-celebrities","9":"tag-entertainment","10":"tag-entretenimiento","11":"tag-es","12":"tag-espana","13":"tag-famosos","14":"tag-spain"},"share_on_mastodon":{"url":"https:\/\/pubeurope.com\/@es\/115704602489903461","error":""},"_links":{"self":[{"href":"https:\/\/www.europesays.com\/es\/wp-json\/wp\/v2\/posts\/283982","targetHints":{"allow":["GET"]}}],"collection":[{"href":"https:\/\/www.europesays.com\/es\/wp-json\/wp\/v2\/posts"}],"about":[{"href":"https:\/\/www.europesays.com\/es\/wp-json\/wp\/v2\/types\/post"}],"author":[{"embeddable":true,"href":"https:\/\/www.europesays.com\/es\/wp-json\/wp\/v2\/users\/2"}],"replies":[{"embeddable":true,"href":"https:\/\/www.europesays.com\/es\/wp-json\/wp\/v2\/comments?post=283982"}],"version-history":[{"count":0,"href":"https:\/\/www.europesays.com\/es\/wp-json\/wp\/v2\/posts\/283982\/revisions"}],"wp:featuredmedia":[{"embeddable":true,"href":"https:\/\/www.europesays.com\/es\/wp-json\/wp\/v2\/media\/283983"}],"wp:attachment":[{"href":"https:\/\/www.europesays.com\/es\/wp-json\/wp\/v2\/media?parent=283982"}],"wp:term":[{"taxonomy":"category","embeddable":true,"href":"https:\/\/www.europesays.com\/es\/wp-json\/wp\/v2\/categories?post=283982"},{"taxonomy":"post_tag","embeddable":true,"href":"https:\/\/www.europesays.com\/es\/wp-json\/wp\/v2\/tags?post=283982"}],"curies":[{"name":"wp","href":"https:\/\/api.w.org\/{rel}","templated":true}]}}