{"id":283996,"date":"2025-12-12T04:13:09","date_gmt":"2025-12-12T04:13:09","guid":{"rendered":"https:\/\/www.europesays.com\/es\/283996\/"},"modified":"2025-12-12T04:13:09","modified_gmt":"2025-12-12T04:13:09","slug":"jose-manuel-soto-fulmina-al-gobierno-de-pedro-sanchez-por-su-postura-ante-el-nobel-de-maria-corina-machado-son-complices-de-maduro","status":"publish","type":"post","link":"https:\/\/www.europesays.com\/es\/283996\/","title":{"rendered":"Jos\u00e9 Manuel Soto fulmina al Gobierno de Pedro S\u00e1nchez por su postura ante el Nobel de Mar\u00eda Corina Machado: \u00abSon c\u00f3mplices de Maduro\u00bb"},"content":{"rendered":"<p style=\"\"><strong>En un trayecto m\u00e1s propio de una pel\u00edcula que de la vida real<\/strong>, Mar\u00eda Corina Machado, principal opositora al r\u00e9gimen de Nicol\u00e1s Maduro en Venezuela, consigui\u00f3 salir de su pa\u00eds, cruzar el charco y <a href=\"https:\/\/www.abc.es\/internacional\/maria-corina-machado-comparece-oslo-tras-recibir-20251211091829-di.html\" data-voc-vtm-id=\"in-text-traffic\" title=\"llegar hasta Oslo\" data-mrf-link=\"www.abc.es\" rel=\"nofollow noopener\" target=\"_blank\">llegar hasta Oslo<\/a> con motivo de su <strong>premio Nobel <\/strong> &#8230; <strong>de la Paz<\/strong>.<\/p>\n<p class=\"voc-p\" style=\"\">En el fr\u00edo de la capital noruega <a href=\"https:\/\/www.abc.es\/internacional\/caluroso-abrazo-maria-corina-machado-hija-oslo-20251211093138-nt.html\" data-voc-vtm-id=\"in-text-traffic\" title=\"se vio una escena de lo m\u00e1s c\u00e1lida\" data-mrf-link=\"www.abc.es\" rel=\"nofollow noopener\" target=\"_blank\">se vio una escena de lo m\u00e1s c\u00e1lida<\/a>, un abrazo muy sentido de Mar\u00eda Corina Machado a <strong>su hija, Ana Corina Sosa<\/strong>, que fue quien <strong>recibi\u00f3 el galard\u00f3n en nombre de su madre al haberse retrasado la llegada de esta \u00faltima a Noruega<\/strong> por inclemencias meteorol\u00f3gicas.<\/p>\n<p class=\"voc-p\" style=\"\">Una <a href=\"https:\/\/www.abc.es\/internacional\/barco-madrugada-huyo-maria-corina-machado-venezuela-20251210194212-nt.html\" data-voc-vtm-id=\"in-text-traffic\" title=\"huida clandestina de Venezuela\" data-mrf-link=\"www.abc.es\" rel=\"nofollow noopener\" target=\"_blank\">huida clandestina de Venezuela<\/a> rumbo a Europa, <strong>evitando<\/strong>, de este modo, <strong>ser detenida por el r\u00e9gimen de Maduro<\/strong> gracias a una operaci\u00f3n secreta por mar y aire hacia Curazao y luego Oslo que cont\u00f3 con la colaboraci\u00f3n de Estados Unidos.<\/p>\n<p class=\"voc-p\" style=\"\">Su persistente lucha por la democracia, los derechos humanos y la paz en Venezuela han sido algunos de los principales motivos para que la opositora de Maduro fuese galardonada con el Nobel de la Paz, que se entreg\u00f3 en la noche del 10 de diciembre, como es habitual, en la capital noruega.<\/p>\n<p class=\"voc-p\" style=\"\">Un <strong>logro por el que no ha tenido felicitaci\u00f3n alguna por parte de Pedro S\u00e1nchez<\/strong>. Tampoco acudi\u00f3 ning\u00fan ministro en representaci\u00f3n del Gobierno espa\u00f1ol a la ceremonia en Oslo. En octubre, en el programa de la Cadena Ser &#8216;Hoy por Hoy&#8217;, S\u00e1nchez fue escueto sobre el Nobel de la Paz de Machado. \u00abNo me pronuncio sobre los premios Nobel\u00bb y \u00abno entro a valorar si es justo o no\u00bb fueron algunas de sus declaraciones. <a href=\"https:\/\/www.abc.es\/espana\/gobierno-queda-mudo-vincula-machado-vox-20251010153646-nt.html\" data-voc-vtm-id=\"in-text-traffic\" title=\"ABC ya explic\u00f3 que desde el Gobierno se ve\u00eda a Mar\u00eda Corina Machado muy pr\u00f3xima a Vox\" data-mrf-link=\"www.abc.es\" rel=\"nofollow noopener\" target=\"_blank\">ABC ya explic\u00f3 que desde el Gobierno se ve\u00eda a Mar\u00eda Corina Machado muy pr\u00f3xima a Vox<\/a>, de ah\u00ed su silencio.<\/p>\n<p class=\"voc-p\" style=\"\">Lo cierto es que, <a href=\"https:\/\/www.abc.es\/espana\/pronuncio-sobre-nobel-mensajes-demuestran-pedro-sanchez-20251014103321-nt.html\" data-voc-vtm-id=\"in-text-traffic\" title=\"en otras ocasiones, S\u00e1nchez s\u00ed felicit\u00f3 a los ganadores\" data-mrf-link=\"www.abc.es\" rel=\"nofollow noopener\" target=\"_blank\">en otras ocasiones, S\u00e1nchez s\u00ed felicit\u00f3 a los ganadores<\/a>. Esto mismo lo <strong>ha querido afear una voz muy cr\u00edtica con el Gobierno como es Jos\u00e9 Manuel Soto<\/strong>, conocido cantante espa\u00f1ol que recurre con cierta frecuencia a sus redes sociales para arremeter contra el l\u00edder socialista.<\/p>\n<p>\nLa cr\u00edtica de Jos\u00e9 Manuel Soto al Gobierno\n<\/p>\n<p class=\"voc-p\" style=\"\">Soto record\u00f3 la ausencia de mensajes de felicitaci\u00f3n de S\u00e1nchez, algo que ya ocurri\u00f3 tambi\u00e9n en el mes de octubre, cuando se conoci\u00f3 el fallo del premio Nobel de la Paz. El artista tambi\u00e9n aprovech\u00f3 para criticar que el Gobierno no enviara representaci\u00f3n alguna a Oslo.<\/p>\n<p class=\"voc-p\" style=\"\">Eso s\u00ed, Jos\u00e9 Manuel Soto no se qued\u00f3 solo ah\u00ed. \u00ab<strong>Est\u00e1n del lado de la narcodictadura que ha obligado a ocho millones de venezolanos a exhiliarse<\/strong>\u00bb, en referencia, clararamente, al r\u00e9gimen de Nicol\u00e1s Maduro.<\/p>\n<blockquote class=\"twitter-tweet\" data-dnt=\"true\" align=\"center\">\n<p lang=\"es\" dir=\"ltr\">El Gobierno espa\u00f1ol no ha felicitado a <a href=\"https:\/\/twitter.com\/MariaCorinaYA?ref_src=twsrc%5Etfw\" rel=\"nofollow noopener\" target=\"_blank\">@MariaCorinaYA<\/a> por el <a href=\"https:\/\/twitter.com\/hashtag\/NobelDeLaPaz?src=hash&amp;ref_src=twsrc%5Etfw\" rel=\"nofollow noopener\" target=\"_blank\">#NobelDeLaPaz<\/a> y no manda ning\u00fan representante a Oslo para mostrar su apoyo, est\u00e1n del lado de la narcodictadura q ha obligado a 8 millones de venezolanos a exhiliarse. Son c\u00f3mplices de <a href=\"https:\/\/twitter.com\/NicolasMaduro?ref_src=twsrc%5Etfw\" rel=\"nofollow noopener\" target=\"_blank\">@NicolasMaduro<\/a><\/p>\n<p>\u2014 Jose Manuel Soto (@JOSEMANUELSOTO1) <a href=\"https:\/\/twitter.com\/JOSEMANUELSOTO1\/status\/1998837013756236072?ref_src=twsrc%5Etfw\" rel=\"nofollow noopener\" target=\"_blank\">December 10, 2025<\/a><\/p><\/blockquote>\n<p class=\"voc-p\" style=\"\">El silencio de Moncloa contrasta con la postura de Feij\u00f3o, que s\u00ed felicit\u00f3 a Mar\u00eda Corina Machado cuando se dio a conocer el galard\u00f3n, as\u00ed como ha declarado en las \u00faltimas semanas que el Gobierno \u00abest\u00e1 m\u00e1s identificado con Maduro que con Mar\u00eda Corina Machado\u00bb, cuesti\u00f3n a la que tambi\u00e9n hace alusi\u00f3n Jos\u00e9 Manuel Soto en su publicaci\u00f3n en &#8216;X&#8217;: \u00ab<strong>Son c\u00f3mplices de Nicol\u00e1s Maduro<\/strong>\u00bb, concluye el cantante.<\/p>\n<p><script async src=\"https:\/\/platform.twitter.com\/widgets.js\" charset=\"utf-8\"><\/script><\/p>\n","protected":false},"excerpt":{"rendered":"En un trayecto m\u00e1s propio de una pel\u00edcula que de la vida real, Mar\u00eda Corina Machado, principal opositora&hellip;\n","protected":false},"author":2,"featured_media":283997,"comment_status":"","ping_status":"","sticky":false,"template":"","format":"standard","meta":{"footnotes":""},"categories":[42],"tags":[1575,17,18,9063,35106,13,14,29987,582,11,61,62,63,64,2467,19,20,11576,6413,841,1932,9,35262,10,15,16,1822,37066,199,27222,12,21,22,65,66,67],"class_list":{"0":"post-283996","1":"post","2":"type-post","3":"status-publish","4":"format-standard","5":"has-post-thumbnail","7":"category-internacional","8":"tag-ante","9":"tag-breaking-news","10":"tag-breakingnews","11":"tag-complices","12":"tag-corina","13":"tag-featured-news","14":"tag-featurednews","15":"tag-fulmina","16":"tag-gobierno","17":"tag-headlines","18":"tag-internacional","19":"tag-international","20":"tag-international-news","21":"tag-internationalnews","22":"tag-jose","23":"tag-latest-news","24":"tag-latestnews","25":"tag-machado","26":"tag-maduro","27":"tag-manuel","28":"tag-maria","29":"tag-news","30":"tag-nobel","31":"tag-noticias","32":"tag-noticias-destacadas","33":"tag-noticiasdestacadas","34":"tag-pedro","35":"tag-postura","36":"tag-sanchez","37":"tag-soto","38":"tag-titulares","39":"tag-ultimas-noticias","40":"tag-ultimasnoticias","41":"tag-world","42":"tag-world-news","43":"tag-worldnews"},"share_on_mastodon":{"url":"","error":"Validation failed: Text character limit of 500 exceeded"},"_links":{"self":[{"href":"https:\/\/www.europesays.com\/es\/wp-json\/wp\/v2\/posts\/283996","targetHints":{"allow":["GET"]}}],"collection":[{"href":"https:\/\/www.europesays.com\/es\/wp-json\/wp\/v2\/posts"}],"about":[{"href":"https:\/\/www.europesays.com\/es\/wp-json\/wp\/v2\/types\/post"}],"author":[{"embeddable":true,"href":"https:\/\/www.europesays.com\/es\/wp-json\/wp\/v2\/users\/2"}],"replies":[{"embeddable":true,"href":"https:\/\/www.europesays.com\/es\/wp-json\/wp\/v2\/comments?post=283996"}],"version-history":[{"count":0,"href":"https:\/\/www.europesays.com\/es\/wp-json\/wp\/v2\/posts\/283996\/revisions"}],"wp:featuredmedia":[{"embeddable":true,"href":"https:\/\/www.europesays.com\/es\/wp-json\/wp\/v2\/media\/283997"}],"wp:attachment":[{"href":"https:\/\/www.europesays.com\/es\/wp-json\/wp\/v2\/media?parent=283996"}],"wp:term":[{"taxonomy":"category","embeddable":true,"href":"https:\/\/www.europesays.com\/es\/wp-json\/wp\/v2\/categories?post=283996"},{"taxonomy":"post_tag","embeddable":true,"href":"https:\/\/www.europesays.com\/es\/wp-json\/wp\/v2\/tags?post=283996"}],"curies":[{"name":"wp","href":"https:\/\/api.w.org\/{rel}","templated":true}]}}