{"id":283998,"date":"2025-12-12T04:14:09","date_gmt":"2025-12-12T04:14:09","guid":{"rendered":"https:\/\/www.europesays.com\/es\/283998\/"},"modified":"2025-12-12T04:14:09","modified_gmt":"2025-12-12T04:14:09","slug":"madrid-confirma-la-presencia-de-gripe-aviar-de-alta-patogenicidad-y-el-delegado-del-gobierno-ofrece-apoyo-logistico","status":"publish","type":"post","link":"https:\/\/www.europesays.com\/es\/283998\/","title":{"rendered":"Madrid confirma la presencia de gripe aviar de alta patogenicidad y el delegado del Gobierno ofrece \u00abapoyo log\u00edstico\u00bb"},"content":{"rendered":"<p class=\"L6-news-detail__text\">El Laboratorio Central de Veterinaria, dependiente del Ministerio de Agricultura, Pesca y Medio Ambiente, ha confirmado este jueves la presencia de <b>gripe aviar de alta patogenicidad<\/b><b><a title=\"en los ejemplares de cig\u00fce\u00f1a que a finales de la semana pasada aparecieron muertos\" href=\"https:\/\/www.lasexta.com\/noticias\/sociedad\/alarma-gripe-aviar-crece-madrid-mas-400-aves-muertas-vecinos-preocupados-contaminacion-manzanares_2025121069399b5b6f86fb0fe9efbd10.html\" target=\"_blank\" rel=\"nofollow noopener\">en los ejemplares de cig\u00fce\u00f1a que a finales de la semana pasada aparecieron muertos<\/a><\/b> en las inmediaciones del r\u00edo Manzanares a su paso por Perales del R\u00edo y La Mara\u00f1ona, en el t\u00e9rmino municipal de Getafe.<\/p>\n<p class=\"L6-news-detail__text\">El laboratorio ha se\u00f1alado que existen <b>otros tres focos detectados en las localidades de Boadilla del Monte, Arganda del Rey y Rivas-Vaciamadrid<\/b>, seg\u00fan ha informado la Consejer\u00eda de Medio Ambiente, Agricultura e Interior de la Comunidad de Madrid en un comunicado al que ha tenido acceso Europa Press, donde apuntan a que estas aves provienen del norte de Europa rumbo a Espa\u00f1a y \u00c1frica en busca de temperaturas m\u00e1s c\u00e1lidas.<\/p>\n<p class=\"L6-news-detail__text\">\u00abMuchas de ellas llegan con el virus de la gripe aviar, por lo que se producen fallecimientos en los diferentes municipios donde recalan\u00bb, han apuntado desde la Consejer\u00eda, que apunta que en la regi\u00f3n estas zonas suelen ser humedales del sureste. Adem\u00e1s, subrayan que <b>las detecciones de este virus se han \u00abdisparado\u00bb en 26 pa\u00edses europeos <\/b>en las \u00faltimas semanas.<\/p>\n<p class=\"L6-news-detail__text\">El consejero de Medio Ambiente, Agricultura e Interior, Carlos Novillo, ha aclarado que por el momento tan solo se ha detectado el virus en \u00abaves silvestres\u00bb y que <b>\u00abno hay ninguna explotaci\u00f3n av\u00edcola afectada en la regi\u00f3n\u00bb<\/b>. \u00abNos alegramos de que esas medidas de contenci\u00f3n que tenemos en toda Espa\u00f1a y que estamos coordinado con el Ministerio est\u00e9n funcionando\u00bb, ha a\u00f1adido.<\/p>\n<p class=\"L6-news-detail__text\">Esta enfermedad es una viarante de la gripe A que se contagia principalmente a trav\u00e9s de las mucosas y tiene un efecto en los humanos similar a la gripe estacional. Sin embargo, a\u00fan no se han constatado casos de transferencia por contacto directo en Europa, y <b>tampoco se puede adquirir por consumo de carne, huevos o derivados<\/b>.<\/p>\n<p class=\"L6-news-detail__text\">Ahora, la Consejer\u00eda ha comunicado la situaci\u00f3n a la Red de Alerta Sanitaria Veterinaria (RASVE) y a los municipios de la zona, a quienes ha remitido una carta explicando la situaci\u00f3n y ofreciendo una serie de recomendaciones que, recuerdan, ya se llevan a cabo en otras zonas desde que a finales de septiembre se tuviera conocimiento de brotes de gripe aviar en algunos puntos de la regi\u00f3n.<\/p>\n<p class=\"L6-news-detail__text\">Estas medidas espec\u00edficas afectan a Alcorc\u00f3n, Arganda del Rey, Boadilla del Monte, Campo Real, Getafe, Legan\u00e9s, Loeches, el sur de Madrid capital, Majadahonda, Mejorada del Campo, Morata de Taju\u00f1a, M\u00f3stoles, Pinto, Pozuelo de Alarc\u00f3n, Rivas-Vaciamadrid, San Mart\u00edn de la Vega, Velilla de San Antonio y Villaviciosa de Od\u00f3n.<\/p>\n<p class=\"L6-news-detail__text\">Entre estas medidas destaca la<b> prohibici\u00f3n de la cr\u00eda de aves al aire libre<\/b> y se solicita que las explotaciones no comerciales o familiares est\u00e9n convenientemente registradas. La Comunidad de Madrid ha se\u00f1alado que tambi\u00e9n colaborar\u00e1 con los ayuntamientos para aplicar medidas preventivas en aves de parques y jardines.<\/p>\n<p class=\"L6-news-detail__text\">La Agencia de Seguridad y Emergencias Madrid 112 (ASEM112) ha hecho un llamamiento a la poblaci\u00f3n de la Comunidad de Madrid para que, en caso de encontrarse un animal enfermo o muerto, no se aproximen ni lo toquen. En su lugar, <b>deben avisar a los servicios de emergencia a trav\u00e9s del 112<\/b>.<\/p>\n<p>La Delegaci\u00f3n ofrece apoyo log\u00edstico<\/p>\n<p class=\"L6-news-detail__text\">El delegado del Gobierno en la Comunidad de Madrid, Francisco Mart\u00edn, ha remitido una carta a la consejer\u00eda de Medio Ambiente <b>para ponerse a su disposici\u00f3n y proveer de apoyo log\u00edstico en el proceso de eliminaci\u00f3n de los restos de estos animales<\/b> en territorio madrile\u00f1o, as\u00ed como de cualquier otras medidas que se consideren preciso, seg\u00fan ha sabido laSexta.<\/p>\n<p class=\"L6-news-detail__text\">\u00abIgualmente, y para futuras declaraciones de esta enfermedad animal, el delegado<b> ha se\u00f1alado la necesidad de establecer v\u00edas de comunicaci\u00f3n y coordinaci\u00f3n <\/b>de manera que se solventara el destino de los animales detectados, positivos o no, para que la exposici\u00f3n a los ciudadanos de estos ejemplares potencialmente transmisores de IAAP disminuya\u00bb, agregan.<\/p>\n<p class=\"L6-news-detail__text\">En la carta, adem\u00e1s, \u00abse insiste en que, como ya se ha se\u00f1alado desde el Ministerio de Agricultura, Pesca y Alimentaci\u00f3n, las comunidades aut\u00f3nomas, que tienen las competencias en sanidad animal, pueden tomar las medidas complementarias a las que se vienen aplicando desde el pasado mes de noviembre para reforzar la protecci\u00f3n contra esta enfermedad\u00bb.<\/p>\n<p class=\"L6-news-detail__text\"><b><a title=\"*Sigue a laSexta en Google. Toda la actualidad y el mejor contenido aqu\u00ed.\" href=\"https:\/\/profile.google.com\/cp\/CgkvbS8wZG5xejA\" target=\"_blank\" rel=\"nofollow noopener\">*Sigue a laSexta en Google. Toda la actualidad y el mejor contenido aqu\u00ed.<\/a><\/b><\/p>\n<p class=\"L6-support-news-video__title\">Caso sin relaci\u00f3n con Leire D\u00edez<\/p>\n<p>            <a href=\"https:\/\/www.lasexta.com\/noticias\/nacional\/palanca-dos-detenidos-aerolinea-rescatada-claves-caso-plus-ultra-presunto-blanqueo-capitales_20251211693b2906af09df50108414f3.html\" class=\"L6-news__link\" rel=\"nofollow noopener\" target=\"_blank\"><br \/>\n                Una palanca, dos detenidos y una aerol\u00ednea rescatada: las claves del caso Plus Ultra por presunto blanqueo de capitales<\/p>\n<p class=\"recirculation-video-desc\">\u00bfPor qu\u00e9 es importante? La operaci\u00f3n est\u00e1 dirigida por la Fiscal\u00eda Anticorrupci\u00f3n, en este caso con la titular del Juzgado de Instrucci\u00f3n n\u00famero 15 de Madrid, Esperanza Collazos. Esta es la misma jueza que ya investig\u00f3 el rescate de Plus Ultra a ra\u00edz de una querella que presentaron el PP, Vox y Manos Limpias, que se archiv\u00f3 en el 2023.<\/p>\n<p>            <\/a><\/p>\n","protected":false},"excerpt":{"rendered":"El Laboratorio Central de Veterinaria, dependiente del Ministerio de Agricultura, Pesca y Medio Ambiente, ha confirmado este jueves&hellip;\n","protected":false},"author":2,"featured_media":283999,"comment_status":"","ping_status":"","sticky":false,"template":"","format":"standard","meta":{"footnotes":""},"categories":[8],"tags":[17,18,25,24,13,14,11,19,20,9,10,15,16,23,12,21,22],"class_list":{"0":"post-283998","1":"post","2":"type-post","3":"status-publish","4":"format-standard","5":"has-post-thumbnail","7":"category-espana","8":"tag-breaking-news","9":"tag-breakingnews","10":"tag-es","11":"tag-espana","12":"tag-featured-news","13":"tag-featurednews","14":"tag-headlines","15":"tag-latest-news","16":"tag-latestnews","17":"tag-news","18":"tag-noticias","19":"tag-noticias-destacadas","20":"tag-noticiasdestacadas","21":"tag-spain","22":"tag-titulares","23":"tag-ultimas-noticias","24":"tag-ultimasnoticias"},"share_on_mastodon":{"url":"https:\/\/pubeurope.com\/@es\/115704657727664186","error":""},"_links":{"self":[{"href":"https:\/\/www.europesays.com\/es\/wp-json\/wp\/v2\/posts\/283998","targetHints":{"allow":["GET"]}}],"collection":[{"href":"https:\/\/www.europesays.com\/es\/wp-json\/wp\/v2\/posts"}],"about":[{"href":"https:\/\/www.europesays.com\/es\/wp-json\/wp\/v2\/types\/post"}],"author":[{"embeddable":true,"href":"https:\/\/www.europesays.com\/es\/wp-json\/wp\/v2\/users\/2"}],"replies":[{"embeddable":true,"href":"https:\/\/www.europesays.com\/es\/wp-json\/wp\/v2\/comments?post=283998"}],"version-history":[{"count":0,"href":"https:\/\/www.europesays.com\/es\/wp-json\/wp\/v2\/posts\/283998\/revisions"}],"wp:featuredmedia":[{"embeddable":true,"href":"https:\/\/www.europesays.com\/es\/wp-json\/wp\/v2\/media\/283999"}],"wp:attachment":[{"href":"https:\/\/www.europesays.com\/es\/wp-json\/wp\/v2\/media?parent=283998"}],"wp:term":[{"taxonomy":"category","embeddable":true,"href":"https:\/\/www.europesays.com\/es\/wp-json\/wp\/v2\/categories?post=283998"},{"taxonomy":"post_tag","embeddable":true,"href":"https:\/\/www.europesays.com\/es\/wp-json\/wp\/v2\/tags?post=283998"}],"curies":[{"name":"wp","href":"https:\/\/api.w.org\/{rel}","templated":true}]}}