{"id":284000,"date":"2025-12-12T04:15:23","date_gmt":"2025-12-12T04:15:23","guid":{"rendered":"https:\/\/www.europesays.com\/es\/284000\/"},"modified":"2025-12-12T04:15:23","modified_gmt":"2025-12-12T04:15:23","slug":"laporta-ante-la-jueza-por-el-caso-negreira","status":"publish","type":"post","link":"https:\/\/www.europesays.com\/es\/284000\/","title":{"rendered":"Laporta, ante la jueza por el Caso Negreira"},"content":{"rendered":"<p data-mrf-recirculation=\"Links P\u00e1rrafos\" class=\"ue-c-article__paragraph paragraph ue-c-article--first-letter-highlighted\">El proceso del <strong>Caso Negreira<\/strong> sigue su curso casi tres a\u00f1os despu\u00e9s de que se desvelaran los pagos del Barcelona al exvicepresidente del CTA por, supuestamente, una serie de informes arbitrales. <strong>La jueza contin\u00faa con la b\u00fasqueda de informaci\u00f3n y testimonios con el fin de esclarecer todos los hechos<\/strong>. Hasta el momento, han aparecido una serie de informes arbitrales, pero no se tiene certeza de que el pago de 7,2 millones de euros fuera por ellos.<\/p>\n<p data-mrf-recirculation=\"Links P\u00e1rrafos\" class=\"ue-c-article__paragraph paragraph\">Este viernes habr\u00e1 tres importantes comparecencias ante la jueza que instruye el caso. Por una parte,<strong> Joan Laporta, presidente del Barcelona, declarar\u00e1 sobre estos pagos<\/strong>. Hay que tener en cuenta que una buena parte de los mismos se produjo durante la primera etapa de Laporta como presidente del club, siguiendo lo que hab\u00eda hecho Joan Gaspart con anterioridad.<\/p>\n<p><img decoding=\"async\" width=\"1890\" height=\"1320\" class=\"ue-c-article__image lazyload\" alt=\"Luis Enrique y Valverde se saludan antes del Athletic-PSG de este mi\u00e9rcoles.\" loading=\"lazy\" src=\"https:\/\/www.europesays.com\/es\/wp-content\/uploads\/2025\/12\/693af1891b748.jpeg\"\/><\/p>\n<p>Luis Enrique y Valverde se saludan antes del Athletic-PSG de este mi\u00e9rcoles.LAPRESSE<\/p>\n<p data-mrf-recirculation=\"Links P\u00e1rrafos\" class=\"ue-c-article__paragraph paragraph\">En un principio, Laporta estuvo imputado en este caso, pero, despu\u00e9s de las alegaciones de sus abogados, se le retir\u00f3 dicha imputaci\u00f3n, ya que <strong>los hechos acontecidos durante su mandato ya hab\u00edan prescrito<\/strong>. Sandro Rosell y Josep Maria Bartomeu, ambos expresidentes, s\u00ed est\u00e1n imputados. Laporta comparece como testigo.<\/p>\n<p data-mrf-recirculation=\"Links P\u00e1rrafos\" class=\"ue-c-article__paragraph paragraph\">Laporta ser\u00e1 el tercero en declarar en la ma\u00f1ana de este viernes. Con anterioridad lo har\u00e1n los dos exentrenadores del primer equipo,<strong> Ernesto Valverde y Luis Enrique, que actualmente dirigen al Athletic Club y al PSG<\/strong>, respectivamente. El motivo de esta declaraci\u00f3n es saber si en alg\u00fan momento estos entrenadores tuvieron conocimiento de los informes arbitrales por los que se estaban pagando estas cifras millonarias.<\/p>\n<p data-mrf-recirculation=\"Links P\u00e1rrafos\" class=\"ue-c-article__paragraph paragraph\">Est\u00e1 previsto que los dos entrenadores hagan<strong> su declaraci\u00f3n a trav\u00e9s de videoconferencia, <\/strong>ya que, por su trabajo al frente de sus equipos, no pueden desplazarse a Barcelona. Quien s\u00ed acudir\u00e1 a la Ciudad de la Justicia ser\u00e1 el presidente Joan Laporta.<\/p>\n","protected":false},"excerpt":{"rendered":"El proceso del Caso Negreira sigue su curso casi tres a\u00f1os despu\u00e9s de que se desvelaran los pagos&hellip;\n","protected":false},"author":2,"featured_media":284001,"comment_status":"","ping_status":"","sticky":false,"template":"","format":"standard","meta":{"footnotes":""},"categories":[5],"tags":[17,18,25,24,13,14,11,19,20,9,10,15,16,23,12,21,22],"class_list":{"0":"post-284000","1":"post","2":"type-post","3":"status-publish","4":"format-standard","5":"has-post-thumbnail","7":"category-titulares","8":"tag-breaking-news","9":"tag-breakingnews","10":"tag-es","11":"tag-espana","12":"tag-featured-news","13":"tag-featurednews","14":"tag-headlines","15":"tag-latest-news","16":"tag-latestnews","17":"tag-news","18":"tag-noticias","19":"tag-noticias-destacadas","20":"tag-noticiasdestacadas","21":"tag-spain","22":"tag-titulares","23":"tag-ultimas-noticias","24":"tag-ultimasnoticias"},"share_on_mastodon":{"url":"https:\/\/pubeurope.com\/@es\/115704661833614432","error":""},"_links":{"self":[{"href":"https:\/\/www.europesays.com\/es\/wp-json\/wp\/v2\/posts\/284000","targetHints":{"allow":["GET"]}}],"collection":[{"href":"https:\/\/www.europesays.com\/es\/wp-json\/wp\/v2\/posts"}],"about":[{"href":"https:\/\/www.europesays.com\/es\/wp-json\/wp\/v2\/types\/post"}],"author":[{"embeddable":true,"href":"https:\/\/www.europesays.com\/es\/wp-json\/wp\/v2\/users\/2"}],"replies":[{"embeddable":true,"href":"https:\/\/www.europesays.com\/es\/wp-json\/wp\/v2\/comments?post=284000"}],"version-history":[{"count":0,"href":"https:\/\/www.europesays.com\/es\/wp-json\/wp\/v2\/posts\/284000\/revisions"}],"wp:featuredmedia":[{"embeddable":true,"href":"https:\/\/www.europesays.com\/es\/wp-json\/wp\/v2\/media\/284001"}],"wp:attachment":[{"href":"https:\/\/www.europesays.com\/es\/wp-json\/wp\/v2\/media?parent=284000"}],"wp:term":[{"taxonomy":"category","embeddable":true,"href":"https:\/\/www.europesays.com\/es\/wp-json\/wp\/v2\/categories?post=284000"},{"taxonomy":"post_tag","embeddable":true,"href":"https:\/\/www.europesays.com\/es\/wp-json\/wp\/v2\/tags?post=284000"}],"curies":[{"name":"wp","href":"https:\/\/api.w.org\/{rel}","templated":true}]}}