{"id":284006,"date":"2025-12-12T04:25:10","date_gmt":"2025-12-12T04:25:10","guid":{"rendered":"https:\/\/www.europesays.com\/es\/284006\/"},"modified":"2025-12-12T04:25:10","modified_gmt":"2025-12-12T04:25:10","slug":"dragan-rosic-el-portero-al-que-sigue-el-granada-en-un-momento-dulce","status":"publish","type":"post","link":"https:\/\/www.europesays.com\/es\/284006\/","title":{"rendered":"Dragan Rosic, el portero al que sigue el Granada, en un momento dulce"},"content":{"rendered":"<p>El traspaso de Theo Corbeanu, tras ejercer el Toronto FC la opci\u00f3n de compra por valor de un mill\u00f3n de euros, gener\u00f3 un ligero margen  &#8230; de maniobra para el Granada en materia de fichajes de cara al mercado invernal. Pese a que durante muchos meses parec\u00eda que la m\u00e1xima necesidad rojiblanca era un delantero, la prioridad en las circunstancias actuales es la incorporaci\u00f3n de un portero. En este cap\u00edtulo, sigue subrayado el nombre de Dragan Rosic, cancerbero serbio de 29 a\u00f1os que comparte vestuario en la Vojvodina con el exrojiblanco Njegos Petrovic. <\/p>\n<p class=\"v-p\">Rosic atraviesa un gran momento de forma. De hecho, viene de dejar su porter\u00eda a cero en un partido crucial ante el Estrella Roja fuera de casa. Un 0-1 con una gran actuaci\u00f3n del meta, con pasado en Espa\u00f1a, pues pas\u00f3 por el Celta B, el Almer\u00eda, el Fuenlabrada y el Albacete.<\/p>\n<p class=\"v-p\">Ahora, con m\u00e1s experiencia y una reciente estancia con la selecci\u00f3n de su pa\u00eds, se siente preparado para regresar. Dej\u00f3 su marco impoluto en tres de los \u00faltimos cuatro encuentros en su competici\u00f3n. Su equipo es tercero, a cinco puntos del Estrella Roja. <\/p>\n<p class=\"v-p\">La participaci\u00f3n de Luca Zidane en la Copa de \u00c1frica con Argelia y las dudas con la situaci\u00f3n f\u00edsica de Ander Astralaga impulsan este movimiento. Seg\u00fan fuentes conocedoras de este inter\u00e9s, se barajar\u00eda un traspaso incluso. <\/p>\n<p class=\"v-p\">El Granada, mientras tanto, est\u00e1 a la espera de ver qu\u00e9 sucede con Martin Hongla, ahora lesionado, pero desde hace semanas en el ostracismo. Mantiene el salario m\u00e1s alto de la plantilla y no ser\u00e1 sencillo encontrarle un acomodo. Un pr\u00e9stamo ahorrar\u00eda sus emolumentos. Un hipot\u00e9tico traspaso tendr\u00eda que tener en cuenta la amortizaci\u00f3n de su fichaje previo pendiente de cubrir, en torno a 1,2 millones de euros. <\/p>\n<p class=\"v-p\">Si saliera Hongla, el panorama rojiblanco a la hora de incorporaciones variar\u00eda. La entidad tratar\u00eda de cubrir el vac\u00edo del camerun\u00e9s con otro mediocentro, pero a la vez buscar\u00eda posibilidades ofensivas y defensivas. Un delantero que complete a la pareja formada por Pascual y Bouldini, m\u00e1s un defensa que permita doblar realmente todas las posiciones atr\u00e1s \u2013donde Oscar y Hormigo aportan polivalencia al jugar tanto de centrales como de laterales\u2013, supondr\u00edan otras mejoras pretendidas. <\/p>\n<p class=\"v-p\">En paralelo, est\u00e1n las salidas no deseadas. Pendiente de ver la deriva del &#8216;culebr\u00f3n&#8217; Pablo S\u00e1enz, tampoco se pueden descartar intentonas por alguno de sus j\u00f3venes talentos. Por Luca Zidane de momento no asoma nada. <\/p>\n","protected":false},"excerpt":{"rendered":"El traspaso de Theo Corbeanu, tras ejercer el Toronto FC la opci\u00f3n de compra por valor de un&hellip;\n","protected":false},"author":2,"featured_media":284007,"comment_status":"","ping_status":"","sticky":false,"template":"","format":"standard","meta":{"footnotes":""},"categories":[268],"tags":[168,68627,25230,25,24,280,282,494,2812,620,68628,1262,281,23,167],"class_list":{"0":"post-284006","1":"post","2":"type-post","3":"status-publish","4":"format-standard","5":"has-post-thumbnail","7":"category-futbol","8":"tag-deportes","9":"tag-dragan","10":"tag-dulce","11":"tag-es","12":"tag-espana","13":"tag-football","14":"tag-futbol","15":"tag-granada","16":"tag-momento","17":"tag-portero","18":"tag-rosic","19":"tag-sigue","20":"tag-soccer","21":"tag-spain","22":"tag-sports"},"share_on_mastodon":{"url":"https:\/\/pubeurope.com\/@es\/115704700829727415","error":""},"_links":{"self":[{"href":"https:\/\/www.europesays.com\/es\/wp-json\/wp\/v2\/posts\/284006","targetHints":{"allow":["GET"]}}],"collection":[{"href":"https:\/\/www.europesays.com\/es\/wp-json\/wp\/v2\/posts"}],"about":[{"href":"https:\/\/www.europesays.com\/es\/wp-json\/wp\/v2\/types\/post"}],"author":[{"embeddable":true,"href":"https:\/\/www.europesays.com\/es\/wp-json\/wp\/v2\/users\/2"}],"replies":[{"embeddable":true,"href":"https:\/\/www.europesays.com\/es\/wp-json\/wp\/v2\/comments?post=284006"}],"version-history":[{"count":0,"href":"https:\/\/www.europesays.com\/es\/wp-json\/wp\/v2\/posts\/284006\/revisions"}],"wp:featuredmedia":[{"embeddable":true,"href":"https:\/\/www.europesays.com\/es\/wp-json\/wp\/v2\/media\/284007"}],"wp:attachment":[{"href":"https:\/\/www.europesays.com\/es\/wp-json\/wp\/v2\/media?parent=284006"}],"wp:term":[{"taxonomy":"category","embeddable":true,"href":"https:\/\/www.europesays.com\/es\/wp-json\/wp\/v2\/categories?post=284006"},{"taxonomy":"post_tag","embeddable":true,"href":"https:\/\/www.europesays.com\/es\/wp-json\/wp\/v2\/tags?post=284006"}],"curies":[{"name":"wp","href":"https:\/\/api.w.org\/{rel}","templated":true}]}}