{"id":284016,"date":"2025-12-12T04:34:22","date_gmt":"2025-12-12T04:34:22","guid":{"rendered":"https:\/\/www.europesays.com\/es\/284016\/"},"modified":"2025-12-12T04:34:22","modified_gmt":"2025-12-12T04:34:22","slug":"el-sevilla-fc-responde-a-la-indignante-propuesta-de-sancion-de-cierre-por-un-mes-del-sanchez-pizjuan","status":"publish","type":"post","link":"https:\/\/www.europesays.com\/es\/284016\/","title":{"rendered":"El Sevilla FC responde a la \u00abindignante propuesta de sanci\u00f3n\u00bb de cierre por un mes del S\u00e1nchez-Pizju\u00e1n"},"content":{"rendered":"<p style=\"\">El <strong>Sevilla FC<\/strong> no ha tardado en responder a la propuesta de sanci\u00f3n por un mes de todo su estadio, el <strong>Ram\u00f3n S\u00e1nchez-Pizju\u00e1n<\/strong>, tras los incidentes del derbi del pasado 30 de noviembre. Lo ha hecho mediante una dura nota  en sus  &#8230; medios, donde destaca que no se proceder\u00e1 al cierre durante este mismo fin de semana ante el <strong>Oviedo<\/strong> al no ser una orden ejecutiva, esperando que los recursos que presentar\u00e1 en pr\u00f3ximas fechas aplaquen ese deseo de los organismos gubernamentales por cerrar su estadio. <\/p>\n<p class=\"voc-p\" style=\"\">\u00abEl Sevilla F\u00fatbol Club desea mostrar su <strong>sorpresa y su m\u00e1s absoluta indignaci\u00f3n<\/strong> tras conocer, por los medios, ya que no ha recibido notificaci\u00f3n oficial, la propuesta de sanci\u00f3n realizada por la Comisi\u00f3n Estatal de Antiviolencia este jueves, consistente en el cierre total del estadio Ram\u00f3n S\u00e1nchez-Pizju\u00e1n por un mes y una multa de 120.000 euros tras los incidentes ocurridos en el derbi. El club considera dicha propuesta de sanci\u00f3n totalmente desproporcionada, carente de cualquier m\u00ednimo fundamento y constituyente de un nuevo y <strong>clamoroso agravio comparativo<\/strong>, a tenor de lo sucedido en otros estadios, con episodios similares o incluso m\u00e1s graves, y las medidas adoptadas entonces. Un agravio que, como en ocasiones anteriores, supone una forma cruel de injusticia, sin justificaci\u00f3n objetiva, generando una discriminaci\u00f3n intolerable y castigando a toda una afici\u00f3n soberana que acudi\u00f3 al estadio\u00bb, comenz\u00f3.<\/p>\n<p class=\"voc-p\" style=\"\">\u00abEl Sevilla FC, como no puede ser de otra forma, ha decidido <strong>encargar a sus servicios jur\u00eddicos el an\u00e1lisis en profundidad del contenido de la propuesta de sanci\u00f3n<\/strong>, ya que se siente agraviado por la decisi\u00f3n de esta Comisi\u00f3n, teniendo en cuenta el castigo que propusieron imponer a episodios similares o m\u00e1s graves en otros estadios del territorio nacional. El Sevilla FC, como ya expres\u00f3 en un comunicado inmediatamente posterior al derbi, <strong>condena cualquier actitud y acci\u00f3n que implique el lanzamiento de objetos al terreno de juego y que suponga alguna amenaza al desarrollo normal del juego o a la integridad de los jugadores<\/strong>. El club, adem\u00e1s, se caracteriza por desarrollar, implementar y comunicar insistentemente todo tipo de acciones destinadas a combatir y erradicar cualquier tipo de violencia en el f\u00fatbol, con una pol\u00edtica de tolerancia cero ante comportamientos inapropiados, promoviendo el respeto y la convivencia a trav\u00e9s de campa\u00f1as y cumpliendo la normativa nacional en todo momento\u00bb, continuaba. <\/p>\n<p class=\"voc-p\" style=\"\">\u00abEl Sevilla FC colabora y colaborar\u00e1 estrechamente con las autoridades policiales y gubernativas, participando activamente en cualquier iniciativa bajo una actitud diligente, comprometida, responsable y profundamente colaborativa. Tras el lanzamiento de algunos objetos durante el tramo final del partido ante el Real Betis, el Sevilla FC <strong>se mostr\u00f3 absolutamente colaborador con la Polic\u00eda para la identificaci\u00f3n de los sujetos autores de los lanzamientos, advirtiendo de que, como siempre, aplicar\u00e1 a los mismos el reglamento disciplinario interno<\/strong>, con independencia de otro tipo de sanciones que se puedan derivar. Para que no haya ning\u00fan tipo de duda, el Sevilla FC reitera su absoluta y total condena a cualquier actividad violenta en el \u00e1mbito del f\u00fatbol, as\u00ed como su firme voluntad de seguir colaborando activamente con las autoridades policiales, de tal manera que \u00fanicamente el club es el que est\u00e1 identificando y propondr\u00e1 para sanci\u00f3n a tres de las personas que lanzaron objetos al terreno de juego\u00bb, relataban.<\/p>\n<p class=\"voc-p\" style=\"\">\u00abPor todo lo expuesto,<strong> el Sevilla FC considera que de ninguna de las maneras se pueden generalizar conductas de unos pocos individuos que son perfectamente individualizables<\/strong> y, por tanto, imputables a personas concretas y no a sectores, estadios o aficiones, declarando los mismos sine die como violentos, algo contrario a cualquier ordenamiento o norma democr\u00e1tica. En paralelo, <strong>el Sevilla FC ya comunic\u00f3 la semana pasada que tambi\u00e9n recurrir\u00e1 a la sanci\u00f3n impuesta por el Comit\u00e9 de Competici\u00f3n de cierre parcial del Ram\u00f3n S\u00e1nchez-Pizju\u00e1n por tres partidos.<\/strong> Son, pues, dos procedimientos sancionadores, federativo y administrativo, y la entidad recurrir\u00e1 ambos\u00bb, finaliz\u00f3.<\/p>\n","protected":false},"excerpt":{"rendered":"El Sevilla FC no ha tardado en responder a la propuesta de sanci\u00f3n por un mes de todo&hellip;\n","protected":false},"author":2,"featured_media":284017,"comment_status":"","ping_status":"","sticky":false,"template":"","format":"standard","meta":{"footnotes":""},"categories":[93],"tags":[1565,168,25,24,68629,1970,7679,1259,37569,18800,1171,23,167],"class_list":{"0":"post-284016","1":"post","2":"type-post","3":"status-publish","4":"format-standard","5":"has-post-thumbnail","7":"category-deportes","8":"tag-cierre","9":"tag-deportes","10":"tag-es","11":"tag-espana","12":"tag-indignante","13":"tag-mes","14":"tag-propuesta","15":"tag-responde","16":"tag-sanchezpizjuan","17":"tag-sancion","18":"tag-sevilla","19":"tag-spain","20":"tag-sports"},"share_on_mastodon":{"url":"https:\/\/pubeurope.com\/@es\/115704736192937570","error":""},"_links":{"self":[{"href":"https:\/\/www.europesays.com\/es\/wp-json\/wp\/v2\/posts\/284016","targetHints":{"allow":["GET"]}}],"collection":[{"href":"https:\/\/www.europesays.com\/es\/wp-json\/wp\/v2\/posts"}],"about":[{"href":"https:\/\/www.europesays.com\/es\/wp-json\/wp\/v2\/types\/post"}],"author":[{"embeddable":true,"href":"https:\/\/www.europesays.com\/es\/wp-json\/wp\/v2\/users\/2"}],"replies":[{"embeddable":true,"href":"https:\/\/www.europesays.com\/es\/wp-json\/wp\/v2\/comments?post=284016"}],"version-history":[{"count":0,"href":"https:\/\/www.europesays.com\/es\/wp-json\/wp\/v2\/posts\/284016\/revisions"}],"wp:featuredmedia":[{"embeddable":true,"href":"https:\/\/www.europesays.com\/es\/wp-json\/wp\/v2\/media\/284017"}],"wp:attachment":[{"href":"https:\/\/www.europesays.com\/es\/wp-json\/wp\/v2\/media?parent=284016"}],"wp:term":[{"taxonomy":"category","embeddable":true,"href":"https:\/\/www.europesays.com\/es\/wp-json\/wp\/v2\/categories?post=284016"},{"taxonomy":"post_tag","embeddable":true,"href":"https:\/\/www.europesays.com\/es\/wp-json\/wp\/v2\/tags?post=284016"}],"curies":[{"name":"wp","href":"https:\/\/api.w.org\/{rel}","templated":true}]}}