{"id":284021,"date":"2025-12-12T04:40:11","date_gmt":"2025-12-12T04:40:11","guid":{"rendered":"https:\/\/www.europesays.com\/es\/284021\/"},"modified":"2025-12-12T04:40:11","modified_gmt":"2025-12-12T04:40:11","slug":"dimite-un-miembro-de-la-ejecutiva-federal-del-psoe-tras-un-nuevo-supuesto-caso-de-acoso-espana","status":"publish","type":"post","link":"https:\/\/www.europesays.com\/es\/284021\/","title":{"rendered":"Dimite un miembro de la ejecutiva federal del PSOE tras un nuevo supuesto caso de acoso | Espa\u00f1a"},"content":{"rendered":"<p class=\"\">Javier Izquierdo, un miembro destacado de la actual direcci\u00f3n del PSOE, ha dimitido este jueves de forma repentina con el principal partido del Gobierno inmerso en plena oleada de esc\u00e1ndalos de acoso. La dimisi\u00f3n llega tras un nuevo supuesto caso, seg\u00fan fuentes del partido. <\/p>\n<p class=\"\">Responsable de Estudios y Programas de la ejecutiva federal, Izquierdo era uno de los pocos supervivientes del equipo con el que el presidente del Gobierno se rode\u00f3 en su regreso a Ferraz tras su victoria en las primarias de 2017.<\/p>\n<p class=\"\">\u201cTras a\u00f1os en cargos p\u00fablicos y org\u00e1nicos de mi partido, he comunicado a la direcci\u00f3n federal mi renuncia como miembro de la CEF [Comisi\u00f3n Ejecutiva Federal] y tambi\u00e9n como senador. Lo hago para afrontar otras tareas profesionales y personales seguro de que habr\u00e1 quien lo haga mejor. Siempre agradecido\u201d, ha justificado Izquierdo con un mensaje en su cuenta en la red social X.<\/p>\n<blockquote class=\"twitter-tweet\">\n<p lang=\"es\" dir=\"ltr\">Tras a\u00f1os en cargos p\u00fablicos y org\u00e1nicos de mi partido, he comunicado a la direcci\u00f3n federal mi renuncia como miembro de la CEF y tambi\u00e9n como senador.<\/p>\n<p>Lo hago para afrontar otras tareas profesionales y personales seguro de que habr\u00e1 quien lo haga mejor.<\/p>\n<p>Siempre agradecido. \ud83c\udf39<\/p>\n<p>\u2014 Javier Izquierdo (@javizqui) <a href=\"https:\/\/twitter.com\/javizqui\/status\/1999215153959628881?ref_src=twsrc%5Etfw\" rel=\"nofollow noopener\" target=\"_blank\">December 11, 2025<\/a><\/p><\/blockquote>\n<p class=\"\">Izquierdo, senador desde julio de 2023, abandon\u00f3 el grupo de WhatsApp de la direcci\u00f3n del PSOE a las 18.41, seg\u00fan informan excompa\u00f1eros suyos a EL PA\u00cdS. Ya por la ma\u00f1ana extra\u00f1\u00f3 su ausencia del desayuno de Iratxe Garc\u00eda, tambi\u00e9n integrante de la ejecutiva socialista, presidenta del grupo parlamentario de la Alianza Progresista de Socialistas y Dem\u00f3cratas en el Parlamento Europeo y de la misma federaci\u00f3n, la de Castilla y Le\u00f3n. Por la tarde Izquierdo tampoco acudi\u00f3 a una asamblea en la agrupaci\u00f3n de Valladolid sobre las listas auton\u00f3micas. <\/p>\n<p class=\"\">Izquierdo fue secretario general del PSOE de Valladolid entre 2012 y 2017. Ese a\u00f1o, en el 39 Congreso Federal, fue elegido secretario Ejecutivo de Formaci\u00f3n del PSOE. En el 40 Congreso Federal, fue elegido secretario de Estratega y Acci\u00f3n Electoral.<\/p>\n<p class=\"\">En la actualidad, era senador por Valladolid de la XV Legislatura y miembro titular de la Diputaci\u00f3n permanente de la C\u00e1mara Alta, portavoz en la Comisi\u00f3n de Vivienda y Agenda Urbana, en la Comisi\u00f3n de Investigaci\u00f3n sobre la Gesti\u00f3n del presidente del centro de investigaciones sociol\u00f3gicas (CIS); viceportavoz en la Comisi\u00f3n de Interior y vocal en la Comisi\u00f3n Mixta de Seguridad Nacional y en la Comisi\u00f3n Mixta para la Uni\u00f3n Europea.<\/p>\n<p class=\"\">Fue diputado por Valladolid en el Congreso de los Diputados de la XII a la XIV legislaturas hasta su nombramiento como Delegado del Gobierno en Castilla y Le\u00f3n en febrero de 2020. Tambi\u00e9n fue concejal del Ayuntamiento de Valladolid de 2007 a 2015, fue portavoz del Grupo Municipal Socialista. Y procurador de las Cortes de Castilla y Le\u00f3n, entre 2015 y 2018.<\/p>\n<p class=\"\">La renuncia de Izquierdo se ha producido solo un d\u00eda despu\u00e9s de la dimisi\u00f3n del presidente de la Diputaci\u00f3n de Lugo y secretario provincial del PSOE, Jos\u00e9 Tom\u00e9. Ya este viernes, el PSOE ha convocado la primera rueda de prensa de Rebeca Torr\u00f3 desde que fue nombrada secretaria de Organizaci\u00f3n en lugar de Santos Cerd\u00e1n en julio. El PSOE pretende cerrar as\u00ed la crisis por su gesti\u00f3n de las denuncias por acoso sexual a Francisco Salazar, exdirigente de la c\u00fapula del partido y de La Moncloa que tambi\u00e9n se gan\u00f3 la confianza de S\u00e1nchez en las primarias contra Susana D\u00edaz. Salazar iba a ser uno de los tres adjuntos de Torr\u00f3 hasta que las acusaciones de acoso contra \u00e9l forzaron su salida de la ejecutiva antes de la cita del m\u00e1ximo \u00f3rgano de decisi\u00f3n de los socialistas entre congresos.<\/p>\n<p class=\"\">La secretaria de Igualdad, la delegada del Gobierno en la Comunidad Valenciana, Pilar Bernab\u00e9, ha convocado por la tarde, a las 16.00, en la sede estatal del partido a las responsables de esa \u00e1rea de las federaciones a una reuni\u00f3n presencial, seg\u00fan fuentes conocedoras del encuentro. La reuni\u00f3n presencial fue un compromiso que Bernab\u00e9 adquiri\u00f3 en la videoconferencia convocada de urgencia el mi\u00e9rcoles de la semana pasada tras el esc\u00e1ndalo por los cinco meses transcurridos desde la presentaci\u00f3n de las denuncias contra Salazar sin que la Oficina Antiacoso de la formaci\u00f3n hiciera nada. <\/p>\n<p><script async src=\"https:\/\/platform.twitter.com\/widgets.js\" charset=\"utf-8\"><\/script><\/p>\n","protected":false},"excerpt":{"rendered":"Javier Izquierdo, un miembro destacado de la actual direcci\u00f3n del PSOE, ha dimitido este jueves de forma repentina&hellip;\n","protected":false},"author":2,"featured_media":284022,"comment_status":"","ping_status":"","sticky":false,"template":"","format":"standard","meta":{"footnotes":""},"categories":[8],"tags":[10239,17,18,3808,14663,10831,25,24,13,14,248,11,68630,19,20,4043,9,10,15,16,2959,1699,23,12,21,22],"class_list":{"0":"post-284021","1":"post","2":"type-post","3":"status-publish","4":"format-standard","5":"has-post-thumbnail","7":"category-espana","8":"tag-acoso-sexual","9":"tag-breaking-news","10":"tag-breakingnews","11":"tag-denuncias","12":"tag-dimisiones","13":"tag-dimisiones-politicas","14":"tag-es","15":"tag-espana","16":"tag-featured-news","17":"tag-featurednews","18":"tag-gobierno-de-espana","19":"tag-headlines","20":"tag-javier-izquierdo","21":"tag-latest-news","22":"tag-latestnews","23":"tag-machismo","24":"tag-news","25":"tag-noticias","26":"tag-noticias-destacadas","27":"tag-noticiasdestacadas","28":"tag-pedro-sanchez","29":"tag-psoe","30":"tag-spain","31":"tag-titulares","32":"tag-ultimas-noticias","33":"tag-ultimasnoticias"},"share_on_mastodon":{"url":"https:\/\/pubeurope.com\/@es\/115704759962545985","error":""},"_links":{"self":[{"href":"https:\/\/www.europesays.com\/es\/wp-json\/wp\/v2\/posts\/284021","targetHints":{"allow":["GET"]}}],"collection":[{"href":"https:\/\/www.europesays.com\/es\/wp-json\/wp\/v2\/posts"}],"about":[{"href":"https:\/\/www.europesays.com\/es\/wp-json\/wp\/v2\/types\/post"}],"author":[{"embeddable":true,"href":"https:\/\/www.europesays.com\/es\/wp-json\/wp\/v2\/users\/2"}],"replies":[{"embeddable":true,"href":"https:\/\/www.europesays.com\/es\/wp-json\/wp\/v2\/comments?post=284021"}],"version-history":[{"count":0,"href":"https:\/\/www.europesays.com\/es\/wp-json\/wp\/v2\/posts\/284021\/revisions"}],"wp:featuredmedia":[{"embeddable":true,"href":"https:\/\/www.europesays.com\/es\/wp-json\/wp\/v2\/media\/284022"}],"wp:attachment":[{"href":"https:\/\/www.europesays.com\/es\/wp-json\/wp\/v2\/media?parent=284021"}],"wp:term":[{"taxonomy":"category","embeddable":true,"href":"https:\/\/www.europesays.com\/es\/wp-json\/wp\/v2\/categories?post=284021"},{"taxonomy":"post_tag","embeddable":true,"href":"https:\/\/www.europesays.com\/es\/wp-json\/wp\/v2\/tags?post=284021"}],"curies":[{"name":"wp","href":"https:\/\/api.w.org\/{rel}","templated":true}]}}