{"id":284027,"date":"2025-12-12T04:50:20","date_gmt":"2025-12-12T04:50:20","guid":{"rendered":"https:\/\/www.europesays.com\/es\/284027\/"},"modified":"2025-12-12T04:50:20","modified_gmt":"2025-12-12T04:50:20","slug":"jokin-aperribay-uno-de-los-socios-premiados-por-su-fidelidad-de-50-anos-a-la-real-sociedad","status":"publish","type":"post","link":"https:\/\/www.europesays.com\/es\/284027\/","title":{"rendered":"Jokin Aperribay, uno de los socios premiados por su fidelidad de 50 a\u00f1os a la Real Sociedad"},"content":{"rendered":"<p data-gtm-element-container=\"modulo-texto-link\" class=\"paragraph\">La Real Sociedad contin\u00faa con su homenaje particular a sus socios m\u00e1s fieles y veteranos, enmendando el retraso que hab\u00eda con los homenajes debido a la pandemia. Y tras premiar a los que se abonaron en 1973 hace escasas semanas, este jueves ha sido el turno de los de la generaci\u00f3n de 1974. Ya s\u00f3lo queda un a\u00f1o de retraso con la fidelidad y lealtad de 50 a\u00f1os.<\/p>\n<p data-gtm-element-container=\"modulo-texto-link\" class=\"paragraph\">En esta ocasi\u00f3n han sido 92 los afortunados de vivir una tarde inolvidable en el estadio de Anoeta tras cinco d\u00e9cadas de apoyo al club de sus vidas. Todos son igual de importantes pero s\u00ed destacaba un nombre entre ellos que sonar\u00e1 a todos los aficionados realistas: <strong>Jokin Aperribay<\/strong>. El presidente realista recibi\u00f3 su Insignia de Oro y Brillantes como un socio m\u00e1s, un d\u00eda despu\u00e9s de superar con tranquilidad otra Junta de Accionistas. Ha recibido su Insignia junto a su hermano y primo, tambi\u00e9n socios de 50 a\u00f1os de fidelidad, de la mano del vicepresidente del club, <strong>\u00c1ngel Oyarzun<\/strong>. Tambi\u00e9n fue premiado otro consejero como <strong>Ignacio Serrats<\/strong>. <strong>Aperribay<\/strong>, adem\u00e1s de recibir el premio y posar en la foto, entreg\u00f3 todas las dem\u00e1s Insignias. Al acto han acudido\u00a0consejeros del club realista, una representaci\u00f3n de la Asociaci\u00f3n de Veteranos, responsables de las parcelas deportivas y futbolistas de nuestros primeros equipos. El club ha querido titular con &#8216;Un sentimiento que no se puede explicar&#8217; una tarde siempre emotiva y bonita.<\/p>\n<p>                <img loading=\"lazy\" decoding=\"async\" data-full-src=\"https:\/\/www.mundodeportivo.com\/uploads\/2025\/12\/11\/693b2b8f88109.jpeg\" alt=\"Socios de la Real Sociedad de 50 a\u00f1os de fidelidad (1974), posan en Anoeta con sus Insignias de Oro y Brillantes\" width=\"449\" height=\"253\" src=\"https:\/\/www.europesays.com\/es\/wp-content\/uploads\/2025\/12\/693b2b8f88109.jpeg\" class=\"lazy\"\/><\/p>\n<p class=\"caption-title \">Socios de la Real Sociedad de 50 a\u00f1os de fidelidad (1974), posan en Anoeta con sus Insignias de Oro y Brillantes<\/p>\n<p>                    RS<\/p>\n<p>    Lee tambi\u00e9n<\/p>\n<p data-gtm-element-container=\"modulo-texto-link\" class=\"paragraph\">Los socios homenajeados han sido los siguientes:<\/p>\n<p data-gtm-element-container=\"modulo-texto-link\" class=\"paragraph\">Albisu Bengoechea &#8211; Bernardo<\/p>\n<p data-gtm-element-container=\"modulo-texto-link\" class=\"paragraph\">Andonegui Mart\u00ednez &#8211; Domingo<\/p>\n<p data-gtm-element-container=\"modulo-texto-link\" class=\"paragraph\">Ansoalde Odriozola &#8211; \u00c1ngela<\/p>\n<p data-gtm-element-container=\"modulo-texto-link\" class=\"paragraph\">Aperribay Bedialauneta &#8211; Ibon<\/p>\n<p data-gtm-element-container=\"modulo-texto-link\" class=\"paragraph\">Aperribay Bedialauneta &#8211; Jokin<\/p>\n<p data-gtm-element-container=\"modulo-texto-link\" class=\"paragraph\">Aperribay Pagnon &#8211; Xabier<\/p>\n<p data-gtm-element-container=\"modulo-texto-link\" class=\"paragraph\">Arbosa Cuezva \u2013 Jes\u00fas Tom\u00e1s<\/p>\n<p data-gtm-element-container=\"modulo-texto-link\" class=\"paragraph\">Arconada Echarri &#8211; Javier<\/p>\n<p data-gtm-element-container=\"modulo-texto-link\" class=\"paragraph\">Artaza Pineda &#8211; I\u00f1igo<\/p>\n<p data-gtm-element-container=\"modulo-texto-link\" class=\"paragraph\">Artola Moneo &#8211; Juan<\/p>\n<p data-gtm-element-container=\"modulo-texto-link\" class=\"paragraph\">Artola S\u00e1nchez \u2013 Jos\u00e9 Ignacio<\/p>\n<p data-gtm-element-container=\"modulo-texto-link\" class=\"paragraph\">Arzallus Murua &#8211; Mikel<\/p>\n<p data-gtm-element-container=\"modulo-texto-link\" class=\"paragraph\">Asarta Remiro &#8211; Celestino<\/p>\n<p data-gtm-element-container=\"modulo-texto-link\" class=\"paragraph\">Ayerdi Barandiaran &#8211; Iker<\/p>\n<p data-gtm-element-container=\"modulo-texto-link\" class=\"paragraph\">Ayestaran Machimbarrena &#8211; Juan<\/p>\n<p data-gtm-element-container=\"modulo-texto-link\" class=\"paragraph\">Azpiroz Marichalar \u2013 Jos\u00e9 M.<\/p>\n<p data-gtm-element-container=\"modulo-texto-link\" class=\"paragraph\">Barriuso Benito &#8211; C\u00e1ndido<\/p>\n<p data-gtm-element-container=\"modulo-texto-link\" class=\"paragraph\">Bengoechea Landa &#8211; Germ\u00e1n<\/p>\n<p data-gtm-element-container=\"modulo-texto-link\" class=\"paragraph\">Beracoechea Balb\u00e1s &#8211; Joaqu\u00edn<\/p>\n<p data-gtm-element-container=\"modulo-texto-link\" class=\"paragraph\">Bonilla Landa &#8211; Iv\u00e1n<\/p>\n<p data-gtm-element-container=\"modulo-texto-link\" class=\"paragraph\">Caballero Castellanos &#8211; Manuel<\/p>\n<p data-gtm-element-container=\"modulo-texto-link\" class=\"paragraph\">Calatayud Berrueta &#8211; Ricardo<\/p>\n<p data-gtm-element-container=\"modulo-texto-link\" class=\"paragraph\">Castillo Arriola &#8211; Humberto<\/p>\n<p data-gtm-element-container=\"modulo-texto-link\" class=\"paragraph\">Cortajarena Anza \u2013 Juan Manuel<\/p>\n<p data-gtm-element-container=\"modulo-texto-link\" class=\"paragraph\">Crespo P\u00e9rez \u2013 Juan Mar\u00eda<\/p>\n<p data-gtm-element-container=\"modulo-texto-link\" class=\"paragraph\">D\u00edaz Manzano &#8211; Arturo<\/p>\n<p data-gtm-element-container=\"modulo-texto-link\" class=\"paragraph\">Echaide Unanue \u2013 Jos\u00e9 Antonio<\/p>\n<p data-gtm-element-container=\"modulo-texto-link\" class=\"paragraph\">Echeverr\u00eda Arruti &#8211; Tom\u00e1s<\/p>\n<p data-gtm-element-container=\"modulo-texto-link\" class=\"paragraph\">Echeverr\u00eda Garcia &#8211; Tom\u00e1s<\/p>\n<p data-gtm-element-container=\"modulo-texto-link\" class=\"paragraph\">Echeverr\u00eda Garcia &#8211; Ignacio<\/p>\n<p data-gtm-element-container=\"modulo-texto-link\" class=\"paragraph\">Embil Aguirre &#8211; Enrique<\/p>\n<p data-gtm-element-container=\"modulo-texto-link\" class=\"paragraph\">Erro Lasagabaster &#8211; Fernando<\/p>\n<p data-gtm-element-container=\"modulo-texto-link\" class=\"paragraph\">Estalayo Arija \u2013 Manuel \u00c1ngel<\/p>\n<p data-gtm-element-container=\"modulo-texto-link\" class=\"paragraph\">Fern\u00e1ndez Luzuriaga \u2013 Francisco Javier<\/p>\n<p data-gtm-element-container=\"modulo-texto-link\" class=\"paragraph\">Fern\u00e1ndez Salazar \u2013 Jos\u00e9 Luis<\/p>\n<p data-gtm-element-container=\"modulo-texto-link\" class=\"paragraph\">Flores Mata \u2013 Juan Ignacio<\/p>\n<p data-gtm-element-container=\"modulo-texto-link\" class=\"paragraph\">Gago Zubizarreta &#8211; Manoli<\/p>\n<p data-gtm-element-container=\"modulo-texto-link\" class=\"paragraph\">Gallego Olea \u2013 Juan Carlos<\/p>\n<p data-gtm-element-container=\"modulo-texto-link\" class=\"paragraph\">Garmendia Larrea \u2013 Jos\u00e9 Mar\u00eda<\/p>\n<p data-gtm-element-container=\"modulo-texto-link\" class=\"paragraph\">Garmendia Rezola &#8211; Javier<\/p>\n<p data-gtm-element-container=\"modulo-texto-link\" class=\"paragraph\">Gomara Mart\u00edn &#8211; Txomin<\/p>\n<p data-gtm-element-container=\"modulo-texto-link\" class=\"paragraph\">G\u00f3mez Martul \u2013 Ram\u00f3n Mar\u00eda<\/p>\n<p data-gtm-element-container=\"modulo-texto-link\" class=\"paragraph\">G\u00f3mez Vega &#8211; Jos\u00e9<\/p>\n<p data-gtm-element-container=\"modulo-texto-link\" class=\"paragraph\">Hu\u00e9rcanos Machimbarrena &#8211; Javier<\/p>\n<p data-gtm-element-container=\"modulo-texto-link\" class=\"paragraph\">Infante Arroyo \u2013 Emiliano<\/p>\n<p data-gtm-element-container=\"modulo-texto-link\" class=\"paragraph\">Irazusta Arzak &#8211; Joseba<\/p>\n<p data-gtm-element-container=\"modulo-texto-link\" class=\"paragraph\">Irigoyen Baz\u00e1n &#8211; Federico<\/p>\n<p data-gtm-element-container=\"modulo-texto-link\" class=\"paragraph\">Iturralde Lacunza \u2013 Mar\u00eda Jes\u00fas<\/p>\n<p data-gtm-element-container=\"modulo-texto-link\" class=\"paragraph\">Jim\u00e9nez Bazt\u00e1n &#8211; Fernando<\/p>\n<p data-gtm-element-container=\"modulo-texto-link\" class=\"paragraph\">Juaristi Oliden &#8211; I\u00f1aki<\/p>\n<p data-gtm-element-container=\"modulo-texto-link\" class=\"paragraph\">Lasa Olazabal \u2013 Francisco Javier<\/p>\n<p data-gtm-element-container=\"modulo-texto-link\" class=\"paragraph\">Lasa Urquiola &#8211; Ignacio<\/p>\n<p data-gtm-element-container=\"modulo-texto-link\" class=\"paragraph\">Lizarraga Oses \u2013 Juan Cruz<\/p>\n<p data-gtm-element-container=\"modulo-texto-link\" class=\"paragraph\">L\u00f3pez Rivero &#8211; \u00c1ngel<\/p>\n<p data-gtm-element-container=\"modulo-texto-link\" class=\"paragraph\">L\u00f3pez Villoria &#8211; Juan<\/p>\n<p data-gtm-element-container=\"modulo-texto-link\" class=\"paragraph\">Lor\u00e1n Iturbide \u2013 Pedro Mar\u00eda<\/p>\n<p data-gtm-element-container=\"modulo-texto-link\" class=\"paragraph\">Madariaga Jal\u00f3n \u2013 Jos\u00e9 Javier<\/p>\n<p data-gtm-element-container=\"modulo-texto-link\" class=\"paragraph\">Manzano Garc\u00eda &#8211; Laureano<\/p>\n<p data-gtm-element-container=\"modulo-texto-link\" class=\"paragraph\">Manzano Garc\u00eda \u2013 Juan Carlos<\/p>\n<p data-gtm-element-container=\"modulo-texto-link\" class=\"paragraph\">Mar\u00edn Arrastio &#8211; I\u00f1igo<\/p>\n<p data-gtm-element-container=\"modulo-texto-link\" class=\"paragraph\">Marquet Sarasola &#8211; Antonio<\/p>\n<p data-gtm-element-container=\"modulo-texto-link\" class=\"paragraph\">Mart\u00ednez Fern\u00e1ndez \u2013 Jos\u00e9 Luis<\/p>\n<p data-gtm-element-container=\"modulo-texto-link\" class=\"paragraph\">Monedero Casado &#8211; Eladio<\/p>\n<p data-gtm-element-container=\"modulo-texto-link\" class=\"paragraph\">Muguerza Rivero &#8211; I\u00f1aki<\/p>\n<p data-gtm-element-container=\"modulo-texto-link\" class=\"paragraph\">Munduate P\u00e9rez &#8211; Vicente<\/p>\n<p data-gtm-element-container=\"modulo-texto-link\" class=\"paragraph\">Nieto Arzamendi \u2013 Mar\u00eda Carmen<\/p>\n<p data-gtm-element-container=\"modulo-texto-link\" class=\"paragraph\">Odria Aguirre &#8211; Ignacio<\/p>\n<p data-gtm-element-container=\"modulo-texto-link\" class=\"paragraph\">Oliveros Brunet\u00f3n &#8211; I\u00f1igo<\/p>\n<p data-gtm-element-container=\"modulo-texto-link\" class=\"paragraph\">Orotegui Ochandorena &#8211; Ignacio<\/p>\n<p data-gtm-element-container=\"modulo-texto-link\" class=\"paragraph\">Ortega Erro &#8211; Rafael<\/p>\n<p data-gtm-element-container=\"modulo-texto-link\" class=\"paragraph\">Oyarzabal Irigoyen &#8211; Mirentxu<\/p>\n<p data-gtm-element-container=\"modulo-texto-link\" class=\"paragraph\">Pascual Maiza &#8211; Gregorio<\/p>\n<p data-gtm-element-container=\"modulo-texto-link\" class=\"paragraph\">P\u00e9rez Aguado &#8211; Javier<\/p>\n<p data-gtm-element-container=\"modulo-texto-link\" class=\"paragraph\">Pertika Echavarri &#8211; Javier<\/p>\n<p data-gtm-element-container=\"modulo-texto-link\" class=\"paragraph\">Posa Garc\u00eda &#8211; Juan<\/p>\n<p data-gtm-element-container=\"modulo-texto-link\" class=\"paragraph\">Puy De Olaso &#8211; Felix<\/p>\n<p data-gtm-element-container=\"modulo-texto-link\" class=\"paragraph\">Quintana Recondo &#8211; Santiago<\/p>\n<p data-gtm-element-container=\"modulo-texto-link\" class=\"paragraph\">Quintanilla Kyburz &#8211; Alfredo<\/p>\n<p data-gtm-element-container=\"modulo-texto-link\" class=\"paragraph\">Ram\u00f3n Gonz\u00e1lez &#8211; Ricardo<\/p>\n<p data-gtm-element-container=\"modulo-texto-link\" class=\"paragraph\">Reparaz Gonz\u00e1lez De Salazar \u2013 Jos\u00e9 Mar\u00eda<\/p>\n<p data-gtm-element-container=\"modulo-texto-link\" class=\"paragraph\">Retenaga Lasa \u2013 Mar\u00eda Carmen<\/p>\n<p data-gtm-element-container=\"modulo-texto-link\" class=\"paragraph\">Rodil P\u00e9rez &#8211; Juan<\/p>\n<p data-gtm-element-container=\"modulo-texto-link\" class=\"paragraph\">Sagasti Grijalbo &#8211; Alfredo<\/p>\n<p data-gtm-element-container=\"modulo-texto-link\" class=\"paragraph\">S\u00e1nchez Urcelay \u2013 Juan Jos\u00e9<\/p>\n<p data-gtm-element-container=\"modulo-texto-link\" class=\"paragraph\">Santa Cruz Roteta &#8211; I\u00f1igo<\/p>\n<p data-gtm-element-container=\"modulo-texto-link\" class=\"paragraph\">Santesteban Gonz\u00e1lez &#8211; Ferm\u00edn<\/p>\n<p data-gtm-element-container=\"modulo-texto-link\" class=\"paragraph\">Serrats Urrecha &#8211; Ignacio<\/p>\n<p data-gtm-element-container=\"modulo-texto-link\" class=\"paragraph\">Ugarte Anza &#8211; Gonzalo<\/p>\n<p data-gtm-element-container=\"modulo-texto-link\" class=\"paragraph\">Yanguas Garc\u00eda \u2013 Manuel Pablo<\/p>\n<p data-gtm-element-container=\"modulo-texto-link\" class=\"paragraph\">Zabalza Gonzalez &#8211; Koro<\/p>\n<p data-gtm-element-container=\"modulo-texto-link\" class=\"paragraph\">Zarra Zubeldia &#8211; Ram\u00f3n<\/p>\n<p data-gtm-element-container=\"modulo-texto-link\" class=\"paragraph\">Zubieta Ceberio \u2013 Emilio<\/p>\n<p data-gtm-element-container=\"modulo-texto-link\" class=\"paragraph\">Zubillaga Etxeberria &#8211; Pablo<\/p>\n","protected":false},"excerpt":{"rendered":"La Real Sociedad contin\u00faa con su homenaje particular a sus socios m\u00e1s fieles y veteranos, enmendando el retraso&hellip;\n","protected":false},"author":2,"featured_media":284028,"comment_status":"","ping_status":"","sticky":false,"template":"","format":"standard","meta":{"footnotes":""},"categories":[268],"tags":[168,25,24,280,282,281,23,167],"class_list":{"0":"post-284027","1":"post","2":"type-post","3":"status-publish","4":"format-standard","5":"has-post-thumbnail","7":"category-futbol","8":"tag-deportes","9":"tag-es","10":"tag-espana","11":"tag-football","12":"tag-futbol","13":"tag-soccer","14":"tag-spain","15":"tag-sports"},"share_on_mastodon":{"url":"https:\/\/pubeurope.com\/@es\/115704799341150760","error":""},"_links":{"self":[{"href":"https:\/\/www.europesays.com\/es\/wp-json\/wp\/v2\/posts\/284027","targetHints":{"allow":["GET"]}}],"collection":[{"href":"https:\/\/www.europesays.com\/es\/wp-json\/wp\/v2\/posts"}],"about":[{"href":"https:\/\/www.europesays.com\/es\/wp-json\/wp\/v2\/types\/post"}],"author":[{"embeddable":true,"href":"https:\/\/www.europesays.com\/es\/wp-json\/wp\/v2\/users\/2"}],"replies":[{"embeddable":true,"href":"https:\/\/www.europesays.com\/es\/wp-json\/wp\/v2\/comments?post=284027"}],"version-history":[{"count":0,"href":"https:\/\/www.europesays.com\/es\/wp-json\/wp\/v2\/posts\/284027\/revisions"}],"wp:featuredmedia":[{"embeddable":true,"href":"https:\/\/www.europesays.com\/es\/wp-json\/wp\/v2\/media\/284028"}],"wp:attachment":[{"href":"https:\/\/www.europesays.com\/es\/wp-json\/wp\/v2\/media?parent=284027"}],"wp:term":[{"taxonomy":"category","embeddable":true,"href":"https:\/\/www.europesays.com\/es\/wp-json\/wp\/v2\/categories?post=284027"},{"taxonomy":"post_tag","embeddable":true,"href":"https:\/\/www.europesays.com\/es\/wp-json\/wp\/v2\/tags?post=284027"}],"curies":[{"name":"wp","href":"https:\/\/api.w.org\/{rel}","templated":true}]}}