{"id":284031,"date":"2025-12-12T04:54:30","date_gmt":"2025-12-12T04:54:30","guid":{"rendered":"https:\/\/www.europesays.com\/es\/284031\/"},"modified":"2025-12-12T04:54:30","modified_gmt":"2025-12-12T04:54:30","slug":"jose-luis-manzano-exministro-de-menem-y-dueno-del-grupo-america-invertira-con-los-afines-al-gobierno-en-la-nueva-tdt","status":"publish","type":"post","link":"https:\/\/www.europesays.com\/es\/284031\/","title":{"rendered":"Jos\u00e9 Luis Manzano, exministro de Menem y due\u00f1o del Grupo Am\u00e9rica, invertir\u00e1 con los afines al Gobierno en la nueva TDT"},"content":{"rendered":"<p class=\"paragraph\" id=\"paragraph_2\">Fuentes del sector aseguran a este diario que esta es una de las figuras que, junto a un grupo de empresarios espa\u00f1oles liderados por<strong> Andr\u00e9s Varela Entrecanales<\/strong>, pondr\u00e1 dinero para el proyecto si el Gobierno les concede la licencia.<\/p>\n<p class=\"paragraph\" id=\"paragraph_3\">Un proyecto del que poco se conoce, dado que el hermetismo en torno a \u00e9l es m\u00e1ximo. Al concurso de TDT puesto en marcha por el Gobierno s\u00f3lo se presentaron dos ofertas: la de esta alianza de empresarios y otra de <strong>Mediaset.<\/strong><\/p>\n<p class=\"paragraph\" id=\"paragraph_4\">Tal y como cont\u00f3 EL ESPA\u00d1OL, este grupo de<strong> inversores cercanos al Partido Socialista<\/strong> va de la mano de -al menos- un grupo extranjero.<\/p>\n<p class=\"paragraph\" id=\"paragraph_5\">Hasta tres fuentes diferentes aseguran que se trata de <strong>Jos\u00e9 Luis Manzano,<\/strong> un &#8216;viejo&#8217; conocido del sector y al que se le vincula estrechamente con el Gobierno de <strong>Pedro S\u00e1nchez.<\/strong><\/p>\n<p><img loading=\"lazy\" decoding=\"async\" alt=\"Un montaje de Varela Entrecanales, Utor y Prieto con el edificio de Prisa.\" height=\"180\" src=\"https:\/\/www.europesays.com\/es\/wp-content\/uploads\/2025\/12\/865173822_244269954_320x180.png\" width=\"320\" data-lazy-status=\"processed\" data-lazy-info=\"remove loading item 1\"\/><\/p>\n<p class=\"paragraph\" id=\"paragraph_6\">Este diario ha intentado contactar con el empresario argentino y no ha recibido respuesta.<\/p>\n<p class=\"paragraph\" id=\"paragraph_7\">Las mismas fuentes aseguran que en las \u00faltimas semanas se ha dejado ver por Madrid, en donde cuenta adem\u00e1s con una oficina del fondo de inversi\u00f3n que lidera: <strong>Integra Capital.<\/strong><\/p>\n<p class=\"paragraph\" id=\"paragraph_8\">Una organizaci\u00f3n que fund\u00f3 en 1995 y que tiene inversiones en el sector de la energ\u00eda, los minerales cr\u00edticos, el petr\u00f3leo y los medios de comunicaci\u00f3n.<\/p>\n<p class=\"paragraph\" id=\"paragraph_9\">Su principal inversi\u00f3n en este campo es el Grupo Am\u00e9rica, propietario de varias cadenas de televisi\u00f3n en Argentina como <strong>Am\u00e9rica TV<\/strong> o el canal de <strong>noticias A24.<\/strong><\/p>\n<p><img decoding=\"async\" alt=\"El l\u00edder del PSOE de Madrid, \u00d3scar L\u00f3pez.\" height=\"180\" loading=\"lazy\" width=\"320\" data-lazy-status=\"processed\" id=\"1a0cf7cf64\" src=\"https:\/\/www.elespanol.com\/invertia\/medios\/20251212\/jose-luis-manzano-exministro-menem-dueno-grupo-america-invertira-afines-gobierno-nueva-tdt\/[\" https:=\"\" data-lazy-info=\"changed src\"\/><\/p>\n<p class=\"paragraph\" id=\"paragraph_10\">Tambi\u00e9n cuenta en su cartera de propiedades con la cadena <strong>Telefe,<\/strong> as\u00ed como con varias radios locales y diarios como <strong>El Cronista. <\/strong><\/p>\n<p class=\"paragraph\" id=\"paragraph_11\">Fuentes del sector explican a este diario que el empresario argentino<strong> lleva varios meses intentando invertir en Espa\u00f1a.<\/strong> Siempre con el benepl\u00e1cito del Gobierno.<\/p>\n<p class=\"paragraph\" id=\"paragraph_12\">En pleno asalto de Prisa Manzano se acerc\u00f3 a <strong>Joseph Oughourlian<\/strong> para interesarse por la situaci\u00f3n del grupo de medios. Una propuesta que nunca lleg\u00f3 a materializarse.<\/p>\n<p class=\"paragraph\" id=\"paragraph_13\">Un acercamiento durante el que se habr\u00eda aproximado tambi\u00e9n a\u00a0<strong>VarelaEntrecanales,<\/strong>\u00a0que lidera Global Alconaba, el grupo rebelde en Prisa.<\/p>\n<p>El 25% del capital<\/p>\n<p class=\"paragraph\" id=\"paragraph_14\">Ahora bien, est\u00e1 por ver el papel exacto que tendr\u00e1 en la sociedad que gestione el nuevo canal de TDT si logran la licencia.<\/p>\n<p class=\"paragraph\" id=\"paragraph_15\">Al tratarse de un inversor extranjero<strong> no puede tener m\u00e1s del 25% del capital social<\/strong> de la futura televisi\u00f3n, lo que deja abierta la puerta a la llegada de otros muchos interesados en el canal.<\/p>\n<p class=\"paragraph\" id=\"paragraph_16\">Se desconoce por ahora cu\u00e1l es el nombre de la sociedad que se ha presentado al concurso.<\/p>\n<p class=\"paragraph\" id=\"paragraph_17\">Este diario s\u00ed ha podido constatar que Varela Entrecanales cre\u00f3 el pasado 5 de noviembre una sociedad llamada <strong>Servicios Integrados de Entretenimiento Televisivo<\/strong>.<\/p>\n<p class=\"paragraph\" id=\"paragraph_18\">Una empresa domiciliada en Orense 68, la misma direcci\u00f3n en la que est\u00e1n algunas de sus empresas como\u00a0<strong>The Pool,\u00a0<\/strong>su productora.\u00a0<strong>\u00a0<\/strong><\/p>\n<p class=\"paragraph\" id=\"paragraph_19\">La fecha es importante, porque su creaci\u00f3n se produjo tan s\u00f3lo <strong>15 d\u00edas antes de que terminara el plazo<\/strong> para presentarse al concurso de TDT impulsado por el Gobierno.<\/p>\n<p><img decoding=\"async\" alt=\"Blas Herrero, presidente de Radio Blanca.\" height=\"180\" loading=\"lazy\" width=\"320\" data-lazy-status=\"processed\" id=\"1a3fada2d8\" src=\"https:\/\/www.elespanol.com\/invertia\/medios\/20251212\/jose-luis-manzano-exministro-menem-dueno-grupo-america-invertira-afines-gobierno-nueva-tdt\/[\" https:=\"\" data-lazy-info=\"changed src\"\/><\/p>\n<p class=\"paragraph\" id=\"paragraph_20\">Jos\u00e9 Luis Manzano tambi\u00e9n ha tenido relaciones con Telef\u00f3nica en los \u00faltimos meses. A trav\u00e9s de<a href=\"https:\/\/www.elespanol.com\/invertia\/empresas\/tecnologia\/20250413\/telefonica-vende-euros-filial-peru-encuentra-concurso-acreedores-febrero\/1003743712870_0.html?utm_cmp_rs=linksinline\" rel=\"nofollow noopener\" target=\"_blank\"> Integratec compr\u00f3 Telef\u00f3nica Per\u00fa el pasado mes de abril.<\/a><\/p>\n<p class=\"paragraph\" id=\"paragraph_21\">Su pasado pol\u00edtico est\u00e1 vinculado al peronismo tras su paso por el Gobierno de <strong>Carlos Menem<\/strong> como ministro del Interior entre 1991 y 1992.<\/p>\n<p class=\"paragraph\" id=\"paragraph_22\">Algunas fuentes aseguran que Manzano podr\u00eda no ser el \u00fanico inversor for\u00e1neo en la nueva cadena si sale adelante. Las negociaciones no est\u00e1n cerradas del todo y todav\u00eda podr\u00edan llegar nuevos nombres.<\/p>\n<p class=\"paragraph\" id=\"paragraph_23\">Cabe recordar que el Gobierno se ha dado un a\u00f1o para<strong> resolver el concurso del nuevo canal de TDT que quiere poner en marcha.<\/strong><\/p>\n<p class=\"paragraph\" id=\"paragraph_24\">Una licencia que surge tras la reorganizaci\u00f3n de los multiplex actuales de TDT por el paso a la UltraHD de algunos canales y que ha permitido liberar espacio en el espectro.<\/p>\n","protected":false},"excerpt":{"rendered":"Fuentes del sector aseguran a este diario que esta es una de las figuras que, junto a un&hellip;\n","protected":false},"author":2,"featured_media":284032,"comment_status":"","ping_status":"","sticky":false,"template":"","format":"standard","meta":{"footnotes":""},"categories":[171],"tags":[146,147,25,24,3748,1827,68632,30270,23,2458,214],"class_list":{"0":"post-284031","1":"post","2":"type-post","3":"status-publish","4":"format-standard","5":"has-post-thumbnail","7":"category-tv","8":"tag-entertainment","9":"tag-entretenimiento","10":"tag-es","11":"tag-espana","12":"tag-grupo-prisa","13":"tag-medios","14":"tag-ministerio-para-la-transformacion-digital-y-de-la-funcion-publica","15":"tag-oscar-lopez","16":"tag-spain","17":"tag-tdt","18":"tag-tv"},"share_on_mastodon":{"url":"https:\/\/pubeurope.com\/@es\/115704815970975505","error":""},"_links":{"self":[{"href":"https:\/\/www.europesays.com\/es\/wp-json\/wp\/v2\/posts\/284031","targetHints":{"allow":["GET"]}}],"collection":[{"href":"https:\/\/www.europesays.com\/es\/wp-json\/wp\/v2\/posts"}],"about":[{"href":"https:\/\/www.europesays.com\/es\/wp-json\/wp\/v2\/types\/post"}],"author":[{"embeddable":true,"href":"https:\/\/www.europesays.com\/es\/wp-json\/wp\/v2\/users\/2"}],"replies":[{"embeddable":true,"href":"https:\/\/www.europesays.com\/es\/wp-json\/wp\/v2\/comments?post=284031"}],"version-history":[{"count":0,"href":"https:\/\/www.europesays.com\/es\/wp-json\/wp\/v2\/posts\/284031\/revisions"}],"wp:featuredmedia":[{"embeddable":true,"href":"https:\/\/www.europesays.com\/es\/wp-json\/wp\/v2\/media\/284032"}],"wp:attachment":[{"href":"https:\/\/www.europesays.com\/es\/wp-json\/wp\/v2\/media?parent=284031"}],"wp:term":[{"taxonomy":"category","embeddable":true,"href":"https:\/\/www.europesays.com\/es\/wp-json\/wp\/v2\/categories?post=284031"},{"taxonomy":"post_tag","embeddable":true,"href":"https:\/\/www.europesays.com\/es\/wp-json\/wp\/v2\/tags?post=284031"}],"curies":[{"name":"wp","href":"https:\/\/api.w.org\/{rel}","templated":true}]}}