{"id":284057,"date":"2025-12-12T05:20:32","date_gmt":"2025-12-12T05:20:32","guid":{"rendered":"https:\/\/www.europesays.com\/es\/284057\/"},"modified":"2025-12-12T05:20:32","modified_gmt":"2025-12-12T05:20:32","slug":"isabel-preysler-debuta-en-el-hormiguero-como-tertuliana","status":"publish","type":"post","link":"https:\/\/www.europesays.com\/es\/284057\/","title":{"rendered":"Isabel Preysler debuta en &#8216;El Hormiguero&#8217; como tertuliana"},"content":{"rendered":"<p><img fetchpriority=\"high\" class=\"v-a-img\" src=\"https:\/\/www.europesays.com\/es\/wp-content\/uploads\/2025\/12\/G761ySeXYAA0HQV-kLUH-U240530040980lTF-1200x840@Las Provincias.jpg\" loading=\"eager\" decoding=\"async\" alt=\"Isabel Preysler.\"  width=\"1200\" height=\"840\"\/><\/p>\n<p>Isabel Preysler.          Antena 3        <\/p>\n<p>Pasa a protagonizar la tertulia junto a su hija Tamara Falc\u00f3, Juan del Val, Nuria Roca y Cristina Pardo<\/p>\n<p class=\"v-mdl-ath__p v-mdl-ath__p--6\">\nJueves, 11 de diciembre 2025, 23:21<\/p>\n<p class=\"v-p\">Nueva entrega de &#8216;El Hormiguero&#8217; este jueves. El programa de Antena 3, presentado por el valenciano Pablo Motos, ha cerrado su semana con la presencia de Dan Brown. El escritor ha ido a presentar su nueva novela &#8216;El \u00faltimo secreto&#8217;. Sus obras &#8216;El c\u00f3digo Da Vinci&#8217;, &#8216;\u00c1ngeles y Demonios&#8217;, &#8216;Origen&#8217; o &#8216;Inferno&#8217; le sit\u00faan como una de las plumas m\u00e1s vendidas de este siglo. Sin embargo, muchas espectadores esperaban con fuerza la llegada de la tertulia.<\/p>\n<p class=\"v-p\">Debutaba Isabel Preysler. La socialit\u00e9 estuvo el pasado mes de octubre en el programa para promocionar su libro &#8216;Mi verdadera historia&#8217;. Ese d\u00eda se qued\u00f3 en la mesa junto a su hija Tamara Falc\u00f3, Cristina Pardo, Nuria Roca y Juan del Val para comentar la actualidad; como es habitual. <\/p>\n<p class=\"v-p\">Motos se ha mostrado muy contento con la presencia de Isabel. Ha contado que la socialit\u00e9 ha tenido el detalle de regalar un ejemplar de su libro a cada uno de los invitados. El presentador ha querido que el resto de miembros de la mesa le hagan una pregunta ya que en la ocasi\u00f3n anterior se quedaron con ganas de saber algunos detalles de su vida.<\/p>\n<p class=\"v-p\">Cristina Pardo ha comentado que la filipina comentaba en su novela que su relaci\u00f3n con Miguel Boyer fue utilizada para hacer da\u00f1o al ministro socialista. La periodista ha querido saber si Isabel piensa que es un escenario que podr\u00eda repetirse hoy en d\u00eda. La socialit\u00e9 piensa que la situaci\u00f3n ha mejorado, que Espa\u00f1a ha avanzado y que no pasar\u00eda. Juan del Val ha contado una an\u00e9cdota que conoc\u00eda. Cuando la biograf\u00eda iba a imprimirse no ten\u00eda foto. Entonces, Isabel envi\u00f3 a su editor una fotograf\u00eda que ten\u00eda preparada. Nuria Roca le ha preguntado por sus a\u00f1os de soltera tras separarse de Carlos Falc\u00f3 y su hija Tamara ha querido saber si cambiar\u00eda alg\u00fan aspecto de su vida. Motos ha insistido en que le hiciera alguna pregunta m\u00e1s comprometida a su madre. Entonces le ha pedido que confiese que edad ten\u00eda realmente cuando abandon\u00f3 Filipinas y dej\u00f3 a su primer novio. \u00abTen\u00eda 18\u00bb, ha asegurado Isabel. \u00abMam\u00e1&#8230;\u00bb, ha insistido Tamara, pero no ha soltado prenda.<\/p>\n<p class=\"v-p\">A continuaci\u00f3n, han pasado a comentar los casos de corrupci\u00f3n que est\u00e1n salpicando al Gobierto de Espa\u00f1a. \u00abEs de no creer. Piensas que no puede ser posible y lo es\u00bb, ha comentado Isabel al ser preguntada por Motos.<\/p>\n<p>Reporta un error<\/p>\n","protected":false},"excerpt":{"rendered":"Isabel Preysler. Antena 3 Pasa a protagonizar la tertulia junto a su hija Tamara Falc\u00f3, Juan del Val,&hellip;\n","protected":false},"author":2,"featured_media":284058,"comment_status":"","ping_status":"","sticky":false,"template":"","format":"standard","meta":{"footnotes":""},"categories":[171],"tags":[14294,146,147,25,24,17775,1729,43579,23,31915,214],"class_list":{"0":"post-284057","1":"post","2":"type-post","3":"status-publish","4":"format-standard","5":"has-post-thumbnail","7":"category-tv","8":"tag-debuta","9":"tag-entertainment","10":"tag-entretenimiento","11":"tag-es","12":"tag-espana","13":"tag-hormiguero","14":"tag-isabel","15":"tag-preysler","16":"tag-spain","17":"tag-tertuliana","18":"tag-tv"},"share_on_mastodon":{"url":"https:\/\/pubeurope.com\/@es\/115704917557559280","error":""},"_links":{"self":[{"href":"https:\/\/www.europesays.com\/es\/wp-json\/wp\/v2\/posts\/284057","targetHints":{"allow":["GET"]}}],"collection":[{"href":"https:\/\/www.europesays.com\/es\/wp-json\/wp\/v2\/posts"}],"about":[{"href":"https:\/\/www.europesays.com\/es\/wp-json\/wp\/v2\/types\/post"}],"author":[{"embeddable":true,"href":"https:\/\/www.europesays.com\/es\/wp-json\/wp\/v2\/users\/2"}],"replies":[{"embeddable":true,"href":"https:\/\/www.europesays.com\/es\/wp-json\/wp\/v2\/comments?post=284057"}],"version-history":[{"count":0,"href":"https:\/\/www.europesays.com\/es\/wp-json\/wp\/v2\/posts\/284057\/revisions"}],"wp:featuredmedia":[{"embeddable":true,"href":"https:\/\/www.europesays.com\/es\/wp-json\/wp\/v2\/media\/284058"}],"wp:attachment":[{"href":"https:\/\/www.europesays.com\/es\/wp-json\/wp\/v2\/media?parent=284057"}],"wp:term":[{"taxonomy":"category","embeddable":true,"href":"https:\/\/www.europesays.com\/es\/wp-json\/wp\/v2\/categories?post=284057"},{"taxonomy":"post_tag","embeddable":true,"href":"https:\/\/www.europesays.com\/es\/wp-json\/wp\/v2\/tags?post=284057"}],"curies":[{"name":"wp","href":"https:\/\/api.w.org\/{rel}","templated":true}]}}