{"id":284103,"date":"2025-12-12T06:05:16","date_gmt":"2025-12-12T06:05:16","guid":{"rendered":"https:\/\/www.europesays.com\/es\/284103\/"},"modified":"2025-12-12T06:05:16","modified_gmt":"2025-12-12T06:05:16","slug":"laporta-al-juzgado-este-viernes","status":"publish","type":"post","link":"https:\/\/www.europesays.com\/es\/284103\/","title":{"rendered":"Laporta, al juzgado este viernes"},"content":{"rendered":"<p class=\"\"><b>Joan Laporta acudir\u00e1 este viernes a las 11,30 horas a la Ciutat de la Just\u00edcia a <\/b>petici\u00f3n de Alejandra Gil, la jueza que instruye el caso Negreira que quiere saber de primera mano el motivo de los pagos al n\u00famero dos de los \u00e1rbitros en el primer periodo de presidencia del actual mandatario blaugrana que abarca del 2003 al 2010.<\/p>\n<p><a href=\"https:\/\/as.com\/resultados\/ficha\/equipo\/barcelona\/3\/\" rel=\"nofollow noopener\" target=\"_blank\"><img decoding=\"async\" src=\"https:\/\/www.europesays.com\/es\/wp-content\/uploads\/2025\/12\/1765519515_338_3.png\" alt=\"Laporta, al juzgado este viernes\" height=\"80\" width=\"80\"  loading=\"lazy\" data-error-image=\"https:\/\/static.as.com\/dist\/resources\/images\/placeholder-team.png\"\/><\/a><\/p>\n<p class=\"\"><b>A tratarse de la fase de instrucci\u00f3n del caso y no de un juicio, la comparecencia de Laporta ser\u00e1 a puerta cerrada en el despacho de la jueza <\/b>que tambi\u00e9n ha citado para este viernes a los exentrenadores del Barcelona <b>Ernesto Valverde<\/b> y <b>Luis Enrique Mart\u00ednez,<\/b> que actualmente dirigen al Athletic y el Par\u00eds Saint-Germain y que testificar\u00e1n antes mediante videoconferencia.<\/p>\n<p class=\"\">El motivo de citar a ambos entrenadores es el de conocer de primera mano si ambos t\u00e9cnicos ten\u00edan acceso o hab\u00edan solicitado en alguna ocasi\u00f3n los informes arbitrales que realizaba <b>Javier Enr\u00edquez<\/b>, hijo del n\u00famero dos de los \u00e1rbitros en la \u00e9poca de \u00c1ngel Mar\u00eda Villar como presidente de la Federaci\u00f3n.<\/p>\n<p class=\"\">En varias ocasiones preguntados por la prensa, ambos coincidieron en afirmar que no utilizaron esos informes, aunque no descartaron que desde el club se pudieran pedir. Javier Enr\u00edquez tambi\u00e9n <b>realiz\u00f3 estos informes para la Selecci\u00f3n Espa\u00f1ola<\/b> de f\u00fatbol as\u00ed como ofrec\u00eda sus servicios de \u2018coaching\u2019 a diversos colegiados y en ocasiones era el enviado por el Barcelona para recibir a los \u00e1rbitros que viajaban a la capital catalana.<\/p>\n<p class=\"\">La relaci\u00f3n entre Javier y su padre est\u00e1 rota desde hace tiempo y siempre el hijo ha desvinculado sus tareas de informador de lo que pod\u00eda cobrar su padre del Barcelona durante el mandato de cuatro presidentes blaugrana.<\/p>\n<p class=\"\">Con las comparecencias de este viernes el caso vuelve a la actualidad despu\u00e9s de que en declaraciones a SER Catalunya,<b> Joan Gaspart<\/b> se\u00f1alara directamente al presidente del Real Madrid: \u201cEl Negreira del f\u00fatbol espa\u00f1ol es el se\u00f1or Florentino P\u00e9rez. El Madrid hace cien a\u00f1os que es Negreira y Florentino P\u00e9rez ejerce de Negreira desde hace 25 a\u00f1os. El \u00fanico tramposo aqu\u00ed es Florentino\u201d.<\/p>\n<p>Noticias relacionadas<a href=\"https:\/\/as.com\/opinion\/laporta-y-el-articulo-458-del-codigo-penal-f202512-n\/\" class=\"s_m_w\" title=\"La magistrada Alejandra Gil, tiene preguntas para el presidente, a quien el C\u00f3digo Penal (C.P.), obliga a decir la verdad, toda la verdad y nada m\u00e1s que la verdad.\" data-tb-link=\"\" rel=\"nofollow noopener\" target=\"_blank\"><img decoding=\"async\" src=\"https:\/\/www.europesays.com\/es\/wp-content\/uploads\/2025\/12\/77MKBWR2UBOFDENWGKNKU4TKRA.jpg\" alt=\"Laporta y el art\u00edculo 458 del C\u00f3digo Penal\" class=\"\" height=\"9\" width=\"16\"   loading=\"lazy\" data-tb-thumbnail=\"\"\/><\/a><a href=\"https:\/\/as.com\/futbol\/primera\/laporta-el-madrid-es-el-poder-y-el-barca-la-libertad-f202512-n\/\" class=\"s_m_w\" title=\"El presidente del Barcelona vuelve a escenificar su distancia con el club de Florentino P\u00e9rez y asegura que en verano se podr\u00e1 fichar a un crack.\" data-tb-link=\"\" rel=\"nofollow noopener\" target=\"_blank\"><img decoding=\"async\" src=\"https:\/\/www.europesays.com\/es\/wp-content\/uploads\/2025\/12\/1765519516_445_ODYDWSC4RRJAVKSXRFKOKAFQ3E.jpg\" alt=\"Laporta: \u201cEl Madrid es el poder y el Bar\u00e7a, la libertad\u201d\" class=\"\" height=\"9\" width=\"16\"   loading=\"lazy\" data-tb-thumbnail=\"\"\/><\/a><\/p>\n<p class=\"\"><b>\u00a1Tus opiniones importan!<\/b> Comenta en los art\u00edculos y suscr\u00edbete gratis a nuestra <a href=\"https:\/\/asfan.as.com\/newsletters\/\" target=\"_blank\" rel=\"nofollow noopener\" title=\"https:\/\/asfan.as.com\/newsletters\/\">newsletter<\/a> y a las alertas informativas en la <a href=\"https:\/\/as.com\/aplicacion-de-as-n\/\" target=\"_blank\" rel=\"nofollow noopener\" title=\"https:\/\/as.com\/aplicacion-de-as-n\/\">App<\/a> o el canal de <a href=\"https:\/\/www.whatsapp.com\/channel\/0029VaAasdA7j6g745nz9M10\" target=\"_blank\" rel=\"nofollow noopener\" title=\"https:\/\/www.whatsapp.com\/channel\/0029VaAasdA7j6g745nz9M10\">WhatsApp<\/a>.<\/p>\n<p class=\"\">\u00bfBuscas licenciar contenido? Haz clic <a href=\"https:\/\/profesional.elpais.com\/soluciones-sindicacion?utm_medium=interno&amp;utm_source=crosslinking&amp;utm_campaign=sindicacion_as_pie_articulos\" target=\"_blank\" rel=\"nofollow noopener\" title=\"https:\/\/profesional.elpais.com\/soluciones-sindicacion?utm_medium=interno&amp;utm_source=crosslinking&amp;utm_campaign=sindicacion_as_pie_articulos\">aqu\u00ed<\/a><\/p>\n","protected":false},"excerpt":{"rendered":"Joan Laporta acudir\u00e1 este viernes a las 11,30 horas a la Ciutat de la Just\u00edcia a petici\u00f3n de&hellip;\n","protected":false},"author":2,"featured_media":284104,"comment_status":"","ping_status":"","sticky":false,"template":"","format":"standard","meta":{"footnotes":""},"categories":[268],"tags":[168,25,24,280,282,281,23,167],"class_list":{"0":"post-284103","1":"post","2":"type-post","3":"status-publish","4":"format-standard","5":"has-post-thumbnail","7":"category-futbol","8":"tag-deportes","9":"tag-es","10":"tag-espana","11":"tag-football","12":"tag-futbol","13":"tag-soccer","14":"tag-spain","15":"tag-sports"},"share_on_mastodon":{"url":"https:\/\/pubeurope.com\/@es\/115705094188631184","error":""},"_links":{"self":[{"href":"https:\/\/www.europesays.com\/es\/wp-json\/wp\/v2\/posts\/284103","targetHints":{"allow":["GET"]}}],"collection":[{"href":"https:\/\/www.europesays.com\/es\/wp-json\/wp\/v2\/posts"}],"about":[{"href":"https:\/\/www.europesays.com\/es\/wp-json\/wp\/v2\/types\/post"}],"author":[{"embeddable":true,"href":"https:\/\/www.europesays.com\/es\/wp-json\/wp\/v2\/users\/2"}],"replies":[{"embeddable":true,"href":"https:\/\/www.europesays.com\/es\/wp-json\/wp\/v2\/comments?post=284103"}],"version-history":[{"count":0,"href":"https:\/\/www.europesays.com\/es\/wp-json\/wp\/v2\/posts\/284103\/revisions"}],"wp:featuredmedia":[{"embeddable":true,"href":"https:\/\/www.europesays.com\/es\/wp-json\/wp\/v2\/media\/284104"}],"wp:attachment":[{"href":"https:\/\/www.europesays.com\/es\/wp-json\/wp\/v2\/media?parent=284103"}],"wp:term":[{"taxonomy":"category","embeddable":true,"href":"https:\/\/www.europesays.com\/es\/wp-json\/wp\/v2\/categories?post=284103"},{"taxonomy":"post_tag","embeddable":true,"href":"https:\/\/www.europesays.com\/es\/wp-json\/wp\/v2\/tags?post=284103"}],"curies":[{"name":"wp","href":"https:\/\/api.w.org\/{rel}","templated":true}]}}