{"id":284105,"date":"2025-12-12T06:06:10","date_gmt":"2025-12-12T06:06:10","guid":{"rendered":"https:\/\/www.europesays.com\/es\/284105\/"},"modified":"2025-12-12T06:06:10","modified_gmt":"2025-12-12T06:06:10","slug":"sale-a-la-luz-la-pension-que-isabel-preysler-74-anos-recibe-de-la-seguridad-social","status":"publish","type":"post","link":"https:\/\/www.europesays.com\/es\/284105\/","title":{"rendered":"Sale a la luz la pensi\u00f3n que Isabel Preysler (74 a\u00f1os) recibe de la Seguridad Social"},"content":{"rendered":"<p><strong>Mar\u00eda Isabel Preysler Arrastia<\/strong>, conocida en todo el pa\u00eds como <strong>Isabel Preysler<\/strong>, sigue siendo una de las figuras sociales m\u00e1s influyentes de la &#8216;socialit\u00e9&#8217; en\u00a0<strong>Espa\u00f1a<\/strong>. Nacida en Manila (Filipinas) y afincada en la capital desde su juventud, la socialit\u00e9 y presentadora ha construido una trayectoria p\u00fablica marcada tanto por su imagen elegante como por sus medi\u00e1ticas relaciones con <strong>Julio Iglesias<\/strong>, <strong>Carlos Falc\u00f3<\/strong>, <strong>Miguel Boyer<\/strong> y, m\u00e1s recientemente, <strong>Mario Vargas Llosa<\/strong>. Aunque nunca ha tenido problemas econ\u00f3micos,<strong> &#8216;El Programa de Ana Rosa&#8217;<\/strong> desvel\u00f3 meses atr\u00e1s que la arist\u00f3crata podr\u00eda estar percibiendo una pensi\u00f3n de la <strong>Seguridad Social<\/strong>.<\/p>\n<p>La empresaria vuelve a ser noticia este jueves 11 de diciembre por su visita a<strong> &#8216;El Hormiguero&#8217;<\/strong>, donde ya acudi\u00f3 hace unos meses para presentar sus memorias, pero en esta ocasi\u00f3n, lo har\u00e1 en calidad de invitada a la tertulia acompa\u00f1ada por <strong>Cristina Pardo, Tamara Falc\u00f3, Nuria Roca, Juan del Val y Pablo Motos<\/strong>. En el libro presentado hace unos meses, \u00abLa Preysler\u00bb\u00a0relataba su vida desde dentro, desmonta rumores y ofrec\u00eda su propia versi\u00f3n de los hechos. Entre los cap\u00edtulos, la figura de <strong>Miguel Boyer<\/strong>, su exmarido, ocupa un papel central, pues de \u00e9l procede precisamente la <a target=\"_blank\" href=\"https:\/\/www.elmira.es\/tags\/pensiones\/\" rel=\"nofollow noopener\">pensi\u00f3n<\/a> que podr\u00eda estar recibiendo en la actualidad.<\/p>\n<p>La pensi\u00f3n que podr\u00eda estar cobrando Isabel Preysler de la Seguridad Social<\/p>\n<p>En 2014 falleci\u00f3 <strong>Miguel Boyer<\/strong> y, seg\u00fan la legislaci\u00f3n vigente, <strong>Preysler <\/strong>reun\u00eda todos los requisitos para acceder a la <strong>pensi\u00f3n de viudedad<\/strong>. Esta prestaci\u00f3n est\u00e1 destinada a quienes han estado casados o han sido pareja de hecho del fallecido, siempre que se cumplan las condiciones que exige el Estado. Se trata de una ayuda muy frecuente dentro del sistema, cuyo objetivo es evitar que el fallecimiento del sustentador econ\u00f3mico deje en situaci\u00f3n de vulnerabilidad a su entorno.<\/p>\n<p>Aunque pueda sorprender, no es algo excepcional que personajes con un alto nivel adquisitivo \u2014como <strong>Isabel Pantoja o Mayte Zald\u00edvar<\/strong>\u2014 cobren <strong>prestaciones p\u00fablicas<\/strong>. Y es que la <strong>pensi\u00f3n de viudedad<\/strong> no depende del patrimonio del beneficiario, sino de las cotizaciones acumuladas por la persona fallecida durante su vida laboral. Por ello, puede ser percibida tanto por personas con recursos modestos como por grandes fortunas.<\/p>\n<p>En el caso de Preysler, el derecho nace tras <strong>26 a\u00f1os de matrimonio con Boyer<\/strong>, quien cotiz\u00f3 durante d\u00e9cadas al sistema. Su fallecimiento dej\u00f3 a la empresaria filipina como destinataria legal de esta ayuda, tal y como contempla la normativa espa\u00f1ola.<\/p>\n<p>La pensi\u00f3n de viudedad de Isabel Preysler, al descubierto<\/p>\n<p>La <strong>pensi\u00f3n de viudedad<\/strong> garantiza un ingreso continuado a quienes pierden a su c\u00f3nyuge, siempre que el fallecido haya contribuido al sistema de Seguridad Social. No depende de los ingresos del beneficiario, sino exclusivamente de la <strong>base reguladora del c\u00f3nyuge fallecido<\/strong>. Por ello, tanto una figura medi\u00e1tica como una persona con rentas bajas pueden recibir la misma prestaci\u00f3n si cumplen los requisitos.<\/p>\n<p>Este detalle sobre la situaci\u00f3n de <strong>Preysler <\/strong>se hizo p\u00fablico en &#8216;El Programa de Ana Rosa&#8217;, cuando la periodista <strong>Paloma Barrientos<\/strong> explic\u00f3 que una de las razones por las que Isabel <strong>nunca contrajo matrimonio con Mario Vargas Llosa<\/strong> podr\u00eda haber sido para no perder esta ayuda. La normativa es clara: si la viuda vuelve a casarse, pierde autom\u00e1ticamente la pensi\u00f3n vinculada al fallecido.<\/p>\n<p>Habitualmente, la cuant\u00eda equivale al <strong>52% de la base reguladora<\/strong>, aunque puede elevarse al <strong>60% en ciertos casos y hasta el 70% cuando existen cargas familiares y bajos ingresos<\/strong>. Este \u00faltimo supuesto, evidentemente, no se aplica a Isabel Preysler. Aun as\u00ed, seg\u00fan la informaci\u00f3n revelada en Telecinco, la socialit\u00e9 estar\u00eda recibiendo esta prestaci\u00f3n desde 2014, independientemente de su holgada situaci\u00f3n econ\u00f3mica.<\/p>\n","protected":false},"excerpt":{"rendered":"Mar\u00eda Isabel Preysler Arrastia, conocida en todo el pa\u00eds como Isabel Preysler, sigue siendo una de las figuras&hellip;\n","protected":false},"author":2,"featured_media":284106,"comment_status":"","ping_status":"","sticky":false,"template":"","format":"standard","meta":{"footnotes":""},"categories":[174],"tags":[255,95,146,147,25,24,256,12865,23],"class_list":{"0":"post-284105","1":"post","2":"type-post","3":"status-publish","4":"format-standard","5":"has-post-thumbnail","7":"category-famosos","8":"tag-celebrities","9":"tag-economia","10":"tag-entertainment","11":"tag-entretenimiento","12":"tag-es","13":"tag-espana","14":"tag-famosos","15":"tag-pensiones","16":"tag-spain"},"share_on_mastodon":{"url":"https:\/\/pubeurope.com\/@es\/115705097994372167","error":""},"_links":{"self":[{"href":"https:\/\/www.europesays.com\/es\/wp-json\/wp\/v2\/posts\/284105","targetHints":{"allow":["GET"]}}],"collection":[{"href":"https:\/\/www.europesays.com\/es\/wp-json\/wp\/v2\/posts"}],"about":[{"href":"https:\/\/www.europesays.com\/es\/wp-json\/wp\/v2\/types\/post"}],"author":[{"embeddable":true,"href":"https:\/\/www.europesays.com\/es\/wp-json\/wp\/v2\/users\/2"}],"replies":[{"embeddable":true,"href":"https:\/\/www.europesays.com\/es\/wp-json\/wp\/v2\/comments?post=284105"}],"version-history":[{"count":0,"href":"https:\/\/www.europesays.com\/es\/wp-json\/wp\/v2\/posts\/284105\/revisions"}],"wp:featuredmedia":[{"embeddable":true,"href":"https:\/\/www.europesays.com\/es\/wp-json\/wp\/v2\/media\/284106"}],"wp:attachment":[{"href":"https:\/\/www.europesays.com\/es\/wp-json\/wp\/v2\/media?parent=284105"}],"wp:term":[{"taxonomy":"category","embeddable":true,"href":"https:\/\/www.europesays.com\/es\/wp-json\/wp\/v2\/categories?post=284105"},{"taxonomy":"post_tag","embeddable":true,"href":"https:\/\/www.europesays.com\/es\/wp-json\/wp\/v2\/tags?post=284105"}],"curies":[{"name":"wp","href":"https:\/\/api.w.org\/{rel}","templated":true}]}}