{"id":284107,"date":"2025-12-12T06:09:12","date_gmt":"2025-12-12T06:09:12","guid":{"rendered":"https:\/\/www.europesays.com\/es\/284107\/"},"modified":"2025-12-12T06:09:12","modified_gmt":"2025-12-12T06:09:12","slug":"del-shock-de-los-expulsados-a-la-reaccion-de-los-finalistas-a-la-cancelacion-del-programa","status":"publish","type":"post","link":"https:\/\/www.europesays.com\/es\/284107\/","title":{"rendered":"del shock de los expulsados a la reacci\u00f3n de los finalistas a la cancelaci\u00f3n del programa"},"content":{"rendered":"<p>En tan solo una semana, se conocer\u00e1 <strong>el nombre del ganador de \u2018Gran Hermano 20\u2019.<\/strong> Eso quiere decir que las galas que quedan son vertiginosas en cuanto al ritmo se refiere. El claro ejemplo, el programa que ayer por la noche <strong>present\u00f3 Jorge Javier V\u00e1zquez<\/strong>. Fue una noche determinante de cara a la gran final. Hubo muchas expulsiones, se proclamaron los cinco finalistas de la edici\u00f3n, el presentador anunci\u00f3 la fecha de la final, los concursantes reaccionaron a la cancelaci\u00f3n del reality y hubo mucha tensi\u00f3n en los reencuentros que tuvieron lugar en el plat\u00f3.<\/p>\n<p>Durante toda la gala, <strong>la cara de los concursantes de \u2018Gran Hermano 20\u2019<\/strong> fue un poema. Ellos pensaban que la edici\u00f3n durar\u00eda hasta febrero. Eso era lo que hab\u00edan firmado antes de entrar <strong>en la casa de Tres Cantos<\/strong>. Sin embargo, los malos datos de audiencia hicieron que Mediaset tomara la decisi\u00f3n de adelantar el final del concurso. Algo que ellos ya sospechaban pero que ayer confirmaron. Lo hicieron a trav\u00e9s de las expulsiones fulminantes.<\/p>\n<p><img loading=\"lazy\" decoding=\"async\"   src=\"https:\/\/www.europesays.com\/es\/wp-content\/uploads\/2025\/12\/concursantes-gran-hermano_e506ca6d_251212061247_1200x760.webp.webp\" alt=\"Concursantes Gran Hermano\" class=\"lazyload\" width=\"1200\" height=\"760\" data-aspectratio=\"1200\/760\"\/><\/p>\n<p>Los concursantes se quedaron at\u00f3nitos al conocer que el programa acaba en una semana.<\/p>\n<p>&#13;@ghoficial<br \/>\nShock al conocer el nombre de los finalistas<\/p>\n<p>Las expulsiones llegaron con <strong>una mec\u00e1nica ins\u00f3lita<\/strong>. Los concursantes que quedaban en la casa se batieron en duelo. Ni nominaciones ni nada. \u00abOs vais a enfrentar en <strong>duelos<\/strong>,\u00a0tendr\u00e9is que desafiar a un compa\u00f1ero\u00a0y la audiencia decidir\u00e1, en cada votaci\u00f3n, qui\u00e9n sigue y qui\u00e9n se va\u00bb, les inform\u00f3 Jorge Javier. Unos duelos que terminaron con <strong>Joon, Aroa, Edurne y Jonay<\/strong> como los expulsados de la noche.<\/p>\n<p><img loading=\"lazy\" decoding=\"async\"   src=\"https:\/\/www.europesays.com\/es\/wp-content\/uploads\/2025\/12\/concursantes-gran-hermano_35f71819_251212061445_1200x685.webp.webp\" alt=\"Concursantes Gran Hermano\" class=\"lazyload\" width=\"1200\" height=\"685\" data-aspectratio=\"1200\/685\"\/><\/p>\n<p>La mec\u00e1nica de expulsi\u00f3n fue batirse en duelos que terminaron con un expulsado y un finalista.<\/p>\n<p>&#13;Telecinco<\/p>\n<p>Sus reacciones fueron las de <strong>sorpresa y resignaci\u00f3n<\/strong>. Aunque imaginaban que la final se hab\u00eda acelerado, lo que no pasaba por sus cabezas era que en una misma noche tantos se ir\u00edan a casa. Al igual que no imaginaban que la gala terminar\u00eda con <strong>Ra\u00fal, Roc\u00edo, Desir\u00e9e, Cristian y Aquilino<\/strong> como <a href=\"https:\/\/www.lecturas.com\/actualidad\/shock-total-conocer-finalistas-gran-hermano-20-asi-ha-sido-gala-mas-decisiva-edicion_185738\" rel=\"nofollow noopener\" target=\"_blank\">los cinco finalistas que optan a llevarse el malet\u00edn<\/a>. Algo para lo que contar\u00e1n con la ayuda de los jefes de campa\u00f1a.<\/p>\n<p><strong>Los cinco eligieron a los exconcursantes <\/strong>que quieren que hagan campa\u00f1a por ellos para ganar el reality de Telecinco. Ra\u00fal eligi\u00f3 a Edurne, Roc\u00edo a Josema, Deisr\u00e9e a Mamadou, Cristian a Joon y Aquilino a Aroa. Ahora, lo que les toca a todos es darlo todo para que uno de los cinco finalistas se convierta en ganador el pr\u00f3ximo jueves. <strong>El 18 de diciembre es el d\u00eda elegido <\/strong>para la gran final de \u2018Gran Hermano 20\u2019.<\/p>\n<p><img loading=\"lazy\" decoding=\"async\"   src=\"https:\/\/www.europesays.com\/es\/wp-content\/uploads\/2025\/12\/finalistas-gran-hermano-20_b343bef2_251212061522_1200x653.webp.webp\" alt=\"Finalistas Gran Hermano 20\" class=\"lazyload\" width=\"1200\" height=\"653\" data-aspectratio=\"1200\/653\"\/><\/p>\n<p>Los finalistas eligieron a los jefes de campa\u00f1a entre los exconcursantes.<\/p>\n<p>&#13;Telecinco<br \/>\nLa iron\u00eda de Jorge Javier al anunciar la fecha de la final<\/p>\n<p>As\u00ed lo anunci\u00f3 ayer Jorge Javier. Durante la gala, explic\u00f3 que <strong>el domingo habr\u00e1 una semifinal <\/strong>presentada por Ion Aramendi y que el jueves que viene \u00e9l se pondr\u00e1 al frente de la gala en la que se proclamar\u00e1 al ganador de la edici\u00f3n. Un anuncio que el presentador hizo <a href=\"https:\/\/www.lecturas.com\/television\/jorge-javier-vazquez-ironiza-anuncia-fecha-gran-final-gran-hermano-que-rapido-se-me-ha-pasado-esta-edicion_185737\" rel=\"nofollow noopener\" target=\"_blank\">tirando de la iron\u00eda que le caracteriza<\/a>. \u201cOs lo tengo que decir, \u00a1qu\u00e9 r\u00e1pido se me ha pasado esta edici\u00f3n!\u201d, dijo levantando las risas de los presentes en el plat\u00f3.<\/p>\n<p><img loading=\"lazy\" decoding=\"async\"   src=\"https:\/\/www.europesays.com\/es\/wp-content\/uploads\/2025\/12\/gran-hermano-jorge-javier-vazquez_e4624f74_251212061629_1200x658.webp.webp\" alt=\"Gran Hermano Jorge Javier V\u00e1zquez\" class=\"lazyload\" width=\"1200\" height=\"658\" data-aspectratio=\"1200\/658\"\/><\/p>\n<p>Jorge Javier anunci\u00f3 el fin de la edici\u00f3n con su caracter\u00edstica iron\u00eda.<\/p>\n<p>&#13;Telecinco<br \/>\nLa reacci\u00f3n de los finalistas a la cancelaci\u00f3n del programa<\/p>\n<p>Despu\u00e9s de enterarse de la cancelaci\u00f3n del programa, los concursantes que quedan en la casa reaccionaron. Lo hicieron <strong>resignados pero tambi\u00e9n con esa iron\u00eda <\/strong>con la que pusieron cierto humor al asunto. Desi dijo \u201cha durado m\u00e1s \u2018Uno de GH 20\u2019 que \u2018GH 20\u2019\u201d. Un comentario que despert\u00f3 las risas de sus compa\u00f1eros.<\/p>\n<p><img loading=\"lazy\" decoding=\"async\"   src=\"https:\/\/www.europesays.com\/es\/wp-content\/uploads\/2025\/12\/concursantes-gran-hermano-20_73ad1d63_251212062347_1200x750.webp.webp\" alt=\"Concursantes Gran Hermano 20\" class=\"lazyload\" width=\"1200\" height=\"750\" data-aspectratio=\"1200\/750\"\/><\/p>\n<p>Los finalistas no han perdido el sentido del humor al conocer la cancelaci\u00f3n del reality.<\/p>\n<p>&#13;Telecinco<br \/>\nLos momentos protagonizados por exconcursantes<\/p>\n<p>Mientras, en el plat\u00f3, los ya exconcursantes protagonizaron algunos momentos. Por su parte, <strong>Paula se mostr\u00f3 arrepentida <\/strong>del acercamiento con su compa\u00f1ero Aquilino. \u201cSoy muy cari\u00f1osa, doy abrazos a mis amigos, soy as\u00ed. Pero deber\u00eda haber puesto distancia en algunas cosas para que \u00e9l no sufriera\u201d, coment\u00f3 para despu\u00e9s dejar claro que est\u00e1 mejor que nunca con su novio Jos\u00e9 Mar\u00eda, con el que se ha comprometido.<\/p>\n<p>Tambi\u00e9n Paula, junto a sus compa\u00f1eros <strong>Mamadou y Jos\u00e9 Manuel,<\/strong> tacharon a su compa\u00f1ero Jonay de \u201cfalso\u201d. Algo que ahora que \u00e9l ha sido expulsado, tendr\u00e1n oportunidad de decirle a la cara. Pero no todo fueron reproches o momentos tensos. Tambi\u00e9n hubo tiempo para un acercamiento despu\u00e9s de semanas de rifirrafes.<\/p>\n<p><img loading=\"lazy\" decoding=\"async\"   src=\"https:\/\/www.europesays.com\/es\/wp-content\/uploads\/2025\/12\/paula-gran-hermano-20_2c85b938_251212061656_1200x647.webp.webp\" alt=\"Paula Gran Hermano 20\" class=\"lazyload\" width=\"1200\" height=\"647\" data-aspectratio=\"1200\/647\"\/><\/p>\n<p>Paula fue una de las protagonistas del plat\u00f3 al hablar de su relaci\u00f3n con Aquilino.<\/p>\n<p>&#13;Telecinco<\/p>\n<p>En el plat\u00f3 de \u2018Gran Hermano 20\u2019, <strong>Patricia y Almudena <\/strong>se reencontraron. All\u00ed se fundieron en un abrazo y decidieron poner fin a la guerra que mantuvieron dentro de la casa. Patricia le dijo a la que fuera su amiga \u00ablo siento. Si se da la oportunidad lo hablar\u00e9 contigo.\u00a0Te he echado de menos que lo sepas\u00bb. Unas palabras que Almudena recibi\u00f3 con la mejor de las actitudes. Hubo un abrazo de la paz con el que la gala se calm\u00f3 un poco.<\/p>\n<p>Ahora, lo que queda es <strong>esperar al domingo y al jueves<\/strong> para ver las \u00faltimas tramas de &#8216;Gran Hermano 20&#8217; y para conocer al ganador. Mientras, en la casa ya hablan del posible estreno de &#8216;GH El reencuentro&#8217; despu\u00e9s de Navidad. Y todo apunta a que as\u00ed ser\u00e1. Desde Mediaset estar\u00edan barajando hacer una edici\u00f3n con famosos como previa a &#8216;Supervivientes 2026&#8217;.<\/p>\n","protected":false},"excerpt":{"rendered":"En tan solo una semana, se conocer\u00e1 el nombre del ganador de \u2018Gran Hermano 20\u2019. Eso quiere decir&hellip;\n","protected":false},"author":2,"featured_media":284108,"comment_status":"","ping_status":"","sticky":false,"template":"","format":"standard","meta":{"footnotes":""},"categories":[171],"tags":[146,147,25,24,23,214],"class_list":{"0":"post-284107","1":"post","2":"type-post","3":"status-publish","4":"format-standard","5":"has-post-thumbnail","7":"category-tv","8":"tag-entertainment","9":"tag-entretenimiento","10":"tag-es","11":"tag-espana","12":"tag-spain","13":"tag-tv"},"share_on_mastodon":{"url":"https:\/\/pubeurope.com\/@es\/115705110646584147","error":""},"_links":{"self":[{"href":"https:\/\/www.europesays.com\/es\/wp-json\/wp\/v2\/posts\/284107","targetHints":{"allow":["GET"]}}],"collection":[{"href":"https:\/\/www.europesays.com\/es\/wp-json\/wp\/v2\/posts"}],"about":[{"href":"https:\/\/www.europesays.com\/es\/wp-json\/wp\/v2\/types\/post"}],"author":[{"embeddable":true,"href":"https:\/\/www.europesays.com\/es\/wp-json\/wp\/v2\/users\/2"}],"replies":[{"embeddable":true,"href":"https:\/\/www.europesays.com\/es\/wp-json\/wp\/v2\/comments?post=284107"}],"version-history":[{"count":0,"href":"https:\/\/www.europesays.com\/es\/wp-json\/wp\/v2\/posts\/284107\/revisions"}],"wp:featuredmedia":[{"embeddable":true,"href":"https:\/\/www.europesays.com\/es\/wp-json\/wp\/v2\/media\/284108"}],"wp:attachment":[{"href":"https:\/\/www.europesays.com\/es\/wp-json\/wp\/v2\/media?parent=284107"}],"wp:term":[{"taxonomy":"category","embeddable":true,"href":"https:\/\/www.europesays.com\/es\/wp-json\/wp\/v2\/categories?post=284107"},{"taxonomy":"post_tag","embeddable":true,"href":"https:\/\/www.europesays.com\/es\/wp-json\/wp\/v2\/tags?post=284107"}],"curies":[{"name":"wp","href":"https:\/\/api.w.org\/{rel}","templated":true}]}}