{"id":284122,"date":"2025-12-12T06:17:08","date_gmt":"2025-12-12T06:17:08","guid":{"rendered":"https:\/\/www.europesays.com\/es\/284122\/"},"modified":"2025-12-12T06:17:08","modified_gmt":"2025-12-12T06:17:08","slug":"la-reaparicion-de-maria-corina-machado-en-oslo-y-las-incognitas-que-deja-abiertas-el-pais-expres","status":"publish","type":"post","link":"https:\/\/www.europesays.com\/es\/284122\/","title":{"rendered":"La reaparici\u00f3n de Mar\u00eda Corina Machado en Oslo y las inc\u00f3gnitas que deja abiertas | El PA\u00cdS Expr\u00e9s"},"content":{"rendered":"<p><img fetchpriority=\"high\" decoding=\"auto\" class=\"_re  a_m-h\" height=\"414\"  width=\"414\"  src=\"https:\/\/www.europesays.com\/es\/wp-content\/uploads\/2025\/12\/4JRSNQ5HMJGIHMBO4GBFJOM3AM.jpg\" loading=\"eager\"\/>Nobel Peace Prize laureate Maria Corina Machado smiles during a press conference at the Grand Hotel in Oslo, Norway, Thursday, Dec. 11, 2025. (Heiko Junge\/NTB Scanpix via AP)Foto: Heiko Junge (AP)<\/p>\n<p class=\"\">La opositora venezolana Mar\u00eda Corina Machado ha reaparecido en Oslo tras 16 meses en la clandestinidad y lo ha hecho en un escenario de enorme expectaci\u00f3n pol\u00edtica y medi\u00e1tica. Estaba visiblemente emocionada al agradecer el Premio Nobel de la Paz, que defini\u00f3 como un reconocimiento \u201cal pueblo de Venezuela\u201d. <\/p>\n<p class=\"\"><b>Y se mostr\u00f3 cautelosa ante preguntas clave\u2026<\/b> En sus dos comparecencias evit\u00f3 despejar las grandes inc\u00f3gnitas que la rodean: c\u00f3mo logr\u00f3 salir del pa\u00eds, si planea competir por la presidencia y si respalda una intervenci\u00f3n militar directa de Estados Unidos. <\/p>\n<ul>\n<li>Aunque dej\u00f3 entrever su posici\u00f3n al elogiar \u201clas acciones decisivas\u201d de Donald Trump y afirmar que sin ellas la oposici\u00f3n no habr\u00eda llegado \u201cal punto donde est\u00e1 ahora\u201d.<\/li>\n<\/ul>\n<p class=\"\"><b>Un viaje arriesgado (y que est\u00e1 rodeado de inc\u00f3gnitas). <\/b>Machado confirm\u00f3 que cont\u00f3 con apoyo de Washington, pero se neg\u00f3 a ofrecer detalles por la seguridad de quienes la ayudaron. <\/p>\n<ul>\n<li>Sin embargo, informaciones muy detalladas publicadas por The Wall Street Journal, el viaje dur\u00f3 48 horas, necesit\u00f3 un disfraz, super\u00f3 una decena de controles militares para llegar a la costa venezolana y de ah\u00ed zarpar hacia la isla de Curazao, donde le recogi\u00f3 un avi\u00f3n enviado desde Miami, que tras una escala en Estados Unidos acab\u00f3 en Oslo. <\/li>\n<\/ul>\n<p class=\"\"><b>\u00bfVolver\u00e1 a Venezuela?<\/b> Asegur\u00f3 que regresar\u00e1 \u201ccuando se den las condiciones propicias\u201d para su seguridad y subray\u00f3 que su retorno no depende de la continuidad del r\u00e9gimen. No obstante, explic\u00f3 que su equipo tiene medios para burlar la vigilancia estatal. <\/p>\n<p class=\"\">\u00a9Foto: Heiko Junge (AP)<\/p>\n<p class=\"\"><a href=\"https:\/\/elpais.com\/internacional\/2025-12-11\/la-odisea-de-maria-corina-machado-48-horas-de-un-viaje-secreto-un-disfraz-y-dos-acompanantes.html\" target=\"_self\" rel=\"nofollow noopener\" title=\"https:\/\/elpais.com\/internacional\/2025-12-11\/la-odisea-de-maria-corina-machado-48-horas-de-un-viaje-secreto-un-disfraz-y-dos-acompanantes.html\">Si quieres saber m\u00e1s, puedes leer aqu\u00ed.<\/a><\/p>\n","protected":false},"excerpt":{"rendered":"Nobel Peace Prize laureate Maria Corina Machado smiles during a press conference at the Grand Hotel in Oslo,&hellip;\n","protected":false},"author":2,"featured_media":284123,"comment_status":"","ping_status":"","sticky":false,"template":"","format":"standard","meta":{"footnotes":""},"categories":[42],"tags":[17,18,1196,13,14,11,61,62,63,64,19,20,4371,9,1194,25064,4907,10,15,16,49324,22448,12,21,22,1192,65,66,67],"class_list":{"0":"post-284122","1":"post","2":"type-post","3":"status-publish","4":"format-standard","5":"has-post-thumbnail","7":"category-internacional","8":"tag-breaking-news","9":"tag-breakingnews","10":"tag-chavismo","11":"tag-featured-news","12":"tag-featurednews","13":"tag-headlines","14":"tag-internacional","15":"tag-international","16":"tag-international-news","17":"tag-internationalnews","18":"tag-latest-news","19":"tag-latestnews","20":"tag-maria-corina-machado","21":"tag-news","22":"tag-nicolas-maduro","23":"tag-nobel-de-la-paz","24":"tag-noruega","25":"tag-noticias","26":"tag-noticias-destacadas","27":"tag-noticiasdestacadas","28":"tag-oslo","29":"tag-premios-nobel","30":"tag-titulares","31":"tag-ultimas-noticias","32":"tag-ultimasnoticias","33":"tag-venezuela","34":"tag-world","35":"tag-world-news","36":"tag-worldnews"},"share_on_mastodon":{"url":"","error":"Validation failed: Text character limit of 500 exceeded"},"_links":{"self":[{"href":"https:\/\/www.europesays.com\/es\/wp-json\/wp\/v2\/posts\/284122","targetHints":{"allow":["GET"]}}],"collection":[{"href":"https:\/\/www.europesays.com\/es\/wp-json\/wp\/v2\/posts"}],"about":[{"href":"https:\/\/www.europesays.com\/es\/wp-json\/wp\/v2\/types\/post"}],"author":[{"embeddable":true,"href":"https:\/\/www.europesays.com\/es\/wp-json\/wp\/v2\/users\/2"}],"replies":[{"embeddable":true,"href":"https:\/\/www.europesays.com\/es\/wp-json\/wp\/v2\/comments?post=284122"}],"version-history":[{"count":0,"href":"https:\/\/www.europesays.com\/es\/wp-json\/wp\/v2\/posts\/284122\/revisions"}],"wp:featuredmedia":[{"embeddable":true,"href":"https:\/\/www.europesays.com\/es\/wp-json\/wp\/v2\/media\/284123"}],"wp:attachment":[{"href":"https:\/\/www.europesays.com\/es\/wp-json\/wp\/v2\/media?parent=284122"}],"wp:term":[{"taxonomy":"category","embeddable":true,"href":"https:\/\/www.europesays.com\/es\/wp-json\/wp\/v2\/categories?post=284122"},{"taxonomy":"post_tag","embeddable":true,"href":"https:\/\/www.europesays.com\/es\/wp-json\/wp\/v2\/tags?post=284122"}],"curies":[{"name":"wp","href":"https:\/\/api.w.org\/{rel}","templated":true}]}}