{"id":284126,"date":"2025-12-12T06:19:12","date_gmt":"2025-12-12T06:19:12","guid":{"rendered":"https:\/\/www.europesays.com\/es\/284126\/"},"modified":"2025-12-12T06:19:12","modified_gmt":"2025-12-12T06:19:12","slug":"eeuu-quiere-que-ucrania-se-retire-del-donbas-y-crear-una-zona-economica-libre-segun-zelenski","status":"publish","type":"post","link":"https:\/\/www.europesays.com\/es\/284126\/","title":{"rendered":"EEUU quiere que Ucrania se retire del Donb\u00e1s y crear una \u00abzona econ\u00f3mica libre\u00bb, seg\u00fan Zelenski"},"content":{"rendered":"<p class=\"article-text\">\n        Estados Unidos quiere que Ucrania retire sus tropas de la regi\u00f3n de Donb\u00e1s, y Washington crear\u00eda entonces una \u201czona econ\u00f3mica libre\u201d en las partes que Kiev controla actualmente, seg\u00fan ha declarado Volod\u00edmir Zelenski.\n    <\/p>\n<p>    <a href=\"https:\/\/www.eldiario.es\/internacional\/trump-carga-zelenski-afirma-decepcionado-presidente-ucraniano-no-leido-plan-paz_1_12828158.html\" data-mrf-recirculation=\"saber-mas\" data-dl-event=\"saber-mas\" rel=\"nofollow noopener\" target=\"_blank\"><\/p>\n<p class=\"know-more__title\">Trump carga contra Zelenski y afirma estar \u00abdecepcionado\u00bb con el presidente ucraniano: \u00abA\u00fan no ha le\u00eddo el plan de paz\u00bb<\/p>\n<p>            <img decoding=\"async\" class=\"lazy\" loading=\"lazy\" data-src=\"https:\/\/static.eldiario.es\/clip\/5e6ef3c4-0dfe-4970-88e4-3f4b50d44ba4_16-9-aspect-ratio_default_0.jpg\" src=\"data:image\/svg+xml,%3Csvg xmlns=\" http:=\"\" viewbox=\"0 0 880 495\" alt=\"Trump carga contra Zelenski y afirma estar &quot;decepcionado&quot; con el presidente ucraniano: &quot;A\u00fan no ha le\u00eddo el plan de paz&quot;\"\/><\/p>\n<p>                        <\/a><\/p>\n<p class=\"article-text\">\n        Anteriormente, Estados Unidos hab\u00eda sugerido que Kiev entregara a Rusia <a href=\"https:\/\/www.eldiario.es\/internacional\/zelenski-insiste-no-cedera-territorio-rusia-prepara-nueva-revision-plan-trump_1_12829530.html\" data-mrf-recirculation=\"links-noticia\" class=\"link\" rel=\"nofollow noopener\" target=\"_blank\">las zonas de Donb\u00e1s que a\u00fan controlaba<\/a>, pero el presidente ucraniano ha dicho este jueves que Washington ha propuesto ahora una versi\u00f3n de compromiso en la que las tropas ucranianas se retirar\u00edan, pero las tropas rusas no avanzar\u00edan en el territorio.\n    <\/p>\n<p class=\"article-text\">\n        \u201cQui\u00e9n gobernar\u00e1 este territorio, al que llaman &#8216;zona econ\u00f3mica libre&#8217; o &#8216;zona desmilitarizada&#8217;, no lo saben\u201d, ha dicho el presidente ucraniano a los periodistas en Kiev.\n    <\/p>\n<p class=\"article-text\">\n        Zelenski asegura que Ucrania no cree que el plan sea justo sin garant\u00edas de que las tropas rusas no se apoderar\u00e1n simplemente de la zona tras la retirada ucraniana.\n    <\/p>\n<p class=\"article-text\">\n        \u201cSi las tropas de una de las partes tienen que retirarse y las de la otra permanecen donde est\u00e1n, \u00bfqu\u00e9 impedir\u00e1 que estas otras tropas, las rusas, se disfracen de civiles y se apoderen de esta zona econ\u00f3mica libre? Todo esto es muy grave. No es seguro que Ucrania lo acepte, pero si se habla de un compromiso, tiene que ser un compromiso justo\u201d, ha dicho.\n    <\/p>\n<p>    Elecciones o refer\u00e9ndum para ratificar un acuerdo<\/p>\n<p class=\"article-text\">\n        Zelenski ha dicho que, si Ucrania aceptara tal plan, ser\u00eda necesario celebrar elecciones o un refer\u00e9ndum para ratificarlo, ya que solo \u201cel pueblo ucraniano\u201d puede tomar decisiones sobre concesiones territoriales.\n    <\/p>\n<p class=\"article-text\">\n        Seg\u00fan los planes actuales de Estados Unidos, seg\u00fan Zelenski, Ucrania se retirar\u00eda de Donb\u00e1s, donde Rusia est\u00e1 avanzando, mientras que las l\u00edneas del frente se congelar\u00edan en las regiones de Jers\u00f3n y Zaporiyia. Rusia renunciar\u00eda a algunos peque\u00f1os enclaves que controla en otras regiones.\n    <\/p>\n<p class=\"article-text\">\n        Zelenski ha estado sometido a una enorme presi\u00f3n por parte de Donald Trump para que firme el plan de paz estadounidense. En los \u00faltimos d\u00edas, <a href=\"https:\/\/www.eldiario.es\/internacional\/trump-carga-zelenski-afirma-decepcionado-presidente-ucraniano-no-leido-plan-paz_1_12828158.html\" data-mrf-recirculation=\"links-noticia\" class=\"link\" rel=\"nofollow noopener\" target=\"_blank\">Trump ha atacado al l\u00edder ucraniano, afirmando que \u201cni siquiera ha le\u00eddo\u201d<\/a> el borrador del plan de paz y sugiriendo que carece de legitimidad y que Ucrania deber\u00eda celebrar elecciones.\n    <\/p>\n<p class=\"article-text\">\n        Zelenski ha explicado que el equipo negociador ucraniano envi\u00f3 su plan revisado a Washington el mi\u00e9rcoles, y que las cuestiones sobre el territorio y el control de la central nuclear de Zaporiyia son dos de los puntos conflictivos que quedaban por resolver. \u201cNo es el plan definitivo, es una reacci\u00f3n a lo que hemos recibido&#8230; El plan se est\u00e1 trabajando y editando constantemente, y se trata de un proceso continuo que a\u00fan est\u00e1 en marcha\u201d, afirma.\n    <\/p>\n<p class=\"article-text\">\n        Si Washington y Kiev llegan a un acuerdo, la gran pregunta sigue siendo si Vladim\u00edmir Putin est\u00e1 realmente dispuesto a firmar un acuerdo o si simplemente est\u00e1 ganando tiempo con negociaciones falsas y esperando continuar su avance militar durante el invierno.\n    <\/p>\n<p>    M\u00e1s reuniones<\/p>\n<p class=\"article-text\">\n        En Berl\u00edn, el secretario general de la OTAN, Mark Rutte, ha dicho este jueves que si se permite a Putin salirse con la suya en Ucrania, la perspectiva de una guerra en Europa se har\u00e1 m\u00e1s real, y ha advertido de que el continente ha sido \u201csilenciosamente complaciente\u201d ante la amenaza de Rusia.\n    <\/p>\n<p class=\"article-text\">\n        Rutte ha sugerido que Rusia podr\u00eda iniciar una nueva guerra en los pr\u00f3ximos cinco a\u00f1os, que podr\u00eda ser \u201cde la misma magnitud que la guerra que sufrieron nuestros abuelos y bisabuelos\u201d. Ha hecho un llamamiento, ya habitual, a todos los pa\u00edses europeos para que aumenten el gasto en defensa. \u201cMuchos creen que el tiempo est\u00e1 de nuestro lado. No es as\u00ed. Es hora de actuar\u201d, ha dicho.\n    <\/p>\n<p class=\"article-text\">\n        Rutte es uno de los pol\u00edticos europeos que ha trabajado duro para mantener a la Administraci\u00f3n Trump de su lado en lo que respecta a la pol\u00edtica de Ucrania, ya que el presidente estadounidense parece cada vez m\u00e1s impaciente por la falta de un acuerdo de paz.\n    <\/p>\n<p class=\"article-text\">\n        Este jueves por la tarde, Zelenski ha mantenido una videoconferencia con unos 30 l\u00edderes de la \u201ccoalici\u00f3n de pa\u00edses dispuestos\u201d que apoyan a Ucrania, pero sin Trump.\n    <\/p>\n<p class=\"article-text\">\n        En algunas capitales europeas crece la sensaci\u00f3n de que Ucrania tendr\u00e1 que hacer concesiones dolorosas, a medida que el pa\u00eds entra en su cuarto invierno de guerra a gran escala, con una situaci\u00f3n dif\u00edcil en el frente y enormes problemas energ\u00e9ticos causados por los repetidos ataques rusos a las infraestructuras energ\u00e9ticas.\n    <\/p>\n<p class=\"article-text\">\n        Sin embargo, los l\u00edderes de Francia, Gran Breta\u00f1a y Alemania, que se reunieron con Zelenski en Downing Street el lunes insisten en que solo Ucrania puede decidir sobre las cuestiones territoriales. \u201cSer\u00eda un error obligar al presidente ucraniano a aceptar una paz que su pueblo no aceptar\u00e1 despu\u00e9s de cuatro a\u00f1os de sufrimiento y muerte\u201d, ha dicho Friedrich Merz, canciller alem\u00e1n.\n    <\/p>\n<p>    Un acuerdo y dos documentos<\/p>\n<p class=\"article-text\">\n        Zelenski dice que, adem\u00e1s del acuerdo marco general, hay dos documentos separados que Ucrania espera firmar en los pr\u00f3ximos d\u00edas, uno sobre posibles garant\u00edas de seguridad que entrar\u00edan en vigor si Rusia volviera a atacar Ucrania y otro sobre la recuperaci\u00f3n econ\u00f3mica de Ucrania.\n    <\/p>\n<p class=\"article-text\">\n        Tambi\u00e9n este jueves, altos cargos de la UE se han reunido en Le\u00f3polis, en el oeste de Ucrania, para discutir las perspectivas de adhesi\u00f3n de Ucrania, a pesar de que el l\u00edder h\u00fangaro Viktor Orb\u00e1n, favorable a Rusia, sigue bloqueando las negociaciones formales.\n    <\/p>\n<p class=\"article-text\">\n        Todos los dem\u00e1s miembros de la UE est\u00e1n a favor de la adhesi\u00f3n de Ucrania, y los representantes han dicho que quieren aceptar a Ucrania de todos modos, siempre que el pa\u00eds pueda avanzar en la armonizaci\u00f3n de sus leyes y pr\u00e1cticas con las regulaciones de la UE. \u201cUcrania se convertir\u00e1 en miembro de la UE y nadie puede bloquearlo\u201d, ha dicho Marta Kos, comisaria de Ampliaci\u00f3n de la UE, durante las conversaciones.\n    <\/p>\n<p>    <a href=\"https:\/\/www.eldiario.es\/internacional\/zelenski-insiste-no-cedera-territorio-rusia-prepara-nueva-revision-plan-trump_1_12829530.html\" data-mrf-recirculation=\"saber-mas-abajo\" data-dl-event=\"saber-mas-abajo\" rel=\"nofollow noopener\" target=\"_blank\"><\/p>\n<p class=\"know-more__title\">Zelenski insiste en que no ceder\u00e1 territorio a Rusia y prepara una nueva revisi\u00f3n del plan de paz\n<\/p>\n<p>            <img decoding=\"async\" class=\"lazy\" loading=\"lazy\" data-src=\"https:\/\/static.eldiario.es\/clip\/29a35d3b-42b8-40b3-a5ca-5e3d25deb27e_16-9-aspect-ratio_default_0.jpg\" src=\"data:image\/svg+xml,%3Csvg xmlns=\" http:=\"\" viewbox=\"0 0 880 495\" alt=\"Zelenski insiste en que no ceder\u00e1 territorio a Rusia y prepara una nueva revisi\u00f3n del plan de paz\"\/><\/p>\n<p>                        <\/a><\/p>\n<p class=\"article-text\">\n        Zelenski ha dicho que espera que Trump presione a Hungr\u00eda y a cualquier otro pa\u00eds de la UE que pueda bloquear a Ucrania. \u201cTodos entendemos que el presidente de Estados Unidos tiene varias palancas de influencia, y estas funcionar\u00e1n con aquellos que actualmente est\u00e1n bloqueando a Ucrania\u201d.\n    <\/p>\n","protected":false},"excerpt":{"rendered":"Estados Unidos quiere que Ucrania retire sus tropas de la regi\u00f3n de Donb\u00e1s, y Washington crear\u00eda entonces una&hellip;\n","protected":false},"author":2,"featured_media":284127,"comment_status":"","ping_status":"","sticky":false,"template":"","format":"standard","meta":{"footnotes":""},"categories":[5],"tags":[5404,889,1237,17,18,25,24,700,13,14,11,61,19,20,3013,9,10,15,16,5403,2151,952,23,12,21,22],"class_list":{"0":"post-284126","1":"post","2":"type-post","3":"status-publish","4":"format-standard","5":"has-post-thumbnail","7":"category-titulares","8":"tag-africa","9":"tag-america","10":"tag-asia","11":"tag-breaking-news","12":"tag-breakingnews","13":"tag-es","14":"tag-espana","15":"tag-europa","16":"tag-featured-news","17":"tag-featurednews","18":"tag-headlines","19":"tag-internacional","20":"tag-latest-news","21":"tag-latestnews","22":"tag-mundo","23":"tag-news","24":"tag-noticias","25":"tag-noticias-destacadas","26":"tag-noticiasdestacadas","27":"tag-oriente-medio","28":"tag-periodismo","29":"tag-politica","30":"tag-spain","31":"tag-titulares","32":"tag-ultimas-noticias","33":"tag-ultimasnoticias"},"share_on_mastodon":{"url":"https:\/\/pubeurope.com\/@es\/115705149030351628","error":""},"_links":{"self":[{"href":"https:\/\/www.europesays.com\/es\/wp-json\/wp\/v2\/posts\/284126","targetHints":{"allow":["GET"]}}],"collection":[{"href":"https:\/\/www.europesays.com\/es\/wp-json\/wp\/v2\/posts"}],"about":[{"href":"https:\/\/www.europesays.com\/es\/wp-json\/wp\/v2\/types\/post"}],"author":[{"embeddable":true,"href":"https:\/\/www.europesays.com\/es\/wp-json\/wp\/v2\/users\/2"}],"replies":[{"embeddable":true,"href":"https:\/\/www.europesays.com\/es\/wp-json\/wp\/v2\/comments?post=284126"}],"version-history":[{"count":0,"href":"https:\/\/www.europesays.com\/es\/wp-json\/wp\/v2\/posts\/284126\/revisions"}],"wp:featuredmedia":[{"embeddable":true,"href":"https:\/\/www.europesays.com\/es\/wp-json\/wp\/v2\/media\/284127"}],"wp:attachment":[{"href":"https:\/\/www.europesays.com\/es\/wp-json\/wp\/v2\/media?parent=284126"}],"wp:term":[{"taxonomy":"category","embeddable":true,"href":"https:\/\/www.europesays.com\/es\/wp-json\/wp\/v2\/categories?post=284126"},{"taxonomy":"post_tag","embeddable":true,"href":"https:\/\/www.europesays.com\/es\/wp-json\/wp\/v2\/tags?post=284126"}],"curies":[{"name":"wp","href":"https:\/\/api.w.org\/{rel}","templated":true}]}}