{"id":284134,"date":"2025-12-12T06:32:09","date_gmt":"2025-12-12T06:32:09","guid":{"rendered":"https:\/\/www.europesays.com\/es\/284134\/"},"modified":"2025-12-12T06:32:09","modified_gmt":"2025-12-12T06:32:09","slug":"la-casa-de-los-gemelos-los-han-dibujado-asi-television","status":"publish","type":"post","link":"https:\/\/www.europesays.com\/es\/284134\/","title":{"rendered":"\u2018La casa de los gemelos\u2019: los han dibujado as\u00ed | Televisi\u00f3n"},"content":{"rendered":"<p class=\"\">Dos hermanos, Carlos y Daniel Ramos, son creadores y promotores de La casa de los gemelos, un reality show emitido por YouTube que ha sido suspendido en varias ocasiones por la propia plataforma por saltarse las normas. Coincidiendo con la emisi\u00f3n de la segunda temporada, que tiene como presentador a <a href=\"https:\/\/elpais.com\/elpais\/2018\/03\/21\/gente\/1521632609_890522.html\" target=\"_self\" rel=\"nofollow noopener\" title=\"https:\/\/elpais.com\/elpais\/2018\/03\/21\/gente\/1521632609_890522.html\">Kiko Hern\u00e1ndez <\/a>y como ayudantes a Coto Matamoros y V\u00edctor Sandoval, una puede imaginarse cosas. <\/p>\n<p class=\"\">Y una tambi\u00e9n puede leerlas, como las que se han escrito sobre el programa y que hablan de degradaci\u00f3n e indignidad. Pero una, que esquiva como puede la superioridad moral, tambi\u00e9n sabe que el canal de <a href=\"https:\/\/elpais.com\/noticias\/youtube\/\" target=\"_self\" rel=\"nofollow noopener\" title=\"https:\/\/elpais.com\/noticias\/youtube\/\">YouTube<\/a> de este asunto tiene m\u00e1s de medio mill\u00f3n de suscriptores, que son pura viralidad y que en los comentarios la palabra m\u00e1s compartidas son \u201cfantas\u00eda\u201d y \u201cadictivo\u201d. As\u00ed que me he lanzado al asunto para saber de lo que hablamos. <\/p>\n<p class=\"\">En esa casa conviven \u2014es un decir\u2014 personas en permanente estado de brote. Las han dibujado y escogido as\u00ed, porque nada aqu\u00ed es casualidad. Hay oraciones dignas de an\u00e1lisis sint\u00e1ctico, como esa concursante que a la que dicen que tiene el culo fl\u00e1cido y responde: \u201cMejor durito y fl\u00e1cido que de pl\u00e1stico, que eso es para los residuos\u201d. \u201cNo eres natural, eres grasienta\u201d, le dir\u00e1 otra compa\u00f1era minutos despu\u00e9s. \u201cEstoy hasta el co\u00f1o de que te metas con el f\u00edsico de la gente, puta gorda de mierda\u201d, se gritar\u00e1 tambi\u00e9n, con enorme coherencia por parte de la autora. <\/p>\n<p class=\"\">En la casa se lanzan objetos, se escupe, se ponen a prueba las cuerdas vocales, se tiran pedos en la cara de otros y se responde con eructos. Se llaman unos a otros \u201cmaricona\u201d, \u201ccarterista\u201d, \u201cbasuquera\u201d, \u201cmora de mierda\u201d e incluso se dicen cosas que me encantar\u00eda descifrar, como \u201cte caben en tu cara los de Dubai\u201d. Quiz\u00e1 sea que su cara es tirando a grande. Hay una muchacha que dice que tiene \u201cel co\u00f1o m\u00e1s bonito de Espa\u00f1a\u201d y est\u00e1 muy pendiente de su \u201cgrasa anal\u201d. Hay comentarios hom\u00f3fobos, racistas, gord\u00f3fobos y tr\u00e1nsfobos. Vamos, que hay mucha Espa\u00f1a ah\u00ed metida. <\/p>\n<p class=\"\">Se puede contemplar como cuando nos quedamos enganchados con aquellos que hablaban de hipotecas <a href=\"https:\/\/elpais.com\/television\/2025-08-04\/el-lento-suicidio-de-simon-perez.html\" target=\"_self\" rel=\"nofollow noopener\" title=\"https:\/\/elpais.com\/television\/2025-08-04\/el-lento-suicidio-de-simon-perez.html\">a tipo fijo afectados por el consumo de drogas<\/a> y creernos mejores a base de mofa. Pero se puede contemplar tambi\u00e9n como quien <a href=\"https:\/\/elpais.com\/television\/2025-12-09\/crece-la-tension-en-la-isla-de-las-tentaciones-una-pareja-se-lanza-un-coco-y-acaba-dandole-a-sandra-barneda.html\" target=\"_self\" rel=\"nofollow noopener\" title=\"https:\/\/elpais.com\/television\/2025-12-09\/crece-la-tension-en-la-isla-de-las-tentaciones-una-pareja-se-lanza-un-coco-y-acaba-dandole-a-sandra-barneda.html\">hace lo propio con La isla de las tentaciones<\/a> en compa\u00f1\u00eda de hijos adolescentes para convencerles del tipo de relaci\u00f3n que no deben tener. Escoja su propia aventura. <\/p>\n","protected":false},"excerpt":{"rendered":"Dos hermanos, Carlos y Daniel Ramos, son creadores y promotores de La casa de los gemelos, un reality&hellip;\n","protected":false},"author":2,"featured_media":284135,"comment_status":"","ping_status":"","sticky":false,"template":"","format":"standard","meta":{"footnotes":""},"categories":[171],"tags":[146,147,25,24,256,23889,1925,16428,3941,18070,23,807,214,68678,5006],"class_list":{"0":"post-284134","1":"post","2":"type-post","3":"status-publish","4":"format-standard","5":"has-post-thumbnail","7":"category-tv","8":"tag-entertainment","9":"tag-entretenimiento","10":"tag-es","11":"tag-espana","12":"tag-famosos","13":"tag-lgtbifobia","14":"tag-opinion","15":"tag-plataformas-digitales","16":"tag-racismo","17":"tag-reality-show","18":"tag-spain","19":"tag-television","20":"tag-tv","21":"tag-victor-sandoval","22":"tag-youtube"},"share_on_mastodon":{"url":"https:\/\/pubeurope.com\/@es\/115705200305017709","error":""},"_links":{"self":[{"href":"https:\/\/www.europesays.com\/es\/wp-json\/wp\/v2\/posts\/284134","targetHints":{"allow":["GET"]}}],"collection":[{"href":"https:\/\/www.europesays.com\/es\/wp-json\/wp\/v2\/posts"}],"about":[{"href":"https:\/\/www.europesays.com\/es\/wp-json\/wp\/v2\/types\/post"}],"author":[{"embeddable":true,"href":"https:\/\/www.europesays.com\/es\/wp-json\/wp\/v2\/users\/2"}],"replies":[{"embeddable":true,"href":"https:\/\/www.europesays.com\/es\/wp-json\/wp\/v2\/comments?post=284134"}],"version-history":[{"count":0,"href":"https:\/\/www.europesays.com\/es\/wp-json\/wp\/v2\/posts\/284134\/revisions"}],"wp:featuredmedia":[{"embeddable":true,"href":"https:\/\/www.europesays.com\/es\/wp-json\/wp\/v2\/media\/284135"}],"wp:attachment":[{"href":"https:\/\/www.europesays.com\/es\/wp-json\/wp\/v2\/media?parent=284134"}],"wp:term":[{"taxonomy":"category","embeddable":true,"href":"https:\/\/www.europesays.com\/es\/wp-json\/wp\/v2\/categories?post=284134"},{"taxonomy":"post_tag","embeddable":true,"href":"https:\/\/www.europesays.com\/es\/wp-json\/wp\/v2\/tags?post=284134"}],"curies":[{"name":"wp","href":"https:\/\/api.w.org\/{rel}","templated":true}]}}