{"id":284163,"date":"2025-12-12T06:57:09","date_gmt":"2025-12-12T06:57:09","guid":{"rendered":"https:\/\/www.europesays.com\/es\/284163\/"},"modified":"2025-12-12T06:57:09","modified_gmt":"2025-12-12T06:57:09","slug":"kontinental-25-el-cine-antisistema-de-radu-jude-representa-la-hipocresia-de-este-mundo-cine-estrenos-y-criticas","status":"publish","type":"post","link":"https:\/\/www.europesays.com\/es\/284163\/","title":{"rendered":"\u2018Kontinental \u201825\u2019: el cine antisistema de Radu Jude representa la hipocres\u00eda de este mundo | Cine: estrenos y cr\u00edticas"},"content":{"rendered":"<p class=\"\">Tras dos pel\u00edculas tan brillantes y gamberras como No esperes demasiado del fin del mundo (2023) o <a href=\"https:\/\/elpais.com\/cultura\/2022-02-11\/un-polvo-desafortunado-o-porno-loco-sexo-y-mascarillas-o-el-esperpento-contemporaneo-en-crudo.html\" target=\"_self\" rel=\"nofollow noopener\" title=\"https:\/\/elpais.com\/cultura\/2022-02-11\/un-polvo-desafortunado-o-porno-loco-sexo-y-mascarillas-o-el-esperpento-contemporaneo-en-crudo.html\">Un polvo desafortunado o porno loco (2021),<\/a> el rumano <a href=\"https:\/\/www.imdb.com\/es-es\/name\/nm1257492\/?ref_=tt_ov_1_1\" target=\"_self\" rel=\"nofollow noopener\" title=\"https:\/\/www.imdb.com\/es-es\/name\/nm1257492\/?ref_=tt_ov_1_1\">Radu Jude<\/a> sigue en racha con Kontinental \u201825. Su nuevo largometraje, <a href=\"https:\/\/elpais.com\/cultura\/2025-02-22\/la-berlinale-se-ahoga-en-una-mediocre-seccion-competitiva.html\" target=\"_self\" rel=\"nofollow noopener\" title=\"https:\/\/elpais.com\/cultura\/2025-02-22\/la-berlinale-se-ahoga-en-una-mediocre-seccion-competitiva.html\">cuyo guion fue premiado en la \u00faltima Berlinale,<\/a> es una \u00e1spera tragicomedia con la especulaci\u00f3n inmobiliaria y la hipocres\u00eda reinante de fondo. La rod\u00f3 en apenas 10 d\u00edas con la c\u00e1mara del iPhone. <\/p>\n<p>M\u00e1s informaci\u00f3n<\/p>\n<p class=\"\">Provocador y prol\u00edfico (esta pel\u00edcula la termin\u00f3 inmediatamente despu\u00e9s de una versi\u00f3n de Dr\u00e1cula a\u00fan sin estrenar), Jude indaga en las contradicciones del presente para, con lo m\u00ednimo, profundizar en cuestiones nada sencillas. Kontinental \u201825, cuyo t\u00edtulo es un gui\u00f1o sarc\u00e1stico a Roberto Rossellini y su Europa \u201851, se inspira en una historia real que el cineasta ley\u00f3 en el peri\u00f3dico. Contaba el desahucio de un mendigo que viv\u00eda en el s\u00f3tano de un edificio comprado para abrir un hotel de lujo. El tr\u00e1gico destino de este pobre vagabundo se cruza con el de la funcionaria judicial encargada del desahucio, una mujer de origen h\u00fangaro que, traumatizada por las consecuencias de su orden, deambula por la ciudad de encuentro en encuentro, carcomida por la culpa y por los dilemas de su conciencia. <\/p>\n<p><img decoding=\"auto\" class=\"_re lazyload a_m-h\" height=\"223\"  width=\"414\"  src=\"https:\/\/www.europesays.com\/es\/wp-content\/uploads\/2025\/12\/XB2LKPD23VEKDJT3HDRG5RDI24.jpg\" loading=\"lazy\"\/>Eszter Tompa, en &#8216;Kontinental &#8217;25&#8217;<\/p>\n<p class=\"\">El \u00e9xito econ\u00f3mico de la ciudad de Cluj, en Transilvania, es el fondo de una pel\u00edcula que fluye socarrona entre localizaciones naturales y largas conversaciones alrededor de una realidad que nos afecta a todos. Kontinental \u201825 toca muchos palos \u2014el poder pol\u00edtico y el inmobiliario, el nacionalismo, la gentrificaci\u00f3n, la precariedad juvenil, la religi\u00f3n o el legado del comunismo sovi\u00e9tico\u2014 y en todos aporta una mirada perspicaz e interesante. \u00bfEs la culpa una trampa m\u00e1s que nos permite seguir pedaleando en este sistema?, parece preguntarse Jude, mientras su protagonista, sentada en un parque con una amiga, cita a <a href=\"https:\/\/elpais.com\/noticias\/bertolt-brecht\/\" target=\"_self\" rel=\"nofollow noopener\" title=\"https:\/\/elpais.com\/noticias\/bertolt-brecht\/\">Bertolt Brecht.<\/a> El dramaturgo y poeta alem\u00e1n visitaba en Estados Unidos a un amigo de izquierdas, un ac\u00e9rrimo antiestalinista, cuando su amigo, en referencia a las purgas del dictador, lamentaba desolado que Stalin no paraba de matar a inocentes. A lo que Brecht respondi\u00f3: \u201cCuanto m\u00e1s inocentes son, m\u00e1s merecen morir\u201d. <\/p>\n<p>M\u00e1s informaci\u00f3n<\/p>\n<p class=\"\">Kontinental \u201825 es una pel\u00edcula hecha con urgencia y sin medios, condici\u00f3n que amplifica su fuerza moral y pol\u00edtica, pero todas sus ideas (que son muchas) se resumen en el fondo de esa cita. En un mundo que pisotea de forma cruel la vida de los m\u00e1s d\u00e9biles no hay mayor culpa que hacernos los inocentes.<\/p>\n<p>KONTINENTAL \u201825<\/p>\n<p><strong>Direcci\u00f3n:<\/strong> Radu Jude.<\/p>\n<p><strong>Int\u00e9rpretes:<\/strong> Eszter Tompa, Gabriel Spahiu, Adonis Tanta, Serban Pavlu, Mardare Oana.<\/p>\n<p><strong>G\u00e9nero:<\/strong> tragicomedia. Ruman\u00eda, 2025.<\/p>\n<p><strong>Duraci\u00f3n:<\/strong> 109 minutos. <\/p>\n<p><strong>Estreno: 12 de diciembre.<\/strong><\/p>\n","protected":false},"excerpt":{"rendered":"Tras dos pel\u00edculas tan brillantes y gamberras como No esperes demasiado del fin del mundo (2023) o Un&hellip;\n","protected":false},"author":2,"featured_media":284164,"comment_status":"","ping_status":"","sticky":false,"template":"","format":"standard","meta":{"footnotes":""},"categories":[169],"tags":[63088,177,26334,28667,11344,209,9265,146,147,25,24,176,175,753,23],"class_list":{"0":"post-284163","1":"post","2":"type-post","3":"status-publish","4":"format-standard","5":"has-post-thumbnail","7":"category-cine","8":"tag-berlinale","9":"tag-cine","10":"tag-cine-autor","11":"tag-cine-europeo","12":"tag-critica-cine","13":"tag-cultura","14":"tag-directores-cine","15":"tag-entertainment","16":"tag-entretenimiento","17":"tag-es","18":"tag-espana","19":"tag-film","20":"tag-movies","21":"tag-peliculas","22":"tag-spain"},"share_on_mastodon":{"url":"https:\/\/pubeurope.com\/@es\/115705299088997490","error":""},"_links":{"self":[{"href":"https:\/\/www.europesays.com\/es\/wp-json\/wp\/v2\/posts\/284163","targetHints":{"allow":["GET"]}}],"collection":[{"href":"https:\/\/www.europesays.com\/es\/wp-json\/wp\/v2\/posts"}],"about":[{"href":"https:\/\/www.europesays.com\/es\/wp-json\/wp\/v2\/types\/post"}],"author":[{"embeddable":true,"href":"https:\/\/www.europesays.com\/es\/wp-json\/wp\/v2\/users\/2"}],"replies":[{"embeddable":true,"href":"https:\/\/www.europesays.com\/es\/wp-json\/wp\/v2\/comments?post=284163"}],"version-history":[{"count":0,"href":"https:\/\/www.europesays.com\/es\/wp-json\/wp\/v2\/posts\/284163\/revisions"}],"wp:featuredmedia":[{"embeddable":true,"href":"https:\/\/www.europesays.com\/es\/wp-json\/wp\/v2\/media\/284164"}],"wp:attachment":[{"href":"https:\/\/www.europesays.com\/es\/wp-json\/wp\/v2\/media?parent=284163"}],"wp:term":[{"taxonomy":"category","embeddable":true,"href":"https:\/\/www.europesays.com\/es\/wp-json\/wp\/v2\/categories?post=284163"},{"taxonomy":"post_tag","embeddable":true,"href":"https:\/\/www.europesays.com\/es\/wp-json\/wp\/v2\/tags?post=284163"}],"curies":[{"name":"wp","href":"https:\/\/api.w.org\/{rel}","templated":true}]}}