{"id":28418,"date":"2025-08-06T01:13:09","date_gmt":"2025-08-06T01:13:09","guid":{"rendered":"https:\/\/www.europesays.com\/es\/28418\/"},"modified":"2025-08-06T01:13:09","modified_gmt":"2025-08-06T01:13:09","slug":"mclaren-debe-lidiar-con-la-decepcion-en-medio-de-su-exito-arrollador-en-esta-temporada","status":"publish","type":"post","link":"https:\/\/www.europesays.com\/es\/28418\/","title":{"rendered":"McLaren debe lidiar con la decepci\u00f3n en medio de su \u00e9xito arrollador en esta temporada"},"content":{"rendered":"<p>El jefe de McLaren, Zak Brown, se prepara para lidiar con la decepci\u00f3n al final de la temporada de <strong>F\u00f3rmula Uno, incluso cuando el equipo disfruta de uno de sus a\u00f1os m\u00e1s dominantes y su victoria 200 el fin de semana.<\/strong><\/p>\n<p><strong>Mientras la batalla por el t\u00edtulo entre Oscar Piastri y su compa\u00f1ero de equipo Lando Norris recrudece, <\/strong>con los dos pilotos de McLaren separados por s\u00f3lo nueve puntos tras el Gran Premio de Hungr\u00eda del domingo, el estadounidense admiti\u00f3 que tambi\u00e9n est\u00e1 pensando en c\u00f3mo manejar las consecuencias.<\/p>\n<p>El vigente campe\u00f3n de Red Bull, Max Verstappen, <strong>el rival m\u00e1s cercano de los pilotos de McLaren, est\u00e1 ahora a 97 puntos de la cabeza y dijo a periodistas <\/strong>que puede que no vuelva a ganar este a\u00f1o dados los problemas de su coche.<\/p>\n<p>Incluso antes del fin de semana, tanto Piastri como <strong>Norris dejaron la cautela a un lado y calificaron la temporada actual como una carrera entre dos.<\/strong><\/p>\n<p><strong>Uno de ellos seguramente acabar\u00e1 el a\u00f1o celebrando un sue\u00f1o hecho realidad.<\/strong> El otro se lamentar\u00e1 de lo que podr\u00eda haber sido, con una nueva era de motores la pr\u00f3xima temporada que lo cambiar\u00e1 todo de nuevo.<\/p>\n<p>Brown dijo que <strong>McLaren tendr\u00eda que tratar la situaci\u00f3n con sensibilidad cuando y si llegara el momento.<\/strong><\/p>\n<p>\u00abEn alg\u00fan momento nos sentaremos y tendremos una conversaci\u00f3n y diremos &#8216;bien, uno de ustedes va a ganar y va a ser el mejor d\u00eda de su vida. Uno de ustedes va a perder.<strong> \u00bfC\u00f3mo quieren que lo afrontemos?\u00bb, declar\u00f3 a un grupo de periodistas.<\/strong><\/p>\n<p><strong>El australiano Piastri ha ganado seis carreras, frente a las cinco de Norris,<\/strong> pero el brit\u00e1nico llega con impulso al par\u00f3n de agosto, con tres victorias en sus cuatro \u00faltimas salidas.<\/p>\n<p>La dupla ha logrado siete dobletes en 14 carreras, incluidas las cuatro \u00faltimas, y ha dejado atr\u00e1s a sus rivales. <strong>McLaren lleva tanta ventaja en la clasificaci\u00f3n de constructores, 299 puntos sobre Ferrari, que la corona es un hecho.<\/strong><\/p>\n<p><strong>Se ha hablado mucho de la posibilidad de un desencuentro entre amigos, de enfrentamientos en la pista dado lo que est\u00e1 en juego<\/strong>, pero Brown se mostr\u00f3 optimista y dijo que la relaci\u00f3n se est\u00e1 fortaleciendo.<\/p>\n","protected":false},"excerpt":{"rendered":"El jefe de McLaren, Zak Brown, se prepara para lidiar con la decepci\u00f3n al final de la temporada&hellip;\n","protected":false},"author":2,"featured_media":28419,"comment_status":"","ping_status":"","sticky":false,"template":"","format":"standard","meta":{"footnotes":""},"categories":[270],"tags":[7239,4952,10737,3288,10740,3903,10738,10734,209,634,168,10736,10735,10744,25,24,10743,306,271,272,10742,1671,2893,7531,9416,10745,1023,166,10741,23,167,10739,5535,4664],"class_list":{"0":"post-28418","1":"post","2":"type-post","3":"status-publish","4":"format-standard","5":"has-post-thumbnail","7":"category-formula-1","8":"tag-agro","9":"tag-ambiente","10":"tag-automotor","11":"tag-bancos","12":"tag-bolsas","13":"tag-comercio","14":"tag-comunicaciones","15":"tag-construccin","16":"tag-cultura","17":"tag-deporte","18":"tag-deportes","19":"tag-educacin","20":"tag-energa-y-minas","21":"tag-entretenimento","22":"tag-es","23":"tag-espana","24":"tag-espectculos","25":"tag-f1","26":"tag-formula-1","27":"tag-formula1","28":"tag-gastronoma","29":"tag-hacienda","30":"tag-industria","31":"tag-judicial","32":"tag-laboral","33":"tag-legislacin-marcas","34":"tag-moda","35":"tag-salud","36":"tag-seguros","37":"tag-spain","38":"tag-sports","39":"tag-tecnologa","40":"tag-transporte","41":"tag-turismo"},"share_on_mastodon":{"url":"","error":""},"_links":{"self":[{"href":"https:\/\/www.europesays.com\/es\/wp-json\/wp\/v2\/posts\/28418","targetHints":{"allow":["GET"]}}],"collection":[{"href":"https:\/\/www.europesays.com\/es\/wp-json\/wp\/v2\/posts"}],"about":[{"href":"https:\/\/www.europesays.com\/es\/wp-json\/wp\/v2\/types\/post"}],"author":[{"embeddable":true,"href":"https:\/\/www.europesays.com\/es\/wp-json\/wp\/v2\/users\/2"}],"replies":[{"embeddable":true,"href":"https:\/\/www.europesays.com\/es\/wp-json\/wp\/v2\/comments?post=28418"}],"version-history":[{"count":0,"href":"https:\/\/www.europesays.com\/es\/wp-json\/wp\/v2\/posts\/28418\/revisions"}],"wp:featuredmedia":[{"embeddable":true,"href":"https:\/\/www.europesays.com\/es\/wp-json\/wp\/v2\/media\/28419"}],"wp:attachment":[{"href":"https:\/\/www.europesays.com\/es\/wp-json\/wp\/v2\/media?parent=28418"}],"wp:term":[{"taxonomy":"category","embeddable":true,"href":"https:\/\/www.europesays.com\/es\/wp-json\/wp\/v2\/categories?post=28418"},{"taxonomy":"post_tag","embeddable":true,"href":"https:\/\/www.europesays.com\/es\/wp-json\/wp\/v2\/tags?post=28418"}],"curies":[{"name":"wp","href":"https:\/\/api.w.org\/{rel}","templated":true}]}}