{"id":284184,"date":"2025-12-12T07:16:21","date_gmt":"2025-12-12T07:16:21","guid":{"rendered":"https:\/\/www.europesays.com\/es\/284184\/"},"modified":"2025-12-12T07:16:21","modified_gmt":"2025-12-12T07:16:21","slug":"los-grandes-genios-de-la-escultura-en-tarragona-en-una-muestra-inedita","status":"publish","type":"post","link":"https:\/\/www.europesays.com\/es\/284184\/","title":{"rendered":"Los grandes genios de la escultura, en Tarragona en una muestra in\u00e9dita"},"content":{"rendered":"<p>                                    <img decoding=\"async\" loading=\"lazy\" src=\"https:\/\/www.europesays.com\/es\/wp-content\/uploads\/2025\/09\/68519e589eba1.jpeg\" alt=\"Gl\u00f2ria Aznar\" width=\"40\" height=\"40\" data-full-src=\"https:\/\/www.europesays.com\/es\/wp-content\/uploads\/2025\/09\/68519e589eba1.jpeg\"\/><\/p>\n<p class=\"paragraph\">Las puertas laterales del <b>Tinglado 2 del Moll de Costa del Port de Tarragona <\/b>est\u00e1n abiertas. Dos t\u00e9cnicos, en una plataforma elevadora, colocan estrat\u00e9gicamente unos focos. En las salas, diferentes esculturas, aqu\u00ed y all\u00e1. En el suelo, todav\u00eda cajas por desembalar. Julio Niebla lo hace personalmente, como uno m\u00e1s del equipo. Durante dos d\u00edas se ha encargado con mimo del contenido de cada una de ellas. El galerista <b>Julio Niebla<\/b> es el <b>comisario de Mestres de l\u2019escultura del segle XX<\/b> compuesta por <b>39 piezas<\/b> que se pueden visitar desde este viernes 12 y <b>hasta el 15 de febrero<\/b>. Como promesa de lo que aguarda al visitante en el interior, en la plaza del Tinglado lo reciben dos esculturas de gran formato:<b> Sata<\/b>, de <b>Marcel Mart\u00ed<\/b> (2005) y <b>Agamen\u00f3n III<\/b> (2000), de <b>Amadeo Gabino<\/b>.<\/p>\n<p>            <a href=\"#\" title=\"\"><\/p>\n<p>                    <img loading=\"lazy\" decoding=\"async\" data-index=\"\" width=\"140\" height=\"140\" alt=\"Nadal de Somni al Moll de Costa del Port de Tarragona.\" data-full=\"[object Object]\" data-original=\"[object Object]\" src=\"https:\/\/imagenes.diaridetarragona.com\/files\/related_image\/uploads\/2025\/12\/04\/6931a50d83dbb.jpeg\" data-full-src=\"https:\/\/www.europesays.com\/es\/wp-content\/uploads\/2025\/12\/6931a50d83dbb.jpeg\"\/><\/p>\n<p>            <\/a><\/p>\n<p class=\"paragraph\">\u00abHe huido de una retrospectiva. Es una propuesta personal de <b>diferentes tendencias <\/b>porque lo que quiero es que la gente entienda <b>la manera de hacer escultura a lo largo de todo el siglo XX<\/b>, por lo que hay un gran abanico desde principios de siglo, con las primeras piezas de <b>Mir\u00f3<\/b> y de <b>Oteiza<\/b>, hasta otras muy contempor\u00e1neas, como las de<b> Jeff Koons<\/b>\u00bb, explica Niebla.\u00a0<\/p>\n<p class=\"paragraph\">Justamente <b>Mir\u00f3<\/b> est\u00e1 representado con <b>Dona i Ocell<\/b>, \u00abla pieza original, la primera que hizo y que le sirvi\u00f3 para la monumental creaci\u00f3n que lleva el mismo nombre, expuesta en Barcelona\u00bb. U obras de<b> Fernand Leger<\/b>, como<b> Le Branche R<\/b>, \u00abque hizo para Rockefeller y que es una pieza muy importante\u00bb. Otros creadores son <b>Francesc Torres Mons\u00f3<\/b>, <b>Eusebio Sempere<\/b> o <b>Paul Suter<\/b>, de la d\u00e9cada de los a\u00f1os 20; <b>Andreu Alfaro<\/b>, el matrimonio art\u00edstico <b>Kubach-Wilmsen<\/b>, <b>Joan Gardy Artigues<\/b> o <b>Kishio Suga<\/b>, de los a\u00f1os 30 y 40; en el grupo de los nacidos en los a\u00f1os 50 y 60, <b>Jeff Koons<\/b>, <b>Carlos Lizariturry<\/b>, <b>Perejaume <\/b>o <b>Hiroyuki Matsuura<\/b>. Todas ellas piezas que llegan a Tarragona desde <b>colecciones particulares<\/b>, <b>instituciones <\/b>o <b>cedidas por los propios autores<\/b>.<\/p>\n<p class=\"c-detail__media__subtitle\">\n<p>        \u2018Balloon Dog XXL\u2019, de Jeff Koons.ANGEL ULLATE<\/p>\n<p class=\"paragraph\"><b>Punto de inflexi\u00f3n<\/b><\/p>\n<p class=\"paragraph\">En la presentaci\u00f3n que tuvo lugar esta tarde para los medios, el <b>President del Port de Tarragona, Santiago Castell\u00e0<\/b>, reivindic\u00f3 <b>Mestres de l\u2019escultura del segle XX<\/b> como un punto de inflexi\u00f3n, un antes y un despu\u00e9s. Anunci\u00f3 que el <b>Port abre una nueva etapa <\/b>en la que el Moll de Costa apuesta por incluir en su programaci\u00f3n \u00ab<b>exposiciones de referencia internacional<\/b>. Muestras de especial calidad que atraigan a visitantes de todas partes y que conviertan los espacios culturales del Port, as\u00ed como la ciudad, en un referente de turismo cultural\u00bb. Algo que \u00abhemos conseguido con esta propuesta\u00bb. De hecho, es una muestra<b> in\u00e9dita<\/b>, <b>encargada por el Port<\/b>, exclusivamente pensada para la ciudad. \u00abEs un lujo\u00bb, asever\u00f3.<\/p>\n<p class=\"paragraph\">En cuanto a la<b> narrativa de la muestra<\/b>, son las t\u00e9cnicas escult\u00f3ricas y su evoluci\u00f3n a lo largo de los \u00faltimos cien a\u00f1os. Hijo del gran galerista <b>Antonio Niebla<\/b>, Julio <b>reivindica la parte did\u00e1ctica de las exposiciones<\/b> y, en segundo lugar, considera que \u00abla obligaci\u00f3n de todo comisario o curator es aportar algo, en el sentido de hacer las cosas a mi manera\u00bb.<\/p>\n<p class=\"paragraph\">Esta huella suya se traduce en que en <b>Mestres de l\u2019escultura del segle XX<\/b> est\u00e1n pr\u00e1cticamente representadas todas las tendencias escult\u00f3ricas, que \u00abno dejan de ser hijas de lo que se ha hecho hasta ahora\u00bb, comenta Niebla. \u00ab<b>Mi padre dec\u00eda que todo el mundo tiene padre y madre<\/b>. Entonces, s\u00ed que hay quien rompe barreras, pero al final, todos tienen influencias, todos han visto esculturas\u00bb.<\/p>\n<p class=\"paragraph\"><b>Niebla<\/b>, que naci\u00f3 pr\u00e1cticamente en una galer\u00eda de arte y que creci\u00f3 entre escultores, apuesta por esta disciplina e invita a los espectadores a la exposici\u00f3n a <b>\u00abdejarse ir y a experimentar por ellos mismos\u00bb<\/b>, en esta muestra, que es <b>su primera en Tarragona<\/b>.<\/p>\n","protected":false},"excerpt":{"rendered":"Las puertas laterales del Tinglado 2 del Moll de Costa del Port de Tarragona est\u00e1n abiertas. Dos t\u00e9cnicos,&hellip;\n","protected":false},"author":2,"featured_media":284185,"comment_status":"","ping_status":"","sticky":false,"template":"","format":"standard","meta":{"footnotes":""},"categories":[173],"tags":[229,233,231,230,232,234,146,147,25,24,23],"class_list":{"0":"post-284184","1":"post","2":"type-post","3":"status-publish","4":"format-standard","5":"has-post-thumbnail","7":"category-arte-y-diseno","8":"tag-arte","9":"tag-arte-y-diseno","10":"tag-arts","11":"tag-arts-and-design","12":"tag-design","13":"tag-diseno","14":"tag-entertainment","15":"tag-entretenimiento","16":"tag-es","17":"tag-espana","18":"tag-spain"},"share_on_mastodon":{"url":"https:\/\/pubeurope.com\/@es\/115705373285354318","error":""},"_links":{"self":[{"href":"https:\/\/www.europesays.com\/es\/wp-json\/wp\/v2\/posts\/284184","targetHints":{"allow":["GET"]}}],"collection":[{"href":"https:\/\/www.europesays.com\/es\/wp-json\/wp\/v2\/posts"}],"about":[{"href":"https:\/\/www.europesays.com\/es\/wp-json\/wp\/v2\/types\/post"}],"author":[{"embeddable":true,"href":"https:\/\/www.europesays.com\/es\/wp-json\/wp\/v2\/users\/2"}],"replies":[{"embeddable":true,"href":"https:\/\/www.europesays.com\/es\/wp-json\/wp\/v2\/comments?post=284184"}],"version-history":[{"count":0,"href":"https:\/\/www.europesays.com\/es\/wp-json\/wp\/v2\/posts\/284184\/revisions"}],"wp:featuredmedia":[{"embeddable":true,"href":"https:\/\/www.europesays.com\/es\/wp-json\/wp\/v2\/media\/284185"}],"wp:attachment":[{"href":"https:\/\/www.europesays.com\/es\/wp-json\/wp\/v2\/media?parent=284184"}],"wp:term":[{"taxonomy":"category","embeddable":true,"href":"https:\/\/www.europesays.com\/es\/wp-json\/wp\/v2\/categories?post=284184"},{"taxonomy":"post_tag","embeddable":true,"href":"https:\/\/www.europesays.com\/es\/wp-json\/wp\/v2\/tags?post=284184"}],"curies":[{"name":"wp","href":"https:\/\/api.w.org\/{rel}","templated":true}]}}