{"id":284190,"date":"2025-12-12T07:20:12","date_gmt":"2025-12-12T07:20:12","guid":{"rendered":"https:\/\/www.europesays.com\/es\/284190\/"},"modified":"2025-12-12T07:20:12","modified_gmt":"2025-12-12T07:20:12","slug":"balearic-el-inaguantable-experimentalismo-de-unos-cuantos-perros-verdes-cine-estrenos-y-criticas","status":"publish","type":"post","link":"https:\/\/www.europesays.com\/es\/284190\/","title":{"rendered":"\u2018Balearic\u2019: el inaguantable experimentalismo de unos cuantos perros verdes | Cine: estrenos y cr\u00edticas"},"content":{"rendered":"<p class=\"\">Cada cinematograf\u00eda y cada \u00e9poca tienen sus propios perros verdes art\u00edsticos, y en la Espa\u00f1a contempor\u00e1nea, por suerte, hay unos cuantos. Son directores que no se pliegan a las convenciones del mercado, de la comercialidad, de la exhibici\u00f3n, de las interpretaciones, del relato en s\u00ed mismo y hasta de ciertos festivales. Funcionan al margen y, conscientemente, juegan a ello sinti\u00e9ndose c\u00f3modos en su condici\u00f3n de outsiders. En nuestro pa\u00eds, entre otros, habr\u00eda que apuntar los nombres de <a href=\"https:\/\/elpais.com\/cultura\/2021-11-26\/la-ciencia-ficcion-espanola-explota-en-elche-con-la-pelicula-espiritu-sagrado.html\" target=\"_self\" rel=\"nofollow noopener\" title=\"https:\/\/elpais.com\/cultura\/2021-11-26\/la-ciencia-ficcion-espanola-explota-en-elche-con-la-pelicula-espiritu-sagrado.html\">Ion de Sosa, Chema Garc\u00eda Ibarra,<\/a> <a href=\"https:\/\/elpais.com\/cultura\/2025-06-24\/julian-genisson-cineasta-cristo-no-rio-en-los-evangelios-quiza-podemos-vivir-sin-reir.html\" target=\"_self\" rel=\"nofollow noopener\" title=\"https:\/\/elpais.com\/cultura\/2025-06-24\/julian-genisson-cineasta-cristo-no-rio-en-los-evangelios-quiza-podemos-vivir-sin-reir.html\">Juli\u00e1n G\u00e9nisson<\/a> y los <a href=\"https:\/\/elpais.com\/cultura\/2023-06-16\/cuando-tu-mejor-amigo-se-hace-literalmente-anicos-el-fantastico-caso-del-golem.html\" target=\"_self\" rel=\"nofollow noopener\" title=\"https:\/\/elpais.com\/cultura\/2023-06-16\/cuando-tu-mejor-amigo-se-hace-literalmente-anicos-el-fantastico-caso-del-golem.html\">Burnin\u2019 Percebes.<\/a> Lo incre\u00edble es que en Balearic se han juntado todos ellos. Una esquinada conjunci\u00f3n de miradas, sensibilidades, provocaciones y estilos que, sin embargo, acaba cerca del desastre. La pel\u00edcula es inaguantable.<\/p>\n<p>M\u00e1s informaci\u00f3n<\/p>\n<p class=\"\">Experimental es lo mejor que se puede decir de Balearic. Y cierto que lo es. Porque el t\u00e9rmino vanguardista le viene grande, y tampoco est\u00e1 claro que pretenda serlo. La idea es romper con todos los c\u00f3digos, y eso es magn\u00edfico y valiente, aunque la intenci\u00f3n nunca llega a nada: ni en lo art\u00edstico ni en lo alborotador. Balearic podr\u00eda (de hecho, deber\u00eda) ser una pel\u00edcula rabiosa y pendenciera. Sin embargo, solo es inane. Contar de qu\u00e9 va es imposible y adem\u00e1s ser\u00eda un insulto, pero digamos que en su primera parte juega con las reglas del terror juvenil para transgredirlas. Y en la segunda se supone que hay una reflexi\u00f3n sobre los conflictos de clase y la crisis de identidad generacionales. Siempre a trav\u00e9s de un esteticismo l\u00e1nguido y l\u00edquido \u2014el agua funciona como elemento central en ambas historias\u2014, acompa\u00f1ado de una m\u00fasica electr\u00f3nica y envolvente que rodea unos di\u00e1logos de verg\u00fcenza ajena.<\/p>\n<p class=\"\">En la parte adolescente no se sabe bien si quieren ser par\u00f3dicos, cotidianos o implacablemente cr\u00edticos con los chicos, por medio de esa retah\u00edla de conversaciones pijas repletas de \u201cporfa\u201d, \u201ct\u00eda\u201d, \u201co sea\u201d y hasta alg\u00fan catalanismo (\u201cpueden [sic] haber c\u00e1maras\u201d). Con unos cuantos \u201cen plan\u201d ya estar\u00eda el pescado vendido. Mientras, en la parte adulta los mayores juegan a hacerse los interesantes con una considerable pedanter\u00eda. Todo ello con interpretaciones que quiz\u00e1 quieran esconderse en el calificativo de distanciadas, pero que \u00fanicamente son aficionadas.<\/p>\n<p><img decoding=\"auto\" class=\"_re lazyload a_m-h\" height=\"171\"  width=\"414\"  src=\"https:\/\/www.europesays.com\/es\/wp-content\/uploads\/2025\/12\/MXSGZZCQC5GC3EMGBRFCZNZSVI.jpg\" loading=\"lazy\"\/>Un momento de &#8216;Balearic&#8217;, de Ion de Sosa.<\/p>\n<p class=\"\">La opini\u00f3n de este cr\u00edtico sobre los anteriores trabajos en formato cortometraje y largometraje de los implicados es diversa. <a href=\"https:\/\/elpais.com\/elpais\/2015\/06\/10\/tentaciones\/1433918126_871002.html\" target=\"_self\" rel=\"nofollow noopener\" title=\"https:\/\/elpais.com\/elpais\/2015\/06\/10\/tentaciones\/1433918126_871002.html\">De Sosa,<\/a> tras la c\u00e1mara de Balearic, es un singular director de fotograf\u00eda que siempre otorga un toque especial a sus trabajos; uno de los \u00faltimos, el del muy premiado corto El cuento de una noche de verano, de Mar\u00eda Herrera, es formidable. Sin embargo, como director de piezas que apuestan por la ruptura de los g\u00e9neros (Sue\u00f1an los androides, Mam\u00e1ntula) es mucho m\u00e1s discutible. En el grupo de coguionistas, Juli\u00e1n G\u00e9nisson fue uno de los tres cineastas al mando de la estupendamente absurda Esa sensaci\u00f3n (2016), la historia de una mujer enamorada de una rotonda. Chema Garc\u00eda Ibarra, el mejor de todos ellos, tiene al menos dos cortos sensacionales (El ataque de los robots de Nebulosa-5 y La disco resplandece), y un largo mod\u00e9lico en su liberaci\u00f3n arbitraria de la imaginaci\u00f3n <a href=\"https:\/\/elpais.com\/cultura\/2021-11-26\/la-ciencia-ficcion-espanola-explota-en-elche-con-la-pelicula-espiritu-sagrado.html\" target=\"_self\" rel=\"nofollow noopener\" title=\"https:\/\/elpais.com\/cultura\/2021-11-26\/la-ciencia-ficcion-espanola-explota-en-elche-con-la-pelicula-espiritu-sagrado.html\">(Esp\u00edritu sagrado).<\/a> Por \u00faltimo, <a href=\"https:\/\/elpais.com\/cultura\/2023-06-16\/cuando-tu-mejor-amigo-se-hace-literalmente-anicos-el-fantastico-caso-del-golem.html\" target=\"_self\" rel=\"nofollow noopener\" title=\"https:\/\/elpais.com\/cultura\/2023-06-16\/cuando-tu-mejor-amigo-se-hace-literalmente-anicos-el-fantastico-caso-del-golem.html\">El fant\u00e1stico caso del Golem, <\/a>pel\u00edcula firmada por los Burnin\u2019 Percebes, era tan fastidiosa, aburrida y f\u00fatil como esta Balearic.<\/p>\n<p>M\u00e1s informaci\u00f3n<\/p>\n<p class=\"\">Conceptual, surreal, sin desarrollo de relato ni de personajes, y con una puesta en escena de De Sosa que huye de lo acad\u00e9mico y de lo cl\u00e1sico para abrazar algo distinto, y bastante m\u00e1s feo, la pel\u00edcula se apoya tambi\u00e9n en fragmentos cercanos a la videocreaci\u00f3n, que retan al espectador con sus texturas y su esquivo simbolismo. Al menos, dura una hora y 10 minutos: no daba para m\u00e1s. Qu\u00e9 necesarias e importantes son las pel\u00edculas que escapan de lo com\u00fan. Pero esta igual no.<\/p>\n<p>Balearic<\/p>\n<p><strong>Direcci\u00f3n:<\/strong> Ion de Sosa.<\/p>\n<p><strong>Int\u00e9rpretes:<\/strong> Elias Hwidar, Christina Rosenvinge, Lara Gallo, Lorena Iglesias. <\/p>\n<p><strong>G\u00e9nero:<\/strong> drama experimental. Espa\u00f1a, 2025.<\/p>\n<p><strong>Duraci\u00f3n:<\/strong> 74 minutos. <\/p>\n<p><strong>Estreno: 12 de diciembre.<\/strong><\/p>\n","protected":false},"excerpt":{"rendered":"Cada cinematograf\u00eda y cada \u00e9poca tienen sus propios perros verdes art\u00edsticos, y en la Espa\u00f1a contempor\u00e1nea, por suerte,&hellip;\n","protected":false},"author":2,"featured_media":284191,"comment_status":"","ping_status":"","sticky":false,"template":"","format":"standard","meta":{"footnotes":""},"categories":[169],"tags":[68683,177,26334,12374,11344,209,9265,146,147,25,24,176,175,753,23],"class_list":{"0":"post-284190","1":"post","2":"type-post","3":"status-publish","4":"format-standard","5":"has-post-thumbnail","7":"category-cine","8":"tag-christina-rosenvinge","9":"tag-cine","10":"tag-cine-autor","11":"tag-cine-espanol","12":"tag-critica-cine","13":"tag-cultura","14":"tag-directores-cine","15":"tag-entertainment","16":"tag-entretenimiento","17":"tag-es","18":"tag-espana","19":"tag-film","20":"tag-movies","21":"tag-peliculas","22":"tag-spain"},"share_on_mastodon":{"url":"https:\/\/pubeurope.com\/@es\/115705389066239930","error":""},"_links":{"self":[{"href":"https:\/\/www.europesays.com\/es\/wp-json\/wp\/v2\/posts\/284190","targetHints":{"allow":["GET"]}}],"collection":[{"href":"https:\/\/www.europesays.com\/es\/wp-json\/wp\/v2\/posts"}],"about":[{"href":"https:\/\/www.europesays.com\/es\/wp-json\/wp\/v2\/types\/post"}],"author":[{"embeddable":true,"href":"https:\/\/www.europesays.com\/es\/wp-json\/wp\/v2\/users\/2"}],"replies":[{"embeddable":true,"href":"https:\/\/www.europesays.com\/es\/wp-json\/wp\/v2\/comments?post=284190"}],"version-history":[{"count":0,"href":"https:\/\/www.europesays.com\/es\/wp-json\/wp\/v2\/posts\/284190\/revisions"}],"wp:featuredmedia":[{"embeddable":true,"href":"https:\/\/www.europesays.com\/es\/wp-json\/wp\/v2\/media\/284191"}],"wp:attachment":[{"href":"https:\/\/www.europesays.com\/es\/wp-json\/wp\/v2\/media?parent=284190"}],"wp:term":[{"taxonomy":"category","embeddable":true,"href":"https:\/\/www.europesays.com\/es\/wp-json\/wp\/v2\/categories?post=284190"},{"taxonomy":"post_tag","embeddable":true,"href":"https:\/\/www.europesays.com\/es\/wp-json\/wp\/v2\/tags?post=284190"}],"curies":[{"name":"wp","href":"https:\/\/api.w.org\/{rel}","templated":true}]}}