{"id":284202,"date":"2025-12-12T07:28:21","date_gmt":"2025-12-12T07:28:21","guid":{"rendered":"https:\/\/www.europesays.com\/es\/284202\/"},"modified":"2025-12-12T07:28:21","modified_gmt":"2025-12-12T07:28:21","slug":"la-festa-del-voluntariat-de-los-casals-de-persones-grans-de-sant-marti-distrito-de-sant-marti","status":"publish","type":"post","link":"https:\/\/www.europesays.com\/es\/284202\/","title":{"rendered":"La Festa del Voluntariat, de los Casals de Persones Grans de Sant Mart\u00ed | Distrito de Sant Mart\u00ed"},"content":{"rendered":"<p>El jueves 11 de noviembre el Auditorio de Sant Mart\u00ed se llen\u00f3 hasta los topes gracias a la Festa del Voluntariat de la Red de Casals de Persones Grans del distrito. Se trat\u00f3 de un encuentro de agradecimiento y reconocimiento a la tarea que hacen las personas voluntarias a lo largo del a\u00f1o, y el acto sirvi\u00f3 para poner en valor la contribuci\u00f3n de todas estas personas en la dinamizaci\u00f3n de la gran programaci\u00f3n que impulsan estos equipamientos de proximidad<\/p>\n<p style=\"padding-left: 40px\">LA RED DE ESPACIOS DE PERSONAS MAYORES DE SANT MART\u00cd<br \/>Casal de Persones Grans Sant Mart\u00ed<br \/>Casal de Persones Grans La Verneda Alta<br \/>Casal de Persones Grans Joan Maragall<br \/>Casal Ca l\u2019Isidret<br \/>Casal de Persones Grans del Taulat<br \/>Casal de Persones Grans Quatre Cantons<br \/>Casal de Persones Grans Parc Sandaru<br \/>Casal de Persones Grans Joan Casanelles<br \/>Casal de Persones Grans Parc del Clot<\/p>\n<p>El acto cont\u00f3 con la intervenci\u00f3n de la consejera <strong>S\u00edlvia L\u00f3pez<\/strong>, que remarc\u00f3 el papel de todo este voluntariado en beneficio de la cohesi\u00f3n comunitaria a trav\u00e9s de la participaci\u00f3n diversa de mujeres y hombres, y la importancia de mantener espacios de relaci\u00f3n, cultura y actividad f\u00edsica para las personas mayores del distrito. En su tarea diaria, a lo largo de todo el a\u00f1o, destacan la propuesta de talleres de todo tipo, el impulso de comisiones de actividades y el apoyo al funcionamiento diario de los casales.<\/p>\n<p>La jornada cerr\u00f3 con la m\u00fasica de un repertorio de versiones de pop y rock de toda la vida, con canciones de hoy y de ayer, que anim\u00f3 el p\u00fablico y favoreci\u00f3 los reencuentros entre casales.<\/p>\n<p>La web del Distrito de Sant Mart\u00ed dispone de un espacio espec\u00edfico para todo aquello relacionado con las personas en que, entre otras cosas, se puede consultar toda la informaci\u00f3n sobre programaciones y voluntariado en la Red de Casals de Persones Grans de Sant Mart\u00ed. Ved el espacio \u201cm\u00e1s informaci\u00f3n\u201d.<\/p>\n","protected":false},"excerpt":{"rendered":"El jueves 11 de noviembre el Auditorio de Sant Mart\u00ed se llen\u00f3 hasta los topes gracias a la&hellip;\n","protected":false},"author":2,"featured_media":284203,"comment_status":"","ping_status":"","sticky":false,"template":"","format":"standard","meta":{"footnotes":""},"categories":[5],"tags":[17,18,25,24,13,14,11,19,20,9,10,15,16,23,12,21,22],"class_list":{"0":"post-284202","1":"post","2":"type-post","3":"status-publish","4":"format-standard","5":"has-post-thumbnail","7":"category-titulares","8":"tag-breaking-news","9":"tag-breakingnews","10":"tag-es","11":"tag-espana","12":"tag-featured-news","13":"tag-featurednews","14":"tag-headlines","15":"tag-latest-news","16":"tag-latestnews","17":"tag-news","18":"tag-noticias","19":"tag-noticias-destacadas","20":"tag-noticiasdestacadas","21":"tag-spain","22":"tag-titulares","23":"tag-ultimas-noticias","24":"tag-ultimasnoticias"},"share_on_mastodon":{"url":"https:\/\/pubeurope.com\/@es\/115705420378461877","error":""},"_links":{"self":[{"href":"https:\/\/www.europesays.com\/es\/wp-json\/wp\/v2\/posts\/284202","targetHints":{"allow":["GET"]}}],"collection":[{"href":"https:\/\/www.europesays.com\/es\/wp-json\/wp\/v2\/posts"}],"about":[{"href":"https:\/\/www.europesays.com\/es\/wp-json\/wp\/v2\/types\/post"}],"author":[{"embeddable":true,"href":"https:\/\/www.europesays.com\/es\/wp-json\/wp\/v2\/users\/2"}],"replies":[{"embeddable":true,"href":"https:\/\/www.europesays.com\/es\/wp-json\/wp\/v2\/comments?post=284202"}],"version-history":[{"count":0,"href":"https:\/\/www.europesays.com\/es\/wp-json\/wp\/v2\/posts\/284202\/revisions"}],"wp:featuredmedia":[{"embeddable":true,"href":"https:\/\/www.europesays.com\/es\/wp-json\/wp\/v2\/media\/284203"}],"wp:attachment":[{"href":"https:\/\/www.europesays.com\/es\/wp-json\/wp\/v2\/media?parent=284202"}],"wp:term":[{"taxonomy":"category","embeddable":true,"href":"https:\/\/www.europesays.com\/es\/wp-json\/wp\/v2\/categories?post=284202"},{"taxonomy":"post_tag","embeddable":true,"href":"https:\/\/www.europesays.com\/es\/wp-json\/wp\/v2\/tags?post=284202"}],"curies":[{"name":"wp","href":"https:\/\/api.w.org\/{rel}","templated":true}]}}