{"id":284204,"date":"2025-12-12T07:36:11","date_gmt":"2025-12-12T07:36:11","guid":{"rendered":"https:\/\/www.europesays.com\/es\/284204\/"},"modified":"2025-12-12T07:36:11","modified_gmt":"2025-12-12T07:36:11","slug":"la-marea-roja-ya-prepara-la-toma-de-valencia-sera-una-mision-dificil-pero-vamos-a-por-todas-heraldo-es","status":"publish","type":"post","link":"https:\/\/www.europesays.com\/es\/284204\/","title":{"rendered":"La marea roja ya prepara la toma de Valencia: &quot;Ser\u00e1 una misi\u00f3n dif\u00edcil, pero vamos a por todas&quot; &#8211; heraldo.es"},"content":{"rendered":"<ol>\n<li><a href=\"https:\/\/news.google.com\/rss\/articles\/CBMi7AFBVV95cUxNd0tZOUZfZHlDWUsyaXVkb0dmSWUzUDU2TWJPb3RHMlprOHY2VUJKVXU3M1Vwc1Vpc2lWcThkRGpjWUtVRk4teWlRb0JvRnMybVg4eU1pVzhUSmVRUzJlWmpnMjdyTzF5VnBMcUJxcnQwY2VpZDBHUTBZemYzOHBKMWJUVVlZbEh1dThHVjI2SXZKQTZjMW5ETnhERjEwc0pDX1VyWlV3OWxxWmd4UVV6bkpBeGQtX3JsYm5qcWtVYTJXeVVvVW9LZ05TcGNzU2FfZFo4VlhEdVphSXlNcktBS0ZNb3Q1VEVQVDRXaw?oc=5\" target=\"_blank\" rel=\"nofollow noopener\">La marea roja ya prepara la toma de Valencia: \u00abSer\u00e1 una misi\u00f3n dif\u00edcil, pero vamos a por todas\u00bb<\/a>&nbsp;&nbsp;heraldo.es<\/li>\n<li><a href=\"https:\/\/news.google.com\/rss\/articles\/CBMikwFBVV95cUxNMGVYdURXX3Z3OUhmZXo1bzVJUXFNeG1ja2ZnMVAwT3d4ZlluSThzV3ppcV9Tdk1xU0dpaHF5VU14RTNXYnpudTV0cGFDcF92R25xVlJFcElZQ2hkM2I3U2JPY2dPMlU3YXRQYk9ydGc3RzVwQ3FXb2FweGJfUzJBVVRVT004U01tU09FLTFsTnBvQ28?oc=5\" target=\"_blank\" rel=\"nofollow noopener\">Valencia Basket cae en casa ante Casademont Zaragoza (63-70)<\/a>&nbsp;&nbsp;Valencia Basket<\/li>\n<li><a href=\"https:\/\/news.google.com\/rss\/articles\/CBMiuAFBVV95cUxOZXNxWGt4N0hFV1J1TTZUNHhWTHRvalRJUUZCejh2Mmp0Wmk2Zm9rUV9Nd3I1QlI4NVRCV01hdWVTOGFzdkJFV3Y1RktLamJlanJVeHItQ1dIcm5IT25hRTZlOE8wbjRsc2FJM29GVmZaOEpTcFkwMXd0eVE1aDdSYXJqek4xQ1JFZmtXWUFOV0txcEFPeTZmcnB6OEFTdVBlZkppbnRKSi15cUhfVkF2LVNSa2xsdUl4?oc=5\" target=\"_blank\" rel=\"nofollow noopener\">Debacle en el Roig Arena tras un \u00faltimo cuarto infame del Valencia Basket<\/a>&nbsp;&nbsp;Las Provincias<\/li>\n<li><a href=\"https:\/\/news.google.com\/rss\/articles\/CBMiowFBVV95cUxPUU9WaFlxZWpLcWU1SmQ4TXZnODdTTlN2T2lSVFJCQXRXQ3Z0WkZBRVRXS05Pd3lpb3pXX2I1NzJaV1JhNDFWRnBaNWxhempLRDdycDZZMXVBQkZtUlA3OE4taFVVNGRKSWUtVERZSmhCTnhQYWd6Q04zMGVlaEtZY0pXNVItVmZ3TTZWUFkxYm5mR2hkQTJMOXBmOU5jVGMyd2VJ?oc=5\" target=\"_blank\" rel=\"nofollow noopener\">Las palabras de Rub\u00e9n Burgos tras la remontada sufrida ante Casademont Zaragoza<\/a>&nbsp;&nbsp;Gigantes del Basket<\/li>\n<li><a href=\"https:\/\/news.google.com\/rss\/articles\/CBMilwFBVV95cUxQb1NxQmp5WTJGMEp4QkdrWnE4MWVkbW9EVE41dWl4dlpTNTNobFczR3ZXaC1tdGZLMVFQdWRiRDR1M2wydGFhMXA0VW1walNtUDlxUDNTRm80cXphbzU3Wk1OZkM0WkNaQWhiNEszX2VSUllYNkpSZkFSQjk5NkNuMGlxN0xQanRiMlBCOW1xbTZ5MGVVZnVn?oc=5\" target=\"_blank\" rel=\"nofollow noopener\">El show de Carla Leite en el Roig Arena<\/a>&nbsp;&nbsp;MSN<\/li>\n<\/ol>\n","protected":false},"excerpt":{"rendered":"La marea roja ya prepara la toma de Valencia: \u00abSer\u00e1 una misi\u00f3n dif\u00edcil, pero vamos a por todas\u00bb&nbsp;&nbsp;heraldo.es&hellip;\n","protected":false},"author":2,"featured_media":284205,"comment_status":"","ping_status":"","sticky":false,"template":"","format":"standard","meta":{"footnotes":""},"categories":[269],"tags":[299,298,168,861,25,24,10008,5936,23,167,22268,235],"class_list":{"0":"post-284204","1":"post","2":"type-post","3":"status-publish","4":"format-standard","5":"has-post-thumbnail","7":"category-baloncesto","8":"tag-baloncesto","9":"tag-basketball","10":"tag-deportes","11":"tag-dificil","12":"tag-es","13":"tag-espana","14":"tag-mision","15":"tag-prepara","16":"tag-spain","17":"tag-sports","18":"tag-todas","19":"tag-valencia"},"share_on_mastodon":{"url":"https:\/\/pubeurope.com\/@es\/115705451977215897","error":""},"_links":{"self":[{"href":"https:\/\/www.europesays.com\/es\/wp-json\/wp\/v2\/posts\/284204","targetHints":{"allow":["GET"]}}],"collection":[{"href":"https:\/\/www.europesays.com\/es\/wp-json\/wp\/v2\/posts"}],"about":[{"href":"https:\/\/www.europesays.com\/es\/wp-json\/wp\/v2\/types\/post"}],"author":[{"embeddable":true,"href":"https:\/\/www.europesays.com\/es\/wp-json\/wp\/v2\/users\/2"}],"replies":[{"embeddable":true,"href":"https:\/\/www.europesays.com\/es\/wp-json\/wp\/v2\/comments?post=284204"}],"version-history":[{"count":0,"href":"https:\/\/www.europesays.com\/es\/wp-json\/wp\/v2\/posts\/284204\/revisions"}],"wp:featuredmedia":[{"embeddable":true,"href":"https:\/\/www.europesays.com\/es\/wp-json\/wp\/v2\/media\/284205"}],"wp:attachment":[{"href":"https:\/\/www.europesays.com\/es\/wp-json\/wp\/v2\/media?parent=284204"}],"wp:term":[{"taxonomy":"category","embeddable":true,"href":"https:\/\/www.europesays.com\/es\/wp-json\/wp\/v2\/categories?post=284204"},{"taxonomy":"post_tag","embeddable":true,"href":"https:\/\/www.europesays.com\/es\/wp-json\/wp\/v2\/tags?post=284204"}],"curies":[{"name":"wp","href":"https:\/\/api.w.org\/{rel}","templated":true}]}}