{"id":284210,"date":"2025-12-12T07:39:10","date_gmt":"2025-12-12T07:39:10","guid":{"rendered":"https:\/\/www.europesays.com\/es\/284210\/"},"modified":"2025-12-12T07:39:10","modified_gmt":"2025-12-12T07:39:10","slug":"abuelo-el-edificio-se-ha-roto","status":"publish","type":"post","link":"https:\/\/www.europesays.com\/es\/284210\/","title":{"rendered":"\u201cAbuelo, \u00a1el edificio se ha roto!\u201d"},"content":{"rendered":"<p data-gtm-element-container=\"modulo-texto-link\" class=\"paragraph\"><a href=\"https:\/\/www.lavanguardia.com\/participacion\/20210124\/6185893\/guia-normas-participacion-comunidad-lectores-vanguardia.html\" target=\"_blank\" rel=\"nofollow noopener\">* El autor forma parte de la comunidad de lectores de La Vanguardia<\/a><\/p>\n<p data-gtm-element-container=\"modulo-texto-link\" class=\"paragraph\">\u201cAbuelo, \u00a1el edificio se ha roto!\u201d&#8230; Esta expresi\u00f3n la debo a mi nieto, que quedaba boquiabierto cuando le ense\u00f1aba la primera foto de este reportaje en<a href=\"https:\/\/www.lavanguardia.com\/participacion\/las-fotos-de-los-lectores\" target=\"_blank\" rel=\"nofollow noopener\"> Las Fotos de los Lectores de La Vanguardia<\/a>.\u00a0\u00c9l ha imaginado que eran dos piezas de un mismo bloque de oficinas, que se hab\u00edan separado como por el efecto de un rayo.<\/p>\n<p data-gtm-element-container=\"modulo-texto-link\" class=\"paragraph\">Por supuesto que hab\u00eda ido viendo, desde hace muchos a\u00f1os, que la zona estaba en transformaci\u00f3n, que Sant Mart\u00ed dejaba a las industrias para convertirlas en oficinas, viviendas, centros culturales, etc.<\/p>\n<p data-gtm-element-container=\"modulo-texto-link\" class=\"paragraph\">Despu\u00e9s de visitar la exposici\u00f3n de trenes del centenario del metro, tocaba pasear. Y, tras varias jornadas de caminatas y cientos de instant\u00e1neas, he podido apreciar los contrastes que ha generado la reconversi\u00f3n. Y si bien he empezado por el<a href=\"https:\/\/ajuntament.barcelona.cat\/santmarti\/ca\/el-districte-i-els-seus-barris\/el-parc-i-la-llacuna-del-poblenou\/historia-del-parc-i-la-llacuna-del-poblenou\" rel=\"nofollow noreferrer noopener\" target=\"_blank\"> Parc de la Llacuna i la Vila Ol\u00edmpica del Poblenou<\/a>, imagino que las sorpresas ir\u00e1n en aumento cuando visite los otros barrios del distrito.<\/p>\n<p data-gtm-element-container=\"modulo-texto-link\" class=\"paragraph\">Peque\u00f1a selecci\u00f3n de sitios y curiosidades:<\/p>\n<p>1. Edificios &#8216;rotos&#8217; (protagonista, el denominado &#8216;Imagina&#8217;)<\/p>\n<p>                <img loading=\"lazy\" decoding=\"async\" data-full-src=\"https:\/\/www.lavanguardia.com\/uploads\/2025\/12\/11\/693a87e080efe.jpeg\" alt=\"Edificios \u00abrotos\u00bb (protagonista principal, el denominado \u00abImagina\u00bb).\" width=\"449\" height=\"337\" src=\"https:\/\/www.europesays.com\/es\/wp-content\/uploads\/2025\/12\/693a87e080efe.jpeg\" class=\"lazy\"\/><\/p>\n<p>2.\u00a0Ca l&#8217;Arany\u00f3<\/p>\n<p>                <img loading=\"lazy\" decoding=\"async\" data-full-src=\"https:\/\/www.lavanguardia.com\/uploads\/2025\/12\/11\/693a883579802.jpeg\" alt=\"Ca l'Arany\u00f3.\" width=\"449\" height=\"337\" src=\"https:\/\/www.europesays.com\/es\/wp-content\/uploads\/2025\/12\/693a883579802.jpeg\" class=\"lazy\"\/><\/p>\n<p class=\"caption-title \">Ca l&#8217;Arany\u00f3.<\/p>\n<p>                    Bernat Gato<\/p>\n<p data-gtm-element-container=\"modulo-texto-link\" class=\"paragraph\">Ca l&#8217;Arany\u00f3 (primera f\u00e1brica que se adapt\u00f3 a la planificaci\u00f3n de Ildefons Cerd\u00e0), conversi\u00f3n en oficinas, jardines y aulas universidades. \u00a1La chimenea todav\u00eda humea, integrada en el nuevo equipamiento de calefacci\u00f3n!<\/p>\n<p>                <img loading=\"lazy\" decoding=\"async\" data-full-src=\"https:\/\/www.lavanguardia.com\/uploads\/2025\/12\/11\/693a88349eb71.jpeg\" alt=\"Ca l'Arany\u00f3.\" width=\"449\" height=\"337\" src=\"https:\/\/www.europesays.com\/es\/wp-content\/uploads\/2025\/12\/693a88349eb71.jpeg\" class=\"lazy\"\/><\/p>\n<p class=\"caption-title \">Jardines de Ca l&#8217;Arany\u00f3.<\/p>\n<p>                    Bernat Gato<\/p>\n<p>3. Hotel Me Barcelona<\/p>\n<p data-gtm-element-container=\"modulo-texto-link\" class=\"paragraph\">Hotel Me Barcelona, aunque mi inter\u00e9s es b\u00e1sicamente est\u00e9tico, he podido saber que es un portento arquitect\u00f3nico. La curiosidad me llev\u00f3 a subir a la planta 24 y tomar un caf\u00e9 en el lugar con desnivel m\u00e1s alto de mis caminatas urbanas (\u00a1vistas de v\u00e9rtigo!).<\/p>\n<p>                <img loading=\"lazy\" decoding=\"async\" data-full-src=\"https:\/\/www.lavanguardia.com\/uploads\/2025\/12\/11\/693a88a9da0b2.jpeg\" alt=\"Hotel Me Barcelona.\" width=\"449\" height=\"337\" src=\"https:\/\/www.europesays.com\/es\/wp-content\/uploads\/2025\/12\/693a88a9da0b2.jpeg\" class=\"lazy\"\/><\/p>\n<p class=\"caption-title \">Hotel Me Barcelona.<\/p>\n<p>                    Bernat Gato<\/p>\n<p>4.\u00a0Edificios Pic\u00f3+Plug-in-Building<\/p>\n<p data-gtm-element-container=\"modulo-texto-link\" class=\"paragraph\">Edificios Pic\u00f3+Plug-in-Building: Con 105 a\u00f1os de diferencia en su construcci\u00f3n, se trata de dos buenos vecinos (el antiguo, casa y almac\u00e9n; el nuevo, oficinas).<\/p>\n<p>                <img loading=\"lazy\" decoding=\"async\" data-full-src=\"https:\/\/www.lavanguardia.com\/uploads\/2025\/12\/11\/693a8919bf8b4.jpeg\" alt=\"Edificios Pic\u00f3+Plug-in-Building.\" width=\"449\" height=\"337\" src=\"https:\/\/www.europesays.com\/es\/wp-content\/uploads\/2025\/12\/693a8919bf8b4.jpeg\" class=\"lazy\"\/><\/p>\n<p class=\"caption-title \">Edificios Pic\u00f3+Plug-in-Building.<\/p>\n<p>                    Bernat Gato<\/p>\n<p>5.\u00a0Cocheras de autobuses de Lutxana<\/p>\n<p data-gtm-element-container=\"modulo-texto-link\" class=\"paragraph\">Antigua sede de las Cocheras de autobuses de Lutxana (nombre anterior de la calle que ahora se llama de Roc Boronat), de la que solo se conserva la puerta y fachada casi centenaria, ahora integradas en el edificio actual del Hospital Evang\u00e9lico, conformando una curiosa simbiosis de estilos.<\/p>\n<p>                <img loading=\"lazy\" decoding=\"async\" data-full-src=\"https:\/\/www.lavanguardia.com\/uploads\/2025\/12\/11\/693a89964ecf6.jpeg\" alt=\"Antigua sede de las Cocheras de autobuses de Lutxana.\" width=\"449\" height=\"337\" src=\"https:\/\/www.europesays.com\/es\/wp-content\/uploads\/2025\/12\/693a89964ecf6.jpeg\" class=\"lazy\"\/><\/p>\n<p class=\"caption-title \">Antigua sede de las Cocheras de autobuses de Lutxana.<\/p>\n<p>                    Bernat Gato<\/p>\n<p>    Lee tambi\u00e9n<\/p>\n<p><a href=\"https:\/\/www.lavanguardia.com\/participacion\/20210124\/6185893\/guia-normas-participacion-comunidad-lectores-vanguardia.html\" target=\"_blank\" rel=\"nofollow noopener\">\u25a0 \u00bfC\u00d3MO PUEDO PARTICIPAR EN LA COMUNIDAD DE LA VANGUARDIA?<\/a><\/p>\n<p>\u00a1Participa!<br \/>\n\u00bfQuieres mostrar tus fotograf\u00edas?<\/p>\n<p data-gtm-element-container=\"modulo-texto-link\" class=\"paragraph\">Los interesados en participar en Las Fotos de los Lectores tan solo deben escribir un email a la direcci\u00f3n de correo de nuestra secci\u00f3n de Participaci\u00f3n (participacion@lavanguardia.es) adjuntando la fotograf\u00eda, explicando detalles de c\u00f3mo y d\u00f3nde fue tomada y aportando los datos del autor para la firma de la imagen. Es importante indicar en el asunto del correo: \u00b4Fotos de los Lectores\u00b4.<\/p>\n","protected":false},"excerpt":{"rendered":"* El autor forma parte de la comunidad de lectores de La Vanguardia \u201cAbuelo, \u00a1el edificio se ha&hellip;\n","protected":false},"author":2,"featured_media":284211,"comment_status":"","ping_status":"","sticky":false,"template":"","format":"standard","meta":{"footnotes":""},"categories":[173],"tags":[229,233,231,230,232,234,146,147,25,24,23],"class_list":{"0":"post-284210","1":"post","2":"type-post","3":"status-publish","4":"format-standard","5":"has-post-thumbnail","7":"category-arte-y-diseno","8":"tag-arte","9":"tag-arte-y-diseno","10":"tag-arts","11":"tag-arts-and-design","12":"tag-design","13":"tag-diseno","14":"tag-entertainment","15":"tag-entretenimiento","16":"tag-es","17":"tag-espana","18":"tag-spain"},"share_on_mastodon":{"url":"https:\/\/pubeurope.com\/@es\/115705464044423936","error":""},"_links":{"self":[{"href":"https:\/\/www.europesays.com\/es\/wp-json\/wp\/v2\/posts\/284210","targetHints":{"allow":["GET"]}}],"collection":[{"href":"https:\/\/www.europesays.com\/es\/wp-json\/wp\/v2\/posts"}],"about":[{"href":"https:\/\/www.europesays.com\/es\/wp-json\/wp\/v2\/types\/post"}],"author":[{"embeddable":true,"href":"https:\/\/www.europesays.com\/es\/wp-json\/wp\/v2\/users\/2"}],"replies":[{"embeddable":true,"href":"https:\/\/www.europesays.com\/es\/wp-json\/wp\/v2\/comments?post=284210"}],"version-history":[{"count":0,"href":"https:\/\/www.europesays.com\/es\/wp-json\/wp\/v2\/posts\/284210\/revisions"}],"wp:featuredmedia":[{"embeddable":true,"href":"https:\/\/www.europesays.com\/es\/wp-json\/wp\/v2\/media\/284211"}],"wp:attachment":[{"href":"https:\/\/www.europesays.com\/es\/wp-json\/wp\/v2\/media?parent=284210"}],"wp:term":[{"taxonomy":"category","embeddable":true,"href":"https:\/\/www.europesays.com\/es\/wp-json\/wp\/v2\/categories?post=284210"},{"taxonomy":"post_tag","embeddable":true,"href":"https:\/\/www.europesays.com\/es\/wp-json\/wp\/v2\/tags?post=284210"}],"curies":[{"name":"wp","href":"https:\/\/api.w.org\/{rel}","templated":true}]}}