{"id":284212,"date":"2025-12-12T07:41:11","date_gmt":"2025-12-12T07:41:11","guid":{"rendered":"https:\/\/www.europesays.com\/es\/284212\/"},"modified":"2025-12-12T07:41:11","modified_gmt":"2025-12-12T07:41:11","slug":"7-series-para-disfrutar-mientras-esperas-el-siguiente-episodio-de-las-hijas-de-la-criada","status":"publish","type":"post","link":"https:\/\/www.europesays.com\/es\/284212\/","title":{"rendered":"7 series para disfrutar mientras esperas el siguiente episodio de &#8216;Las hijas de la criada&#8217;"},"content":{"rendered":"<p id=\"eZoWPeQ9-l\" data-wc=\"132\"><strong>Las hijas de la criada<\/strong><strong>,<\/strong> <a class=\"hm-link ho-link\" href=\"https:\/\/www.hola.com\/actualidad\/20250728846632\/asi-es-la-serie-ambientada-en-galicia-que-une-el-universo-de-sonsoles-onega-con-la-esencia-de-downton-abbey\/\" data-mrf-recirculation=\"article-body-link\" rel=\"nofollow noopener\" target=\"_blank\">la primera adaptaci\u00f3n televisiva de una novela de Sonsoles \u00d3neg<\/a>a, ha llegado pegando fuerte a Atresplayer; este drama ambientado entre <strong>Galicia<\/strong> y <strong>Cuba<\/strong> a principios del siglo XX ofrece un retrato de la \u00e9poca repleto de intrigas, amores prohibidos, lucha de clases, traiciones y envidias, centrando la historia en el intercambio de dos beb\u00e9s \u2014uno de una familia adinerada y otro de una humilde\u2014 sin que los afectados lo sepan. \u00bfTe has enganchado y ya est\u00e1s contando los d\u00edas para el pr\u00f3ximo episodio? Si buscas m\u00e1s dramas de \u00e9poca, pasiones intensas y maratones de sof\u00e1, estas series son el plan perfecto para llenar la espera: desde intriga, espionaje y cocina de palacio hasta secretos y amores imposibles, tienes toda una programaci\u00f3n lista para no despegarte del sof\u00e1.\u00a0<\/p>\n<p> Dime qui\u00e9n soy (Movistar Plus+)<\/p>\n<p>  <img src=\"https:\/\/www.europesays.com\/es\/wp-content\/uploads\/2025\/12\/1fc7b5c7a60a-dime-quien-soy-serie-movistar.jpg\"   width=\"1024\" height=\"662\" loading=\"lazy\" decoding=\"async\" alt=\"Irene Escolar protagoniza 'Dime qui\u00e9n soy'\" fetchpriority=\"auto\" class=\"image ho-image\"\/>\u00a9 Movistar Plus+<\/p>\n<p id=\"eg2pun6pTe\"><a class=\"hm-link ho-link\" href=\"https:\/\/www.hola.com\/actualidad\/20190613143862\/irene-escolar-protagonista-dime-quien-soy\/\" data-mrf-recirculation=\"article-body-link\" rel=\"nofollow noopener\" target=\"_blank\">Basada en la novela de Julia Navarro<\/a>, es un intenso viaje por el convulso siglo XX de la mano de <strong data-end=\"302\" data-start=\"284\">Amelia Garayoa (Irene Escolar)<\/strong>, un personaje fascinante que encarna las contradicciones de su tiempo. La serie sigue su vida marcada por complicadas decisiones y amores que la empujan a lugares inesperados. Desde su peque\u00f1o entorno editorial, <strong>Javier\u00a0<\/strong>descubre su historia: la de una mujer que, movida por sus ideales, abandona todo para luchar por la libertad y atraviesa algunos de los momentos m\u00e1s relevantes de la historia reciente de Europa \u2014el alzamiento franquista, la<strong>\u00a0Berl\u00edn<\/strong> de la posguerra, la <strong>Mosc\u00fa<\/strong> de<strong>\u00a0Stalin<\/strong>, los guetos de<strong>\u00a0Varsovia<\/strong> o la<strong>\u00a0Roma<\/strong> de los \u00faltimos a\u00f1os del <strong>Duce<\/strong>\u2014 mientras se enfrenta al precio de sus propias elecciones.<\/p>\n<p> La templanza (Prime Video)<\/p>\n<p>  <img src=\"https:\/\/www.europesays.com\/es\/wp-content\/uploads\/2025\/12\/4b8ec46d2b36-67cab7a68a7f-amazon-9a-a.jpg\"   width=\"1024\" height=\"672\" loading=\"lazy\" decoding=\"async\" alt=\"La historia sigue a Mauro Larrea y Soledad Montalvo, dos desconocidos cuyas vidas dan un vuelco cuando el destino cruza sus caminos entre M\u00e9xico, Cuba, Londres y Jerez\" fetchpriority=\"auto\" class=\"image ho-image\"\/>\u00a9 Prime Video<\/p>\n<p id=\"eX3kzuOM5FV\">Ambientada a finales del siglo XIX, <a class=\"hm-link ho-link\" href=\"https:\/\/www.hola.com\/actualidad\/20210326185773\/la-templanza-serie-amazon-prime-video\/\" data-mrf-recirculation=\"article-body-link\" rel=\"nofollow noopener\" target=\"_blank\">sigue a Mauro Larrea (Rafael Novoa) y Soledad Montalvo (Leonor Watling)<\/a>, dos desconocidos cuyas vidas dan un vuelco cuando el destino cruza sus caminos entre<strong>\u00a0M\u00e9xico, Cuba, Londres<\/strong> y<strong>\u00a0Jerez.<\/strong> \u00c9l es un hombre que intenta rehacerse tras perderlo todo; ella, una mujer atrapada entre obligaciones familiares y un matrimonio concertado. En ese encuentro fortuito nace una historia de segundas oportunidades marcada por minas de plata, vi\u00f1edos, bodegas y negocios que esconden m\u00e1s intrigas de las que parecen. La serie explora glorias, derrotas y un amor que se abre paso en un mundo cambiante.<\/p>\n<p> El tiempo entre costuras (Atresplayer \/ Netflix \/ Prime Video)<\/p>\n<p>  <img src=\"https:\/\/www.europesays.com\/es\/wp-content\/uploads\/2025\/12\/1765525270_183_4a2f258c2aa4-eltiempoentrecosturas.jpg\"   width=\"1024\" height=\"763\" loading=\"lazy\" decoding=\"async\" alt=\"Adriana Ugarte en le papel de Sira Quiroga\" fetchpriority=\"auto\" class=\"image ho-image\"\/>\u00a9 Atresmedia<\/p>\n<p id=\"ehJ3ffUbgo\"><a class=\"hm-link ho-link\" href=\"https:\/\/www.hola.com\/actualidad\/20251207870552\/sira-todo-lo-que-sabemos-sobre-la-secuela-de-el-tiempo-entre-costuras-antena-3\/\" data-mrf-recirculation=\"article-body-link\" rel=\"nofollow noopener\" target=\"_blank\">Sira Quiroga (Adriana Ugarte)<\/a> es una joven modista madrile\u00f1a cuya vida da un giro radical cuando se deja llevar por un amor que la conduce hasta<strong>\u00a0T\u00e1nger<\/strong> en los meses previos a la<strong>\u00a0Guerra Civil.<\/strong> Lo que empieza como una promesa de futuro acaba en abandono, deudas y un embarazo que la obliga a recomponerse lejos de casa. Su camino la lleva a <strong>Tetu\u00e1n<\/strong>, capital del Protectorado espa\u00f1ol, donde la vecindad \u2014y en especial <strong>Candelaria<\/strong>\u2014 descubre su talento excepcional para la costura y la impulsa a abrir un taller tan exclusivo como pr\u00f3spero. Ese \u00e9xito, sin embargo, se convierte en su pasaporte a un universo de espionaje, pol\u00edtica e intrigas internacionales. Bajo la identidad falsa de <strong>Arish Agoriuq<\/strong>, Sira termina colaborando con el servicio secreto brit\u00e1nico y movi\u00e9ndose entre figuras clave de la \u00e9poca como <strong>Juan Luis Beigbeder, Rosalinda Fox\u00a0<\/strong>y<strong>\u00a0Alan Hillgarth<\/strong>, transformando para siempre su destino.<\/p>\n<p> Entre tierras\u00a0(Atresplayer \/ Netflix \/ Prime Video)<\/p>\n<p>  <img src=\"https:\/\/www.europesays.com\/es\/wp-content\/uploads\/2025\/12\/7702f0fe11fb-89d07598e50c36a48acbb09600ce3c0a.jpg\"   width=\"1024\" height=\"576\" loading=\"lazy\" decoding=\"async\" alt=\"Mar\u00eda se ve obligada a casarse por poderes con un terrateniente para asegurar el bienestar econ\u00f3mico de su familia\" fetchpriority=\"auto\" class=\"image ho-image\"\/>\u00a9 Atresmedia<\/p>\n<p id=\"eS5pRt9JKMS\">En la <strong>Espa\u00f1a<\/strong> rural de los a\u00f1os 60, <strong>Mar\u00eda (Megan Montaner)<\/strong> es una joven andaluza que renuncia a su amor y se casa por poderes con un terrateniente para garantizar el bienestar de su familia. Al llegar a <strong>La Mancha\u00a0<\/strong>descubre a su marido,\u00a0<strong>Manuel (Unax Ugalde)<\/strong>, un hombre atormentado, melanc\u00f3lico y col\u00e9rico desde la desaparici\u00f3n de<strong>\u00a0Llanos<\/strong>, su primera mujer, algo que la deja desconcertada y vulnerable. Obligada a adaptarse a un entorno hostil, ir\u00e1 descubriendo secretos familiares y enfrentando desaf\u00edos que pondr\u00e1n a prueba su fortaleza. \u00a0Como curiosidad, <a class=\"hm-link ho-link\" href=\"https:\/\/www.hola.com\/actualidad\/20240118246603\/entre-tierras-megan-montaner-cinco-curiosidades-serie\/\" data-mrf-recirculation=\"article-body-link\" rel=\"nofollow noopener\" target=\"_blank\">Megan Montaner grab\u00f3 la serie embarazada<\/a> y el equipo recurri\u00f3 a planos medios, ropa holgada y objetos estrat\u00e9gicos para disimularlo.<\/p>\n<p> Downton Abbey (Disney+ \/ Prime Video \/ Movistar Plus+ \/ SkyShowtime)<\/p>\n<p>  <img src=\"https:\/\/www.europesays.com\/es\/wp-content\/uploads\/2025\/12\/2206c07dc7ef-downtonabbey-1.jpg\"   width=\"1024\" height=\"576\" loading=\"lazy\" decoding=\"async\" alt=\"''Downton Abbey' cuenta con un elenco brillante entre l que destaca Maggie Smith\" fetchpriority=\"auto\" class=\"image ho-image\"\/>\u00a9 ITV<\/p>\n<p id=\"eg_kp0UEAY\">La serie sigue la vida de la aristocr\u00e1tica <strong>familia Crawley\u00a0<\/strong>y del sufrido personal que trabaja en su majestuosa mansi\u00f3n en la<strong>\u00a0Inglaterra\u00a0<\/strong>de principios del siglo XX. Entre salones llenos de normas sociales, rivalidades dom\u00e9sticas, romances que desaf\u00edan la etiqueta y tensiones heredadas, la serie muestra c\u00f3mo los grandes acontecimientos hist\u00f3ricos \u2014el hundimiento del<strong>\u00a0Titanic,<\/strong> la <strong>Primera Guerra Mundial\u00a0<\/strong>o los cambios sociales de la \u00e9poca\u2014 alteran para siempre la vida en la casa. Entre un reparto brillante, <strong>Maggie Smith<\/strong> destaca como la inolvidable condesa viuda en una ficci\u00f3n que combina drama, elegancia brit\u00e1nica y personajes de los que cuesta despedirse.<\/p>\n<p> La cocinera de Castamar\u00a0(Atresplayer \/ Netflix)<\/p>\n<p>  <img src=\"https:\/\/www.europesays.com\/es\/wp-content\/uploads\/2025\/12\/84f0002e384e-sblxiw5ir720x01.jpg\"   width=\"1024\" height=\"682\" loading=\"lazy\" decoding=\"async\" alt=\"'La cocinera de Castamar' narra la historia de amor entre Diego y Clara\" fetchpriority=\"auto\" class=\"image ho-image\"\/>\u00a9 Antena 3<\/p>\n<p id=\"ewVxPUFnyB\">Marcada por la muerte de su padre acusado de traici\u00f3n, <strong>Clara (Michelle Jenner)<\/strong> enferma de agorafobia. La joven se refugia entre fogones para sobrevivir y convierte su trabajo en su gran pasi\u00f3n As\u00ed llega al <strong>palacio de Castamar<\/strong> como humilde cocinera y conoce a Diego (Roberto Enr\u00edquez), el duque viudo. Entre recetas exquisitas, banquetes fastuosos y pasillos llenos de intriga, surge entre ambos una historia de amor prohibido llena de malentendidos, secretos y tensiones. La serie combina el rigor hist\u00f3rico del siglo XVIII espa\u00f1ol con una narrativa apasionante en la que la gastronom\u00eda y la intriga de palacio se entrelazan con los desaf\u00edos personales de los protagonistas.<\/p>\n<p> La edad dorada (HBO Max \/ Prime Video \/ Movistar Plus+)<\/p>\n<p>  <img src=\"https:\/\/www.europesays.com\/es\/wp-content\/uploads\/2025\/12\/5a747d0356a2-la-edad-dorada-hbo.jpg\"   width=\"1024\" height=\"682\" loading=\"lazy\" decoding=\"async\" alt=\"'La edad de oro' nos traslada al Nueva York de finales del siglo XIX\" fetchpriority=\"auto\" class=\"image ho-image\"\/>\u00a9 HBO Max<\/p>\n<p id=\"eNHljjPSHq\">Tras la muerte de su padre, <strong>Marian Brook\u00a0<\/strong><a class=\"hm-link ho-link\" href=\"https:\/\/www.hola.com\/belleza\/20221010218775\/louisa-jacobson-edad-dorada-cambio-look\/\" data-mrf-recirculation=\"article-body-link\" rel=\"nofollow noopener\" target=\"_blank\">(Louisa Jacobson, hija de Meryl Streep)<\/a> deja <strong>Pensilvania<\/strong> y se muda a <strong>Nueva York<\/strong> para vivir con sus adineradas t\u00edas A<strong>gnes Van Rhijn (Christine Baranski)\u00a0<\/strong>y <strong>Ada Brook (Cynthia Nixon).<\/strong> Acompa\u00f1ada por <strong>Peggy Scott (Den\u00e9e Benton),<\/strong> aspirante a escritora, se enfrenta a las estrictas normas de la alta sociedad y a los vecinos m\u00e1s ricos de la ciudad,<strong>\u00a0George Russell(Morgan Spector)<\/strong> y su ambiciosa esposa <strong>Bertha (Carrie Coon),\u00a0<\/strong>mientras descubre los secretos, rivalidades y expectativas que marcan a la familia y al servicio de la mansi\u00f3n. Entre intrigas, poder y r\u00edgidas tradiciones, la serie ofrece un retrato detallado de la ciudad de los rascacielos de finales del siglo XIX, una \u00e9poca de expansi\u00f3n y cambios sociales que Marian deber\u00e1 aprender a navegar.<\/p>\n","protected":false},"excerpt":{"rendered":"Las hijas de la criada, la primera adaptaci\u00f3n televisiva de una novela de Sonsoles \u00d3nega, ha llegado pegando&hellip;\n","protected":false},"author":2,"featured_media":284213,"comment_status":"","ping_status":"","sticky":false,"template":"","format":"standard","meta":{"footnotes":""},"categories":[171],"tags":[517,4040,7065,146,147,25,24,11943,303,152,13086,23,807,214],"class_list":{"0":"post-284212","1":"post","2":"type-post","3":"status-publish","4":"format-standard","5":"has-post-thumbnail","7":"category-tv","8":"tag-actualidad","9":"tag-antena-3","10":"tag-el-buscador-de-series","11":"tag-entertainment","12":"tag-entretenimiento","13":"tag-es","14":"tag-espana","15":"tag-hbo","16":"tag-movistar","17":"tag-netflix","18":"tag-prime-video","19":"tag-spain","20":"tag-television","21":"tag-tv"},"share_on_mastodon":{"url":"https:\/\/pubeurope.com\/@es\/115705472381178205","error":""},"_links":{"self":[{"href":"https:\/\/www.europesays.com\/es\/wp-json\/wp\/v2\/posts\/284212","targetHints":{"allow":["GET"]}}],"collection":[{"href":"https:\/\/www.europesays.com\/es\/wp-json\/wp\/v2\/posts"}],"about":[{"href":"https:\/\/www.europesays.com\/es\/wp-json\/wp\/v2\/types\/post"}],"author":[{"embeddable":true,"href":"https:\/\/www.europesays.com\/es\/wp-json\/wp\/v2\/users\/2"}],"replies":[{"embeddable":true,"href":"https:\/\/www.europesays.com\/es\/wp-json\/wp\/v2\/comments?post=284212"}],"version-history":[{"count":0,"href":"https:\/\/www.europesays.com\/es\/wp-json\/wp\/v2\/posts\/284212\/revisions"}],"wp:featuredmedia":[{"embeddable":true,"href":"https:\/\/www.europesays.com\/es\/wp-json\/wp\/v2\/media\/284213"}],"wp:attachment":[{"href":"https:\/\/www.europesays.com\/es\/wp-json\/wp\/v2\/media?parent=284212"}],"wp:term":[{"taxonomy":"category","embeddable":true,"href":"https:\/\/www.europesays.com\/es\/wp-json\/wp\/v2\/categories?post=284212"},{"taxonomy":"post_tag","embeddable":true,"href":"https:\/\/www.europesays.com\/es\/wp-json\/wp\/v2\/tags?post=284212"}],"curies":[{"name":"wp","href":"https:\/\/api.w.org\/{rel}","templated":true}]}}