{"id":284262,"date":"2025-12-12T08:25:12","date_gmt":"2025-12-12T08:25:12","guid":{"rendered":"https:\/\/www.europesays.com\/es\/284262\/"},"modified":"2025-12-12T08:25:12","modified_gmt":"2025-12-12T08:25:12","slug":"la-exposicion-de-vicente-viudes-en-las-claras-en-murcia-en-imagenes-la-verdad","status":"publish","type":"post","link":"https:\/\/www.europesays.com\/es\/284262\/","title":{"rendered":"La exposici\u00f3n de Vicente Viudes en Las Claras, en Murcia, en im\u00e1genes &#8211; La Verdad"},"content":{"rendered":"<ol>\n<li><a href=\"https:\/\/news.google.com\/rss\/articles\/CBMipwFBVV95cUxOWWtGTUwzbDVSOE9KcGxITnh0VkVkVVJhNVFScmxXbUxLMnU3ZU4yRDVuSkdRTGZmMkFPd3d2dWItakZKTVdldjhrMDZTT0gtcjZ5Ri00dUxKOUVwa1VOVEpWR3M5TFkzNG9kVlhLS1BpMGlzQUx6elBTcEEwY2Q3ZVNYUnp1SEk0dHhWWWpkN3VmSTc2R0VvSzFlR0lIVUZzeXU1ZnJfTdIBrAFBVV95cUxQcE0tX3VPcElSLW51RDVHWDBZZXh6Vlo4aS05dU5rTE5Fa19vdXpHRUJUR3VBc0htX1lIV29CaEt3N1JsdkZTUjI2N3QtcXFUSV9SeW5QR0lTejNydHN6OXdzRGFwLVZOR19RNU1JaFpRdWxHSFZpd180NlE2RnExSzNfQXVvc05idUdyUmRxZVNlVzJ6RGEwaTNUV3FEOEY0STZ6WVQtVjhfVGxl?oc=5\" target=\"_blank\" rel=\"nofollow noopener\">La exposici\u00f3n de Vicente Viudes en Las Claras, en Murcia, en im\u00e1genes<\/a>&nbsp;&nbsp;La Verdad<\/li>\n<li><a href=\"https:\/\/news.google.com\/rss\/articles\/CBMipAFBVV95cUxOM2MtcjRTZllfTGExZm15YS1YYlc2MDZlZ3VDZ0d1emRYSjFpbm5Mem1va1lwSVFOcW82aHI2bEtTNktvUGt1Yzg4Qjd1TDNJWGN2SS0yOTVDR3Nac3pob2NfUDY5NkRrQm5qeFZwNEJaQW9UX19fbjBQR1BMR1NHdkFudkJWVTA3UnVFTEJwRVJoT1RoazQwNEtlUm1mUERJU2N1S9IBqgFBVV95cUxQQ3B4TkZFQjlaSU9SbnZ4bUdJOTJQbEZXSm5CYXhDRVUwU3kyaGVTTUZzdmVkWWtpNlNyc1hMeVpjRzV0UWFpSVlKN2tIcFN4b29uRTZtWXVXYUNTcURueXA0czVvRkltd1BzQUdsaWtTZHRBUVJrOVliRUYwc1ZPRHN0V3FsYmNkYW42eWszTllnVW1GT0t4WnB2emo5bTVUSmQybnFFMW5vZw?oc=5\" target=\"_blank\" rel=\"nofollow noopener\">La luz tropical de Vicente Viudes ilumina Las Claras con \u2018Alma y color\u2019<\/a>&nbsp;&nbsp;La Opini\u00f3n de Murcia<\/li>\n<li><a href=\"https:\/\/news.google.com\/rss\/articles\/CBMinAJBVV95cUxNTWtrcGVwdDZ5M2tDdHJoVGFjb2ozcEN4dlZCWlBYcVIzY1RzY3VaaE14b2Z2QmNYQ25IWDhZbG5qdUJNM1FvS2FtdXFFazVNSVNIak5oVXNoZ05ENzdwYkZIZkY1c2xUeTV3Tmd1Q1JiODNHS0UzYzJiakpTTmVfVnlYaTZYSzkwd0lOX1BoRzRaTE1zbm1Pb2xfamxGREpsU1FEVU95cjNmS2xPeTMzUzRRSVVrWFcyQmJGcVR5SVYyLTZPS1M3aFNhaDFCVmRTRVFyMUs3LTJfY2FHdEo2X19KUHB5Q3JuQXNqdzFncUpybDdmMGtQU1EwTHdJYzAyaTQtSTBxbEYtUFVaLXFaaXRsWHBWTXQ1T0ctcQ?oc=5\" target=\"_blank\" rel=\"nofollow noopener\">Y por qu\u00e9 no quedarse a vivir en un cuadro de Vicente Viudes: una muestra en Las Claras re\u00fane 41 obras del pintor murciano que triunf\u00f3 en EEUU<\/a>&nbsp;&nbsp;Murcia Plaza<\/li>\n<li><a href=\"https:\/\/news.google.com\/rss\/articles\/CBMiwwFBVV95cUxQT2cxWFFya1ZtTGRPMmxidVN5cU52VUhjTDhhN29BZk9CdUNKaUNWTHhnQ3NlT3h1RFl6V3BPMGk3WS0zVHNoQ3d4cFI4aDdDTUdaZll5NVVwWF9oWHFxMllhXzJhTHpZazhBcHNSRkRyWUdGSklQNXRVNnVha19hWnprblN2V0pKUTV4d3NzLUxFTzgzMlFxZXZfQjRfVU1weWVZMWgxVDc4TC1lbjV2ZHBsRVYwZGp4M0oyUWhTMFczOWc?oc=5\" target=\"_blank\" rel=\"nofollow noopener\">El \u2018Alma de color\u2019 de Vicente Viudes revive en el Centro Cultural Las Claras Fundaci\u00f3n Cajamurcia<\/a>&nbsp;&nbsp;Murcia Actualidad<\/li>\n<li><a href=\"https:\/\/news.google.com\/rss\/articles\/CBMirAFBVV95cUxNXzh2N2lkcExqUmw2dlIwTmo2Z1NwMUtUV3dVeFpLVWFtMWh4LU9IeFhvV3pVMXFTeTZITHVJSUlYZzVoMXFReE9tbmFPR2lDeFRya2RxWEh3WFAxLVdYcExCMXREcHFBNWRoNTBZeEhHRzZTY2ZOcHU2Q2d2MnBXNHRuWktNdjhmeHplbVptZVR3R2ZqTENiU1lsWXowbnB4WDl4czZVWGFRNkVV?oc=5\" target=\"_blank\" rel=\"nofollow noopener\">Vicente Viudes sorprende en Las Claras con su vitalidad contagiosa<\/a>&nbsp;&nbsp;La Verdad<\/li>\n<\/ol>\n","protected":false},"excerpt":{"rendered":"La exposici\u00f3n de Vicente Viudes en Las Claras, en Murcia, en im\u00e1genes&nbsp;&nbsp;La Verdad La luz tropical de Vicente&hellip;\n","protected":false},"author":2,"featured_media":284263,"comment_status":"","ping_status":"","sticky":false,"template":"","format":"standard","meta":{"footnotes":""},"categories":[173],"tags":[229,233,231,230,44289,232,234,146,147,25,24,2003,1641,1478,23,13291,68692],"class_list":{"0":"post-284262","1":"post","2":"type-post","3":"status-publish","4":"format-standard","5":"has-post-thumbnail","7":"category-arte-y-diseno","8":"tag-arte","9":"tag-arte-y-diseno","10":"tag-arts","11":"tag-arts-and-design","12":"tag-claras","13":"tag-design","14":"tag-diseno","15":"tag-entertainment","16":"tag-entretenimiento","17":"tag-es","18":"tag-espana","19":"tag-exposicion","20":"tag-imagenes","21":"tag-murcia","22":"tag-spain","23":"tag-vicente","24":"tag-viudes"},"share_on_mastodon":{"url":"https:\/\/pubeurope.com\/@es\/115705644518208876","error":""},"_links":{"self":[{"href":"https:\/\/www.europesays.com\/es\/wp-json\/wp\/v2\/posts\/284262","targetHints":{"allow":["GET"]}}],"collection":[{"href":"https:\/\/www.europesays.com\/es\/wp-json\/wp\/v2\/posts"}],"about":[{"href":"https:\/\/www.europesays.com\/es\/wp-json\/wp\/v2\/types\/post"}],"author":[{"embeddable":true,"href":"https:\/\/www.europesays.com\/es\/wp-json\/wp\/v2\/users\/2"}],"replies":[{"embeddable":true,"href":"https:\/\/www.europesays.com\/es\/wp-json\/wp\/v2\/comments?post=284262"}],"version-history":[{"count":0,"href":"https:\/\/www.europesays.com\/es\/wp-json\/wp\/v2\/posts\/284262\/revisions"}],"wp:featuredmedia":[{"embeddable":true,"href":"https:\/\/www.europesays.com\/es\/wp-json\/wp\/v2\/media\/284263"}],"wp:attachment":[{"href":"https:\/\/www.europesays.com\/es\/wp-json\/wp\/v2\/media?parent=284262"}],"wp:term":[{"taxonomy":"category","embeddable":true,"href":"https:\/\/www.europesays.com\/es\/wp-json\/wp\/v2\/categories?post=284262"},{"taxonomy":"post_tag","embeddable":true,"href":"https:\/\/www.europesays.com\/es\/wp-json\/wp\/v2\/tags?post=284262"}],"curies":[{"name":"wp","href":"https:\/\/api.w.org\/{rel}","templated":true}]}}