{"id":284278,"date":"2025-12-12T08:37:09","date_gmt":"2025-12-12T08:37:09","guid":{"rendered":"https:\/\/www.europesays.com\/es\/284278\/"},"modified":"2025-12-12T08:37:09","modified_gmt":"2025-12-12T08:37:09","slug":"nuevo-modulo-de-formacion-teatral-en-el-campus-de-cadiz-portal-uca","status":"publish","type":"post","link":"https:\/\/www.europesays.com\/es\/284278\/","title":{"rendered":"Nuevo m\u00f3dulo de formaci\u00f3n teatral en el Campus de C\u00e1diz \u2013 Portal UCA"},"content":{"rendered":"<p>&#13;<br \/>\n&#13;<br \/>\n        &#13;<br \/>\n            &#13;<br \/>\n&#13;<br \/>\n&#13;<br \/>\n&#13;<br \/>\n        &#13;<br \/>\n                    <a class=\"uca_type pull-right\" href=\"https:\/\/www.uca.es\/evento\/\" rel=\"nofollow noopener\" target=\"_blank\">evento<\/a>&#13;<br \/>\n        &#13;<br \/>\n        &#13;<br \/>\n        &#13;<\/p>\n<p data-start=\"352\" data-end=\"843\">El Servicio de Extensi\u00f3n Universitaria del Vicerrectorado de Sostenibilidad y Cultura de la Universidad de C\u00e1diz, en colaboraci\u00f3n con el Ayuntamiento de C\u00e1diz, organiza la Escuela de Formaci\u00f3n Teatral de la UCA, que se desarrolla en el <strong data-start=\"636\" data-end=\"687\">Campus de C\u00e1diz (Edificio Constituci\u00f3n de 1812)<\/strong>. La \u00faltima propuesta formativa de este a\u00f1o tendr\u00e1 lugar el <strong data-start=\"728\" data-end=\"754\">martes 16 de diciembre<\/strong>, dentro del taller Ficci\u00f3n y realidad en el uso del espacio en el teatro de occidente.<\/p>\n<p data-start=\"845\" data-end=\"1339\">Impartido por <strong data-start=\"859\" data-end=\"890\">Fco. Javier Jim\u00e9nez Fonseca<\/strong>, el m\u00f3dulo ofrece un recorrido por la evoluci\u00f3n del espacio esc\u00e9nico en el teatro occidental, analiza las tipolog\u00edas de edificios teatrales, los principios escenogr\u00e1ficos de cada \u00e9poca y el uso del espacio en espect\u00e1culos no teatrales. Asimismo, aborda la influencia de las artes pl\u00e1sticas y la ciencia en la creaci\u00f3n esc\u00e9nica y repasa las aportaciones de arquitectos, escen\u00f3grafos, directores y productores fundamentales en la historia del teatro.<\/p>\n<p>        &#13;<br \/>\n&#13;<br \/>\n        &#13;<br \/>\n    &#13;<\/p>\n","protected":false},"excerpt":{"rendered":"&#13; &#13; &#13; &#13; &#13; &#13; &#13; &#13; evento&#13; &#13; &#13; &#13; El Servicio de Extensi\u00f3n Universitaria del&hellip;\n","protected":false},"author":2,"featured_media":284279,"comment_status":"","ping_status":"","sticky":false,"template":"","format":"standard","meta":{"footnotes":""},"categories":[5],"tags":[17,18,25,24,13,14,11,19,20,9,10,15,16,23,12,21,22],"class_list":{"0":"post-284278","1":"post","2":"type-post","3":"status-publish","4":"format-standard","5":"has-post-thumbnail","7":"category-titulares","8":"tag-breaking-news","9":"tag-breakingnews","10":"tag-es","11":"tag-espana","12":"tag-featured-news","13":"tag-featurednews","14":"tag-headlines","15":"tag-latest-news","16":"tag-latestnews","17":"tag-news","18":"tag-noticias","19":"tag-noticias-destacadas","20":"tag-noticiasdestacadas","21":"tag-spain","22":"tag-titulares","23":"tag-ultimas-noticias","24":"tag-ultimasnoticias"},"share_on_mastodon":{"url":"","error":""},"_links":{"self":[{"href":"https:\/\/www.europesays.com\/es\/wp-json\/wp\/v2\/posts\/284278","targetHints":{"allow":["GET"]}}],"collection":[{"href":"https:\/\/www.europesays.com\/es\/wp-json\/wp\/v2\/posts"}],"about":[{"href":"https:\/\/www.europesays.com\/es\/wp-json\/wp\/v2\/types\/post"}],"author":[{"embeddable":true,"href":"https:\/\/www.europesays.com\/es\/wp-json\/wp\/v2\/users\/2"}],"replies":[{"embeddable":true,"href":"https:\/\/www.europesays.com\/es\/wp-json\/wp\/v2\/comments?post=284278"}],"version-history":[{"count":0,"href":"https:\/\/www.europesays.com\/es\/wp-json\/wp\/v2\/posts\/284278\/revisions"}],"wp:featuredmedia":[{"embeddable":true,"href":"https:\/\/www.europesays.com\/es\/wp-json\/wp\/v2\/media\/284279"}],"wp:attachment":[{"href":"https:\/\/www.europesays.com\/es\/wp-json\/wp\/v2\/media?parent=284278"}],"wp:term":[{"taxonomy":"category","embeddable":true,"href":"https:\/\/www.europesays.com\/es\/wp-json\/wp\/v2\/categories?post=284278"},{"taxonomy":"post_tag","embeddable":true,"href":"https:\/\/www.europesays.com\/es\/wp-json\/wp\/v2\/tags?post=284278"}],"curies":[{"name":"wp","href":"https:\/\/api.w.org\/{rel}","templated":true}]}}