{"id":284299,"date":"2025-12-12T08:55:11","date_gmt":"2025-12-12T08:55:11","guid":{"rendered":"https:\/\/www.europesays.com\/es\/284299\/"},"modified":"2025-12-12T08:55:11","modified_gmt":"2025-12-12T08:55:11","slug":"andreu-buenafuente-y-silvia-abril-no-presentaran-las-campanadas-en-tve-por-la-baja-medica-del-comico-television","status":"publish","type":"post","link":"https:\/\/www.europesays.com\/es\/284299\/","title":{"rendered":"Andreu Buenafuente y Silvia Abril no presentar\u00e1n las campanadas en TVE por la baja m\u00e9dica del c\u00f3mico | Televisi\u00f3n"},"content":{"rendered":"<p class=\"\">El presentador y humorista Andreu Buenafuente no podr\u00e1 presentar el 31 de diciembre las Campanadas de TVE junto con su pareja, la c\u00f3mica y actriz Silvia Abril. Ambos han renunciado debido a la baja m\u00e9dica del presentador, tal y como explic\u00f3 \u00e9l en un mensaje difundido en redes sociales a trav\u00e9s de la cuenta de su productora, El Terrat, y de RTVE: \u201cHay que estar bien para regresar\u201d. Buenafuente relat\u00f3 que deber\u00e1 alargar su per\u00edodo de descanso y el par\u00f3n de su agenda profesional, \u201cpor motivos de exceso de carga laboral y por prescripci\u00f3n m\u00e9dica\u201d. \u201cCuando sea posible volver a la cotidianidad que sea. Que sep\u00e1is que estoy en ello. Esto es un poco lento si queremos hacerlo bien. No creo que debamos acelerar una recuperaci\u00f3n\u201d, agreg\u00f3 el c\u00f3mico y presentador en el v\u00eddeo. Por el momento, RTVE no ha anunciado qui\u00e9nes ser\u00e1n sus sustitutos, y remiten a pr\u00f3ximos d\u00edas para su anuncio.<\/p>\n<p class=\"\">En el v\u00eddeo, de casi cuatro minutos, Buenafuente explica situaci\u00f3n: \u201cTuve un episodio de estr\u00e9s, algo muy com\u00fan, no agradable pero com\u00fan en una sociedad como esta un poco acelerada. En mi caso, con trabajos que yo mismo me origino, me motivo y yo mismo creo. Hubo un momento en que ya no pude, me desali\u00f1\u00e9 y mi cuerpo dijo, tienes que parar, y as\u00ed lo hice\u201d, explica. El presentador ha aprovechado para agradecer la ayuda que est\u00e1 recibiendo en este proceso y el respeto ante su situaci\u00f3n: \u201cEs muy emocionante comprobar c\u00f3mo esto ya es muy com\u00fan y todos hemos aprendido a sobrellevarlo, el que lo sufre y el que asiste a quien lo sufre\u201d. <\/p>\n<p class=\"\">\u201cEsto es un poco lento. Si queremos hacerlo bien va a llevar un poquito m\u00e1s de tiempo. No creo que tenga que acelerar la recuperaci\u00f3n. Tengo que estar bien para hacer lo que me hace feliz, y por consiguiente, no va a ser posible hacer las campanadas con Silvia Abril en este contexto de recuperaci\u00f3n. No veo ninguna cosa buena en forzarme para hacer un trabajo un d\u00eda. Hay que volver bien, hay que estar en la senda, en el camino, el avance y la serenidad para hacer lo que me gusta\u201d, ha comunicado. <\/p>\n<p class=\"\">En un primer momento, cuando Buenafuente anunci\u00f3 su par\u00f3n laboral, RTVE hab\u00eda afirmado que regresar\u00eda para conducir las doce uvas desde la Puerta del Sol. Finalmente, no ser\u00e1 as\u00ed, por eso el humorista agradece su comprensi\u00f3n a la cadena p\u00fablica. \u201cDesde aqu\u00ed, much\u00edsimas gracias a Televisi\u00f3n Espa\u00f1ola por el apoyo desde el primer minuto. No es f\u00e1cil parar una maquinaria de entretenimiento, pero mi televisi\u00f3n me ha apoyado, as\u00ed quiero decirlo, y eso es muy importante. Tambi\u00e9n la Cadena SER con el programa Nadie sabe nada\u201d. Los \u00faltimos programas del espacio de los s\u00e1bados que comparte con Berto Romero son recopilaciones de entregas anteriores. <\/p>\n<p class=\"\">Buenafuente y Abril ya hab\u00edan presentado juntos los premios Goya en dos ocasiones (2019 y 2020), y \u00e9l est\u00e1 al frente del programa Futuro imperfecto, uno de los \u00e9xitos de la temporada en La 1, donde ella colabora habitualmente. Abril, adem\u00e1s, ha participado en la pel\u00edcula espa\u00f1ola m\u00e1s taquillera de este 2025: <a href=\"https:\/\/elpais.com\/cultura\/2025-06-27\/padre-no-hay-mas-que-uno-5-santiago-segura-cierra-la-saga-con-una-buena-ensalada-a-la-que-le-falla-el-alino.html\" rel=\"nofollow noopener\" title=\"https:\/\/elpais.com\/cultura\/2025-06-27\/padre-no-hay-mas-que-uno-5-santiago-segura-cierra-la-saga-con-una-buena-ensalada-a-la-que-le-falla-el-alino.html\" target=\"_blank\">Padre no hay m\u00e1s que uno 5.<\/a><\/p>\n<p class=\"\">As\u00ed, Buenafuente no repetir\u00e1 las campanadas, al menos por este a\u00f1o, y despu\u00e9s de presentarlas en La Sexta en 2008 junto a Berto Romero. El c\u00f3mic tambi\u00e9n codirige y copresenta Nadie sabe nada en la Cadena SER, junto a Berto Romero. Por su parte, Abril, adem\u00e1s de colaboradora de Futuro imperfecto, presenta La recepta perduda en La 2 en Catalu\u00f1a. Inici\u00f3 su carrera sobre los escenarios en la compa\u00f1\u00eda Comediants y dio el salto a la televisi\u00f3n nacional con Homo Zapping. Ha participado en programas como MasterChef Celebrity, Lol, si te r\u00edes pierdes o Tu cara me suena. Ha protagonizado series como Mamen Mayo, Se\u00f1or, dame paciencia o Atasco, adem\u00e1s de actuar a las \u00f3rdenes de directores como Javier Ruiz Caldera, Cesc Gay, Isabel Coixet o Nacho G. Velilla.<\/p>\n","protected":false},"excerpt":{"rendered":"El presentador y humorista Andreu Buenafuente no podr\u00e1 presentar el 31 de diciembre las Campanadas de TVE junto&hellip;\n","protected":false},"author":2,"featured_media":284300,"comment_status":"","ping_status":"","sticky":false,"template":"","format":"standard","meta":{"footnotes":""},"categories":[91],"tags":[2058,146,147,25,24,2951,5199,10758,518,1271,23,807,3156],"class_list":{"0":"post-284299","1":"post","2":"type-post","3":"status-publish","4":"format-standard","5":"has-post-thumbnail","7":"category-entretenimiento","8":"tag-andreu-buenafuente","9":"tag-entertainment","10":"tag-entretenimiento","11":"tag-es","12":"tag-espana","13":"tag-navidad","14":"tag-nochevieja","15":"tag-presentadores-television","16":"tag-rtve","17":"tag-silvia-abril","18":"tag-spain","19":"tag-television","20":"tag-tve"},"share_on_mastodon":{"url":"https:\/\/pubeurope.com\/@es\/115705762807894080","error":""},"_links":{"self":[{"href":"https:\/\/www.europesays.com\/es\/wp-json\/wp\/v2\/posts\/284299","targetHints":{"allow":["GET"]}}],"collection":[{"href":"https:\/\/www.europesays.com\/es\/wp-json\/wp\/v2\/posts"}],"about":[{"href":"https:\/\/www.europesays.com\/es\/wp-json\/wp\/v2\/types\/post"}],"author":[{"embeddable":true,"href":"https:\/\/www.europesays.com\/es\/wp-json\/wp\/v2\/users\/2"}],"replies":[{"embeddable":true,"href":"https:\/\/www.europesays.com\/es\/wp-json\/wp\/v2\/comments?post=284299"}],"version-history":[{"count":0,"href":"https:\/\/www.europesays.com\/es\/wp-json\/wp\/v2\/posts\/284299\/revisions"}],"wp:featuredmedia":[{"embeddable":true,"href":"https:\/\/www.europesays.com\/es\/wp-json\/wp\/v2\/media\/284300"}],"wp:attachment":[{"href":"https:\/\/www.europesays.com\/es\/wp-json\/wp\/v2\/media?parent=284299"}],"wp:term":[{"taxonomy":"category","embeddable":true,"href":"https:\/\/www.europesays.com\/es\/wp-json\/wp\/v2\/categories?post=284299"},{"taxonomy":"post_tag","embeddable":true,"href":"https:\/\/www.europesays.com\/es\/wp-json\/wp\/v2\/tags?post=284299"}],"curies":[{"name":"wp","href":"https:\/\/api.w.org\/{rel}","templated":true}]}}