{"id":284309,"date":"2025-12-12T09:00:14","date_gmt":"2025-12-12T09:00:14","guid":{"rendered":"https:\/\/www.europesays.com\/es\/284309\/"},"modified":"2025-12-12T09:00:14","modified_gmt":"2025-12-12T09:00:14","slug":"taller-sobre-habilidades-comunicativas-en-ciperpolitica-en-el-campus-de-jerez-portal-uca","status":"publish","type":"post","link":"https:\/\/www.europesays.com\/es\/284309\/","title":{"rendered":"Taller sobre habilidades comunicativas en ciperpol\u00edtica, en el Campus de Jerez \u2013 Portal UCA"},"content":{"rendered":"<p>&#13;<br \/>\n&#13;<br \/>\n        &#13;<br \/>\n            &#13;<br \/>\n&#13;<br \/>\n&#13;<br \/>\n&#13;<br \/>\n        &#13;<br \/>\n                    <a class=\"uca_type pull-right\" href=\"https:\/\/www.uca.es\/evento\/\" rel=\"nofollow noopener\" target=\"_blank\">evento<\/a>&#13;<br \/>\n        &#13;<br \/>\n        &#13;<br \/>\n        &#13;<\/p>\n<p data-start=\"205\" data-end=\"525\">La Facultad de Ciencias Sociales y de la Comunicaci\u00f3n celebrar\u00e1 el <strong data-start=\"230\" data-end=\"267\">15 de diciembre a las 13:30 horas<\/strong> la actividad Redes Sociales y Pol\u00edtica. Habilidades Comunicativas y Emocionales, una sesi\u00f3n orientada a analizar c\u00f3mo se construye la comunicaci\u00f3n p\u00fablica en entornos digitales y qu\u00e9 estrategias permiten conectar de forma eficaz con diferentes audiencias.<\/p>\n<p data-start=\"527\" data-end=\"980\">El encuentro contar\u00e1 con la participaci\u00f3n de <strong data-start=\"572\" data-end=\"603\">Jos\u00e9 Ignacio Garc\u00eda S\u00e1nchez<\/strong>, candidato a la presidencia de la Junta de Andaluc\u00eda por Adelante Andaluc\u00eda, que acumula m\u00e1s de <strong data-start=\"700\" data-end=\"734\">28.000 seguidores en Instagram<\/strong>. Su intervenci\u00f3n permitir\u00e1 conocer de primera mano c\u00f3mo afronta el reto comunicativo diario con su comunidad digital, c\u00f3mo gestiona la interacci\u00f3n en redes sociales y qu\u00e9 papel desempe\u00f1an las habilidades emocionales en la pol\u00edtica contempor\u00e1nea.<\/p>\n<p>        &#13;<br \/>\n&#13;<br \/>\n        &#13;<br \/>\n    &#13;<\/p>\n","protected":false},"excerpt":{"rendered":"&#13; &#13; &#13; &#13; &#13; &#13; &#13; &#13; evento&#13; &#13; &#13; &#13; La Facultad de Ciencias Sociales y&hellip;\n","protected":false},"author":2,"featured_media":284310,"comment_status":"","ping_status":"","sticky":false,"template":"","format":"standard","meta":{"footnotes":""},"categories":[5],"tags":[17,18,25,24,13,14,11,19,20,9,10,15,16,23,12,21,22],"class_list":{"0":"post-284309","1":"post","2":"type-post","3":"status-publish","4":"format-standard","5":"has-post-thumbnail","7":"category-titulares","8":"tag-breaking-news","9":"tag-breakingnews","10":"tag-es","11":"tag-espana","12":"tag-featured-news","13":"tag-featurednews","14":"tag-headlines","15":"tag-latest-news","16":"tag-latestnews","17":"tag-news","18":"tag-noticias","19":"tag-noticias-destacadas","20":"tag-noticiasdestacadas","21":"tag-spain","22":"tag-titulares","23":"tag-ultimas-noticias","24":"tag-ultimasnoticias"},"share_on_mastodon":{"url":"https:\/\/pubeurope.com\/@es\/115705782069129349","error":""},"_links":{"self":[{"href":"https:\/\/www.europesays.com\/es\/wp-json\/wp\/v2\/posts\/284309","targetHints":{"allow":["GET"]}}],"collection":[{"href":"https:\/\/www.europesays.com\/es\/wp-json\/wp\/v2\/posts"}],"about":[{"href":"https:\/\/www.europesays.com\/es\/wp-json\/wp\/v2\/types\/post"}],"author":[{"embeddable":true,"href":"https:\/\/www.europesays.com\/es\/wp-json\/wp\/v2\/users\/2"}],"replies":[{"embeddable":true,"href":"https:\/\/www.europesays.com\/es\/wp-json\/wp\/v2\/comments?post=284309"}],"version-history":[{"count":0,"href":"https:\/\/www.europesays.com\/es\/wp-json\/wp\/v2\/posts\/284309\/revisions"}],"wp:featuredmedia":[{"embeddable":true,"href":"https:\/\/www.europesays.com\/es\/wp-json\/wp\/v2\/media\/284310"}],"wp:attachment":[{"href":"https:\/\/www.europesays.com\/es\/wp-json\/wp\/v2\/media?parent=284309"}],"wp:term":[{"taxonomy":"category","embeddable":true,"href":"https:\/\/www.europesays.com\/es\/wp-json\/wp\/v2\/categories?post=284309"},{"taxonomy":"post_tag","embeddable":true,"href":"https:\/\/www.europesays.com\/es\/wp-json\/wp\/v2\/tags?post=284309"}],"curies":[{"name":"wp","href":"https:\/\/api.w.org\/{rel}","templated":true}]}}