{"id":284315,"date":"2025-12-12T09:08:10","date_gmt":"2025-12-12T09:08:10","guid":{"rendered":"https:\/\/www.europesays.com\/es\/284315\/"},"modified":"2025-12-12T09:08:10","modified_gmt":"2025-12-12T09:08:10","slug":"la-conjura-del-palmer-basket","status":"publish","type":"post","link":"https:\/\/www.europesays.com\/es\/284315\/","title":{"rendered":"La conjura del Palmer Basket"},"content":{"rendered":"<p>El <strong>Palmer Basket se la juega. Despu\u00e9s de diez jornadas de liga<\/strong>, los de Lucas Victoriano llegan a este fin de semana con solo una victoria y ocho derrotas. El equipo que actualmente es <strong>colista de la <a href=\"https:\/\/www.ultimahora.es\/etiqueta\/Primera+FEB.html?utm_source=Inline-tag&amp;utm_medium=internal\" rel=\"nofollow noopener\" target=\"_blank\">Primera FEB<\/a> recibe al Cartagena<\/strong> (pen\u00faltimo en la tabla) en un duelo que es clave para esta primera vuelta y para lo que resta de temporada.<\/p>\n<p>Hasta ahora han sido <strong>cuatro los jugadores que han abandonado la disciplina balear: Matt Frierson, Tray Hollowell, Lucas N\u2019Guessan y Alessandro Scariolo y adem\u00e1s Marco Justo<\/strong>, entrenador que les dio el ascenso a la categor\u00eda de plata del <a href=\"https:\/\/www.ultimahora.es\/etiqueta\/baloncesto.html?utm_source=Inline-tag&amp;utm_medium=internal\" rel=\"nofollow noopener\" target=\"_blank\">baloncesto<\/a> espa\u00f1ol y que Lucas Victoriano fue el encargado de ocupar su lugar.<\/p>\n<p>Con ello y a lo largo de lo que llevamos de campa\u00f1a, la entidad presidida por Vicen\u00e7 Palmer junto a la direcci\u00f3n deportiva encabezada por Juanan Serra se han ido moviendo en el mercado para revertir la situaci\u00f3n. Y es que, hasta el momento, <strong>son cinco las nuevas llegadas que han aterrizado en la isla para sumarse al proyecto e intentar cambiar la din\u00e1mica deportiva en la que est\u00e1 sumergido el club<\/strong> que el a\u00f1o pasado super\u00f3 con creces el reto de la Segunda FEB.<\/p>\n<p><img loading=\"lazy\" decoding=\"async\" src=\"https:\/\/www.europesays.com\/es\/wp-content\/uploads\/2025\/12\/3590961.jpg\" border=\"0\" alt=\"Una \u2018final\u2019 para el Palmer Basket\" width=\"2048\" height=\"1536\"\/>&#13;<br \/>\nImagen de la plantilla y el cuerpo t\u00e9cnico del Palmer Basket frente al restaurante Mia en Palma. Foto: Emilio Queirolo&#13;<\/p>\n<p><strong>Hansel Atencia, Danny Agbelese, Archange Izaw-Bolawie, Josh Roberts y Duda Sanadze<\/strong> han sido las incorporaciones realizadas para <strong>obtener un rendimiento inmediato el cual, m\u00e1s all\u00e1 de verse en el estilo juego, no han llegado a trasladarse en victorias<\/strong>, algo muy necesario para el conjunto palmesano que sigue intentando levantar cabeza.<\/p>\n<p>Tambi\u00e9n falta por <strong>descubrir que ocurre con Golden Dike y Ismael Massoud<\/strong>. Ya son varias las jornadas en las que el <strong>p\u00edvot no participa en los encuentros<\/strong>, mientras que el ala-p\u00edvot de nacionalidad egipcia no estuvo en el pasado encuentro contra el Estudianes. <strong>Este \u00faltimo aparece con baja federativa<\/strong> y ambas partes (club y jugador) buscan una salida. Unas operaciones que provocar\u00e1n la llegada de nuevos jugadores al club superada ya una tercera parte de una campa\u00f1a que no est\u00e1 siendo como esperaban.<\/p>\n<p>Antes de que acabe el a\u00f1o tienen ante ellos la oportunidad de resolver este mal inicio o que empeore la situaci\u00f3n, pero una cosa est\u00e1 clara, a partir de ahora son todo son finales. <strong>M\u00e1s all\u00e1 de este primer duelo frente al Cartagena, los siguientes encuentros son contra Burgos a domicilio en jornada entre semana el pr\u00f3ximo mi\u00e9rcoles 17 de diciembre, el domingo 21 vuelven a Son Moix para medirse al Obradoiro y finalmente, antes de acabar el a\u00f1o, lo har\u00e1n en un derbi contra el Fibwi Mallorca el domingo 28 a las 12 horas de la ma\u00f1ana<\/strong>. Son cuatro enfrentamientos clave para la entidad que, para seguir con vida en la categor\u00eda, <strong>deber\u00e1n obtener el mayor n\u00famero de triunfos posibles antes de despedir un 2025 lleno de luces y sombras<\/strong>.<\/p>\n","protected":false},"excerpt":{"rendered":"El Palmer Basket se la juega. Despu\u00e9s de diez jornadas de liga, los de Lucas Victoriano llegan a&hellip;\n","protected":false},"author":2,"featured_media":284316,"comment_status":"","ping_status":"","sticky":false,"template":"","format":"standard","meta":{"footnotes":""},"categories":[269],"tags":[299,298,168,25,24,301,832,833,830,831,829,3917,23,167],"class_list":{"0":"post-284315","1":"post","2":"type-post","3":"status-publish","4":"format-standard","5":"has-post-thumbnail","7":"category-baloncesto","8":"tag-baloncesto","9":"tag-basketball","10":"tag-deportes","11":"tag-es","12":"tag-espana","13":"tag-eurobasket","14":"tag-eurocup","15":"tag-euroliga","16":"tag-leb-oro","17":"tag-liga-acb","18":"tag-palmer-basket-mallorca","19":"tag-primera-feb","20":"tag-spain","21":"tag-sports"},"share_on_mastodon":{"url":"https:\/\/pubeurope.com\/@es\/115705814259874571","error":""},"_links":{"self":[{"href":"https:\/\/www.europesays.com\/es\/wp-json\/wp\/v2\/posts\/284315","targetHints":{"allow":["GET"]}}],"collection":[{"href":"https:\/\/www.europesays.com\/es\/wp-json\/wp\/v2\/posts"}],"about":[{"href":"https:\/\/www.europesays.com\/es\/wp-json\/wp\/v2\/types\/post"}],"author":[{"embeddable":true,"href":"https:\/\/www.europesays.com\/es\/wp-json\/wp\/v2\/users\/2"}],"replies":[{"embeddable":true,"href":"https:\/\/www.europesays.com\/es\/wp-json\/wp\/v2\/comments?post=284315"}],"version-history":[{"count":0,"href":"https:\/\/www.europesays.com\/es\/wp-json\/wp\/v2\/posts\/284315\/revisions"}],"wp:featuredmedia":[{"embeddable":true,"href":"https:\/\/www.europesays.com\/es\/wp-json\/wp\/v2\/media\/284316"}],"wp:attachment":[{"href":"https:\/\/www.europesays.com\/es\/wp-json\/wp\/v2\/media?parent=284315"}],"wp:term":[{"taxonomy":"category","embeddable":true,"href":"https:\/\/www.europesays.com\/es\/wp-json\/wp\/v2\/categories?post=284315"},{"taxonomy":"post_tag","embeddable":true,"href":"https:\/\/www.europesays.com\/es\/wp-json\/wp\/v2\/tags?post=284315"}],"curies":[{"name":"wp","href":"https:\/\/api.w.org\/{rel}","templated":true}]}}