{"id":284361,"date":"2025-12-12T09:39:16","date_gmt":"2025-12-12T09:39:16","guid":{"rendered":"https:\/\/www.europesays.com\/es\/284361\/"},"modified":"2025-12-12T09:39:16","modified_gmt":"2025-12-12T09:39:16","slug":"marcus-rashford-el-futbolista-del-barcelona-que-lucha-contra-la-pobreza-infantil-que-el-mismo-vivio-futbol-deportes","status":"publish","type":"post","link":"https:\/\/www.europesays.com\/es\/284361\/","title":{"rendered":"Marcus Rashford, el futbolista del Barcelona que lucha contra la pobreza infantil que \u00e9l mismo vivi\u00f3 | F\u00fatbol | Deportes"},"content":{"rendered":"<p class=\"\">Marcus Rashford aparece rodeado de ni\u00f1os en la Escola Vedruna, en pleno coraz\u00f3n de Ciutat Vella. Le esperan con gran expectaci\u00f3n, enfundados en camisetas del Barcelona. Entre preguntas inocentes, pero sin filtro,<a href=\"https:\/\/elpais.com\/deportes\/futbol\/2025-09-18\/el-mejor-rashford-se-reivindica-en-europa.html\" target=\"_self\" rel=\"nofollow noopener\" title=\"https:\/\/elpais.com\/deportes\/futbol\/2025-09-18\/el-mejor-rashford-se-reivindica-en-europa.html\"> Rashford escucha con calma, sonr\u00ede y juega.<\/a> Desde una ventana le lanzan cartas mientras \u00e9l se deja marcar goles en el patio. La escena destila inocencia, pero tambi\u00e9n esperanza en un barrio diverso y golpeado por la vulnerabilidad social, donde la Fundaci\u00f3 Bar\u00e7a impulsa programas como Escoles Sense Viol\u00e8ncia. M\u00e1s tarde, visita tambi\u00e9n el Centre C\u00edvic El Submar\u00ed, donde la fundaci\u00f3n azulgrana impulsa Esport a la Comunitat, un proyecto con el objetivo de mejorar la calidad de vida de ni\u00f1os y familias a trav\u00e9s de actividades socioeducativas y deportivas capaces de abrir oportunidades donde a menudo escasean. \u201cCuando era ni\u00f1o, la mayor\u00eda de las personas a las que les dec\u00eda que quer\u00eda ser futbolista, ni siquiera me escuchaban. En mi casa siempre me motivaron. As\u00ed que ahora me toca transmitir eso a los ni\u00f1os\u201d, explica. <a href=\"https:\/\/elpais.com\/deportes\/futbol\/2025-08-16\/laliga-inscribe-a-joan-garcia.html\" target=\"_self\" rel=\"nofollow noopener\" title=\"https:\/\/elpais.com\/deportes\/futbol\/2025-08-16\/laliga-inscribe-a-joan-garcia.html\">Para Rashford, la colaboraci\u00f3n solidaria no es ajena<\/a>. Ya en M\u00e1nchester se enfrent\u00f3 al gobierno brit\u00e1nico para que los ni\u00f1os no pasasen hambre durante la pandemia. En \u00e9l resuena la historia de su vida.<\/p>\n<p class=\"\">Cuando aterriz\u00f3 cedido en Barcelona este verano \u2014donde se siente \u201ccomo en casa\u201d\u2014, Marta Seg\u00fa, directora de la Fundaci\u00f3, se acerc\u00f3 a \u00e9l para explicarle su trabajo. Rashford no dud\u00f3 en participar, empezando primero por las escuelas. El futbolista ingl\u00e9s conoce en primera persona la importancia de esos espacios seguros. Los bancos de alimentos y los comedores sociales no eran ajenos a \u00e9l y a su familia. \u201cS\u00e9 lo que es pasar hambre\u201d, confes\u00f3 a la BBC. \u201cAyudar a la gente joven me motiva, son el futuro. Para m\u00ed es algo natural. Les motiva ver a alguien que, aunque sea de otro pa\u00eds, tiene un origen similar al suyo\u201d, comparte en Ciutat Vella. <\/p>\n<p><img decoding=\"auto\" class=\"_re lazyload a_m-h\" height=\"276\"  width=\"414\"  src=\"https:\/\/www.europesays.com\/es\/wp-content\/uploads\/2025\/12\/BXWMWO5T4FCDBLVF2667CXLULA.jpeg\" loading=\"lazy\"\/>Visita Rashford a la Fundacio Bar\u00e7a. FC Barcelona.<\/p>\n<p class=\"\"><a href=\"https:\/\/elpais.com\/deportes\/futbol\/2025-07-23\/marcus-rashford-llega-cedido-del-manchester-united-al-fc-barcelona-por-una-temporada.html\" target=\"_self\" rel=\"nofollow noopener\" title=\"https:\/\/elpais.com\/deportes\/futbol\/2025-07-23\/marcus-rashford-llega-cedido-del-manchester-united-al-fc-barcelona-por-una-temporada.html\">Rashford conoce en primera persona<\/a> la importancia de esos espacios seguros. Creci\u00f3 entre Withington y Wythenshawe, dos suburbios del sur de M\u00e1nchester donde su madre, Melanie Maynard, de origen caribe\u00f1o y trabajadora a jornada completa por el salario m\u00ednimo, sacaba adelante sola a Marcus y sus cuatro hermanos. El mejor consejo de su madre es que no tenga miedo. \u201cRecuerdo que mi infancia fue divertida. Siempre fui feliz. Fue dif\u00edcil, s\u00ed. Pero quiz\u00e1 m\u00e1s para mis hermanos, hermanas y madre. Ellos eran los que ten\u00edan la responsabilidad cuando yo era m\u00e1s joven, y se aseguraron de que siempre fuese feliz\u201d, recuerda Marcus. \u201cPero no cambiar\u00eda nada: me ayud\u00f3 a convertirme en la persona que soy hoy\u201d, a\u00f1ade.<\/p>\n<p class=\"\">Muchas ma\u00f1anas, Rashford llegaba al colegio un poco m\u00e1s tarde que sus compa\u00f1eros: antes pasaba por el club del desayuno, un servicio en el Reino Unido para los ni\u00f1os que no pueden hacer esta primera comida en casa, y tambi\u00e9n depend\u00eda de las comidas subvencionadas del Estado. \u201cMi colegio en Inglaterra era bastante diverso. Crec\u00ed entendiendo que no todo el mundo es igual, pero que s\u00ed hay que tratarlos como tal\u201d, recuerda el futbolista. <\/p>\n<p><img decoding=\"auto\" class=\"_re lazyload a_m-h\" height=\"276\"  width=\"414\"  src=\"https:\/\/www.europesays.com\/es\/wp-content\/uploads\/2025\/12\/GXUXB7DF7NFTDFST4C4T64KNOA.jpeg\" loading=\"lazy\"\/>Visita Rashford a la Fundacio Bar\u00e7a. FC Barcelona.<\/p>\n<p class=\"\">Su cuerpo, cubierto de tatuajes, es un mapa de su historia. En el brazo izquierdo lleva grabados los nombres de las personas m\u00e1s importantes de su vida; en el muslo derecho, los lugares donde creci\u00f3 junto a su madre y su abuela. Y en la cintura, la silueta de un ni\u00f1o jugando con un bal\u00f3n bajo un \u00e1rbol que recuerda a las zonas de Northern Moor y Wysthenshawe. El compromiso de Rashford tambi\u00e9n abraza la lucha contra el racismo: lleva tatuado en el vientre el podio de los Juegos Ol\u00edmpicos de M\u00e9xico 1968, cuando Tommie Smith y John Carlos levantaron el pu\u00f1o, gesto del Black Power, y en la espalda, rostros como los de Nelson Mandela o Malcolm X. <\/p>\n<p class=\"\">En 2020, en plena pandemia, Rashford aprovech\u00f3 su altavoz social ya como jugador de f\u00fatbol. Empez\u00f3 en redes sociales una campa\u00f1a para presionar al gobierno brit\u00e1nico para que los menores de edad siguieran teniendo la oportunidad de acceso a comidas gratuitas no solo durante el periodo escolar, sino tambi\u00e9n en verano. Funcion\u00f3. Logr\u00f3 que Boris Johnson aceptase entregar comidas escolares de manera gratuita a 1,3 millones de ni\u00f1os durante aquel verano. Entre otras campa\u00f1as y movimientos, tambi\u00e9n colabor\u00f3 de manera activa con la organizaci\u00f3n ben\u00e9fica FareShare, que lucha contra la pobreza alimentaria infantil. Su labor le vali\u00f3 en 2020 la distinci\u00f3n de Miembro de la Orden del Imperio Brit\u00e1nico (MBE).<\/p>\n<p class=\"\">Su visita a Ciutat Vella no ha sido un gesto aislado, sino la continuidad natural de su historia personal y compromiso social que empez\u00f3 en M\u00e1nchester para que lo ni\u00f1os no vivan lo que \u00e9l pas\u00f3. \u201cCreo que el verdadero resultado de esto es ver el cambio en la vida de los ni\u00f1os. Es necesario. Tengamos estas conexiones con los j\u00f3venes para que puedan mantener sus sue\u00f1os y aspirar a ser lo que quieran ser\u201d, explica Rashford. Porque sabe que una oportunidad puede cambiar una vida. \u00c9l la tuvo. <\/p>\n","protected":false},"excerpt":{"rendered":"Marcus Rashford aparece rodeado de ni\u00f1os en la Escola Vedruna, en pleno coraz\u00f3n de Ciutat Vella. Le esperan&hellip;\n","protected":false},"author":2,"featured_media":284362,"comment_status":"","ping_status":"","sticky":false,"template":"","format":"standard","meta":{"footnotes":""},"categories":[93],"tags":[1540,168,1539,25,24,881,282,1538,3254,23,167],"class_list":{"0":"post-284361","1":"post","2":"type-post","3":"status-publish","4":"format-standard","5":"has-post-thumbnail","7":"category-deportes","8":"tag-competiciones","9":"tag-deportes","10":"tag-entrenadores","11":"tag-es","12":"tag-espana","13":"tag-fc-barcelona","14":"tag-futbol","15":"tag-futbolistas","16":"tag-marcus-rashford","17":"tag-spain","18":"tag-sports"},"share_on_mastodon":{"url":"https:\/\/pubeurope.com\/@es\/115705936189636444","error":""},"_links":{"self":[{"href":"https:\/\/www.europesays.com\/es\/wp-json\/wp\/v2\/posts\/284361","targetHints":{"allow":["GET"]}}],"collection":[{"href":"https:\/\/www.europesays.com\/es\/wp-json\/wp\/v2\/posts"}],"about":[{"href":"https:\/\/www.europesays.com\/es\/wp-json\/wp\/v2\/types\/post"}],"author":[{"embeddable":true,"href":"https:\/\/www.europesays.com\/es\/wp-json\/wp\/v2\/users\/2"}],"replies":[{"embeddable":true,"href":"https:\/\/www.europesays.com\/es\/wp-json\/wp\/v2\/comments?post=284361"}],"version-history":[{"count":0,"href":"https:\/\/www.europesays.com\/es\/wp-json\/wp\/v2\/posts\/284361\/revisions"}],"wp:featuredmedia":[{"embeddable":true,"href":"https:\/\/www.europesays.com\/es\/wp-json\/wp\/v2\/media\/284362"}],"wp:attachment":[{"href":"https:\/\/www.europesays.com\/es\/wp-json\/wp\/v2\/media?parent=284361"}],"wp:term":[{"taxonomy":"category","embeddable":true,"href":"https:\/\/www.europesays.com\/es\/wp-json\/wp\/v2\/categories?post=284361"},{"taxonomy":"post_tag","embeddable":true,"href":"https:\/\/www.europesays.com\/es\/wp-json\/wp\/v2\/tags?post=284361"}],"curies":[{"name":"wp","href":"https:\/\/api.w.org\/{rel}","templated":true}]}}