{"id":284374,"date":"2025-12-12T09:46:13","date_gmt":"2025-12-12T09:46:13","guid":{"rendered":"https:\/\/www.europesays.com\/es\/284374\/"},"modified":"2025-12-12T09:46:13","modified_gmt":"2025-12-12T09:46:13","slug":"el-gobierno-apoya-la-publicacion-del-libro-el-cantor-de-la-bahia-de-chema-puente-comunicados","status":"publish","type":"post","link":"https:\/\/www.europesays.com\/es\/284374\/","title":{"rendered":"El Gobierno apoya la publicaci\u00f3n del libro &#8216;El cantor de la bah\u00eda&#8217; de Chema Puente &#8211; Comunicados"},"content":{"rendered":"<p>        \t\t\t\t<a href=\"https:\/\/www.europesays.com\/es\/wp-content\/uploads\/2025\/12\/4fba2ef6-873c-e894-7c5e-afcd6fea2887?KeepThis=true&amp;TB_iframe=true\" class=\"thickbox\" aria-hidden=\"true\"><br \/>\n        \t\t\t\t\t<img decoding=\"async\" src=\"https:\/\/www.europesays.com\/es\/wp-content\/uploads\/2025\/12\/4fba2ef6-873c-e894-7c5e-afcd6fea2887\" class=\"image-izq\" alt=\"El consejero de Econom\u00eda, Luis Ag\u00fceros, y la directora de Cultura, Eva Guillermina Fern\u00e1ndez, en la presentaci\u00f3n del libro 'El cantor de la bahia' de Chema Puente. Foto: Lara Revilla\" aria-label=\"\" aria-hidden=\"true\"\/><br \/>\n        \t\t\t\t<\/a><\/p>\n<p aria-hidden=\"true\" style=\"font-size:0.95rem;font-style: italic;text-align: center;\">El consejero de Econom\u00eda, Luis Ag\u00fceros, y la directora de Cultura, Eva Guillermina Fern\u00e1ndez, en la presentaci\u00f3n del libro &#8216;El cantor de la bahia&#8217; de Chema Puente. Foto: Lara Revilla<\/p>\n<p style=\"margin-bottom:11px\"><b>La presentaci\u00f3n del volumen en la sede de la Asociaci\u00f3n de Vecinos de Cueto<\/b> <b>ha contado con la presencia del consejero de Econom\u00eda, Luis Ag\u00fceros, y la directora general de Cultura, Eva Guillermina Fern\u00e1ndez<\/b><\/p>\n<p style=\"margin-bottom:11px\">Santander- 12.12.2025<\/p>\n<p style=\"text-align:justify; margin-bottom:11px\">El Gobierno de Cantabria ha apoyado la publicaci\u00f3n del libro &#8216;El cantor de la bah\u00eda&#8217; de Chema Puente, que se ha celebrado ayer en la sede de la Asociaci\u00f3n de Vecinos de Cueto, y que ha contado con la presencia del consejero de Econom\u00eda, Hacienda, Fondos Europeos y Financiaci\u00f3n Auton\u00f3mica, Luis Ag\u00fceros, y la directora general de Cultura, Eva Guillermina Fern\u00e1ndez.<\/p>\n<p style=\"text-align:justify; margin-bottom:11px\">En el pr\u00f3logo, redactado por Ag\u00fceros, amigo personal de Chema, se describe el genio creativo del autor de Cueto, plasmado magistralmente en su canci\u00f3n &#8216;Santander la marinera&#8217;, donde se recogen escenas cotidianas del Santander antiguo, muchas de las cuales han trascendido hasta nuestros d\u00edas.<\/p>\n<p style=\"text-align:justify; margin-bottom:11px\">Esta edici\u00f3n ha querido ser un homenaje a este m\u00fasico esencial de la cultura popular de Cantabria, coincidiendo con el aniversario de su fallecimiento. La jornada ha incluido, adem\u00e1s, un homenaje de esta asociaci\u00f3n de vecinos a Chema Puente, a quien han nombrado socio de honor. <\/p>\n<p style=\"text-align:justify; margin-bottom:11px\">Chema Puente, original de Cueto (Santander), era un rabelista de Cantabria que tuvo un gran impacto en la tradici\u00f3n musical de la zona. Falleci\u00f3 a la edad de 72 a\u00f1os en noviembre del a\u00f1o pasado. \u00a0Adem\u00e1s de por su faceta de m\u00fasico y recitador de trovas, jotas y romances, Puente destac\u00f3 tambi\u00e9n por su labor docente en la Escuela de Folclore de Santander.<\/p>\n","protected":false},"excerpt":{"rendered":"El consejero de Econom\u00eda, Luis Ag\u00fceros, y la directora de Cultura, Eva Guillermina Fern\u00e1ndez, en la presentaci\u00f3n del&hellip;\n","protected":false},"author":2,"featured_media":284375,"comment_status":"","ping_status":"","sticky":false,"template":"","format":"standard","meta":{"footnotes":""},"categories":[5],"tags":[17,18,25,24,13,14,11,19,20,9,10,15,16,23,12,21,22],"class_list":{"0":"post-284374","1":"post","2":"type-post","3":"status-publish","4":"format-standard","5":"has-post-thumbnail","7":"category-titulares","8":"tag-breaking-news","9":"tag-breakingnews","10":"tag-es","11":"tag-espana","12":"tag-featured-news","13":"tag-featurednews","14":"tag-headlines","15":"tag-latest-news","16":"tag-latestnews","17":"tag-news","18":"tag-noticias","19":"tag-noticias-destacadas","20":"tag-noticiasdestacadas","21":"tag-spain","22":"tag-titulares","23":"tag-ultimas-noticias","24":"tag-ultimasnoticias"},"share_on_mastodon":{"url":"https:\/\/pubeurope.com\/@es\/115705963688008042","error":""},"_links":{"self":[{"href":"https:\/\/www.europesays.com\/es\/wp-json\/wp\/v2\/posts\/284374","targetHints":{"allow":["GET"]}}],"collection":[{"href":"https:\/\/www.europesays.com\/es\/wp-json\/wp\/v2\/posts"}],"about":[{"href":"https:\/\/www.europesays.com\/es\/wp-json\/wp\/v2\/types\/post"}],"author":[{"embeddable":true,"href":"https:\/\/www.europesays.com\/es\/wp-json\/wp\/v2\/users\/2"}],"replies":[{"embeddable":true,"href":"https:\/\/www.europesays.com\/es\/wp-json\/wp\/v2\/comments?post=284374"}],"version-history":[{"count":0,"href":"https:\/\/www.europesays.com\/es\/wp-json\/wp\/v2\/posts\/284374\/revisions"}],"wp:featuredmedia":[{"embeddable":true,"href":"https:\/\/www.europesays.com\/es\/wp-json\/wp\/v2\/media\/284375"}],"wp:attachment":[{"href":"https:\/\/www.europesays.com\/es\/wp-json\/wp\/v2\/media?parent=284374"}],"wp:term":[{"taxonomy":"category","embeddable":true,"href":"https:\/\/www.europesays.com\/es\/wp-json\/wp\/v2\/categories?post=284374"},{"taxonomy":"post_tag","embeddable":true,"href":"https:\/\/www.europesays.com\/es\/wp-json\/wp\/v2\/tags?post=284374"}],"curies":[{"name":"wp","href":"https:\/\/api.w.org\/{rel}","templated":true}]}}