{"id":284378,"date":"2025-12-12T09:52:12","date_gmt":"2025-12-12T09:52:12","guid":{"rendered":"https:\/\/www.europesays.com\/es\/284378\/"},"modified":"2025-12-12T09:52:12","modified_gmt":"2025-12-12T09:52:12","slug":"ivan-romeo-se-que-tengo-responsabilidad-y-la-asumire","status":"publish","type":"post","link":"https:\/\/www.europesays.com\/es\/284378\/","title":{"rendered":"Iv\u00e1n Romeo: \u00abS\u00e9 que tengo responsabilidad y la asumir\u00e9\u00bb"},"content":{"rendered":"<p><a href=\"https:\/\/www.ciclo21.com\/wp-content\/uploads\/2025\/12\/IMG-20251211-WA0015.jpg\" target=\"_blank\" rel=\"noopener nofollow\"><img fetchpriority=\"high\" decoding=\"async\" aria-describedby=\"caption-attachment-454425\" class=\"wp-image-454425 size-large lazy\" src=\"data:image\/svg+xml,%3Csvg%20xmlns=\" http:=\"\" data-src=\"https:\/\/www.europesays.com\/es\/wp-content\/uploads\/2025\/12\/IMG-20251211-WA0015-e1765486036725-1024x578.jpg\" alt=\"\" width=\"620\" height=\"350\" data- data-\/><\/a><\/p>\n<p id=\"caption-attachment-454425\" class=\"wp-caption-text\">Romeo posa para Ciclo21 con su maillot de campe\u00f3n espa\u00f1ol<\/p>\n<p data-start=\"232\" data-end=\"585\"><strong><a href=\"https:\/\/x.com\/fernanferrari\" target=\"_blank\" rel=\"noopener nofollow\">Fernando Ferrari<\/a> \/ Valencia \/ Enviado especial <a href=\"https:\/\/www.ciclo21.com\/whatsapp-telegram-2025\/\" target=\"_blank\" rel=\"noopener nofollow\">Ciclo 21<\/a><\/strong><\/p>\n<p style=\"text-align: justify;\" data-start=\"232\" data-end=\"585\"><strong>Iv\u00e1n Romeo<\/strong> (16 agosto 2003, Valladolid) estren\u00f3 el que ser\u00e1 nuevo controvertido maillot de campe\u00f3n de Espa\u00f1a de fondo en carretera en la <a href=\"https:\/\/www.ciclo21.com\/movistar-2026-presentacion-equipo\/\" target=\"_blank\" rel=\"noopener nofollow\"><strong>presentaci\u00f3n oficial del Movistar<\/strong><\/a>. Ser\u00e1 su cuarta campa\u00f1a como en el grupo de <strong>Unzue<\/strong> y quinta como profesional desde su debut en el <strong>Hagens Berman Axeon<\/strong> estadounidense en 2022. Pero pudo no estar porque el <strong>Red Bull<\/strong> se interes\u00f3 por sus servicios rescindiendo su actual contrato hasta 2028, pero el equipo alem\u00e1n -tras el <a href=\"https:\/\/www.ciclo21.com\/oier-lazkano-suspendido-dopaje-anomalias-2024\/\" target=\"_blank\" rel=\"noopener nofollow\"><strong>caso Lazkano<\/strong><\/a>\u2013 prefiri\u00f3 desistir de uno de los que pudo ser uno de los fichajes del a\u00f1o. Operaci\u00f3n abortada, Romeo ha de ser una de las piedras angulares, asumiendo m\u00e1s galones y aprovechando las ocasiones de un equipo sin un l\u00edder definido pendiente de la recuperaci\u00f3n de <a href=\"https:\/\/www.ciclo21.com\/mas-primero-volver-al-enric-de-antes-a-partir-de-ahi-decidir-el-camino\/\" target=\"_blank\" rel=\"noopener nofollow\"><strong>Enric Mas<\/strong><\/a> y de la confirmaci\u00f3n del belga <strong>Cian Uijtdebroeks<\/strong>, de su misma edad.<\/p>\n<p style=\"text-align: justify;\" data-start=\"587\" data-end=\"875\"><strong data-start=\"587\" data-end=\"702\">-Se ha llevado buena parte de los aplausos hoy. \u00bfC\u00f3mo llega a este inicio de temporada?<\/strong><\/p>\n<p style=\"text-align: justify;\" data-start=\"587\" data-end=\"875\">-La verdad que muy contento. El apoyo de la gente en esta presentaci\u00f3n ha sido incre\u00edble. Llevamos una buena pretemporada y ya queda menos para empezar.<\/p>\n<p style=\"text-align: justify;\" data-start=\"877\" data-end=\"1071\"><strong data-start=\"877\" data-end=\"913\">-\u00bfC\u00f3mo ser\u00e1 su arranque de a\u00f1o?<\/strong><\/p>\n<p style=\"text-align: justify;\" data-start=\"877\" data-end=\"1071\">-Pues parecido al del a\u00f1o pasado. No habr\u00e1 grandes sorpresas. Empiezo en Mallorca y adem\u00e1s con una crono por equipos, as\u00ed que intentaremos empezar bien.<\/p>\n<p style=\"text-align: justify;\" data-start=\"1073\" data-end=\"1471\"><strong data-start=\"1073\" data-end=\"1231\">-Viene de un a\u00f1o muy potente: Tour de Francia, casi victoria de etapa, Dauphin\u00e9, campe\u00f3n de Espa\u00f1a\u2026 \u00bfCu\u00e1les son los objetivos para esta nueva temporada?<\/strong><\/p>\n<p style=\"text-align: justify;\" data-start=\"1073\" data-end=\"1471\">-M\u00e1s o menos los mismos, pero intentando mejorarlos. Por desgracia no gan\u00e9 todo lo que me hubiera gustado el a\u00f1o pasado, as\u00ed que me tocar\u00e1 intentarlo otra vez. Tengo esa espinita del Tour y de los Mundiales, y quiero seguir creciendo.<\/p>\n<p style=\"text-align: justify;\" data-start=\"1473\" data-end=\"1700\"><strong data-start=\"1473\" data-end=\"1542\">-En comparaci\u00f3n con hace un a\u00f1o, \u00bfen qu\u00e9 cree que ha mejorado?<\/strong><\/p>\n<p style=\"text-align: justify;\" data-start=\"1473\" data-end=\"1700\">-Espero haber mejorado un poco en todo. Ese es el objetivo: ser m\u00e1s consistente, gestionar bien los d\u00edas buenos y los malos. Creo que ah\u00ed est\u00e1 la clave.<\/p>\n<p style=\"text-align: justify;\" data-start=\"1702\" data-end=\"1936\"><strong data-start=\"1702\" data-end=\"1753\">-\u00bfY c\u00f3mo ve al equipo respecto al a\u00f1o pasado?<\/strong><\/p>\n<p style=\"text-align: justify;\" data-start=\"1702\" data-end=\"1936\">-Hemos dado un salto de calidad muy grande. Es algo que el equipo buscaba desde hace tiempo. Con refuerzos como Uijtdebroeks, Roger, Juanpe o Ra\u00fal, creo que estamos un paso por delante.<\/p>\n<p style=\"text-align: justify;\" data-start=\"1938\" data-end=\"2145\"><strong data-start=\"1938\" data-end=\"2011\">-\u00bfAsume que este a\u00f1o tendr\u00e1 m\u00e1s responsabilidad dentro del equipo?<\/strong><\/p>\n<p style=\"text-align: justify;\" data-start=\"1938\" data-end=\"2145\">-Donde me toque, lo har\u00e9. Y donde no me toque, no me meter\u00e9. S\u00e9 que tengo responsabilidad y la asumir\u00e9, siempre dando el m\u00e1ximo.<\/p>\n<p style=\"text-align: justify;\" data-start=\"2147\" data-end=\"2402\"><strong data-start=\"2147\" data-end=\"2235\">-Viendo el panorama general, \u00bfsiguen viendo a Pogacar como pr\u00e1cticamente imbatible?<\/strong><\/p>\n<p style=\"text-align: justify;\" data-start=\"2147\" data-end=\"2402\">-Creo que no nos toca a nosotros valorarlo, pero s\u00ed es cierto que tiene rivales muy buenos. Nosotros vamos un poquito por detr\u00e1s, a d\u00eda de hoy parece complicado.<\/p>\n<p style=\"text-align: justify;\" data-start=\"2404\" data-end=\"2501\"><strong data-start=\"2404\" data-end=\"2443\">-\u00bfCree que tendr\u00e1 rival este a\u00f1o?<\/strong><\/p>\n<p style=\"text-align: justify;\" data-start=\"2404\" data-end=\"2501\">-Sinceramente, creo que no. Pero ojal\u00e1 me equivoque.<\/p>\n<p style=\"text-align: justify;\" data-start=\"2503\" data-end=\"2741\"><strong data-start=\"2503\" data-end=\"2603\">-Cambiando de tema: estrena maillot de campe\u00f3n de Espa\u00f1a. \u00bfLe gusta m\u00e1s que el del a\u00f1o pasado?<\/strong><\/p>\n<p style=\"text-align: justify;\" data-start=\"2503\" data-end=\"2741\">-Son diferentes. Este es quiz\u00e1 un poco m\u00e1s raro, pero hasta que no lo lleve puesto en carrera no sabr\u00e9 decirte cu\u00e1l me convence m\u00e1s.<\/p>\n<p style=\"text-align: justify;\" data-start=\"2743\" data-end=\"2907\"><strong data-start=\"2743\" data-end=\"2810\">-\u00bfRevalidar el t\u00edtulo de campe\u00f3n de Espa\u00f1a est\u00e1 en sus planes?<\/strong><\/p>\n<p style=\"text-align: justify;\" data-start=\"2743\" data-end=\"2907\">-S\u00ed, sobre todo el de contrarreloj, que todav\u00eda no he ganado. Lo tengo en el punto de mira.<\/p>\n<p style=\"text-align: justify;\" data-start=\"2909\" data-end=\"2991\"><strong data-start=\"2909\" data-end=\"2946\">-\u00bfY en cuanto a grandes vueltas?<\/strong><\/p>\n<p style=\"text-align: justify;\" data-start=\"2909\" data-end=\"2991\">-En principio har\u00e9 el Tour, y nada m\u00e1s.<\/p>\n","protected":false},"excerpt":{"rendered":"Romeo posa para Ciclo21 con su maillot de campe\u00f3n espa\u00f1ol Fernando Ferrari \/ Valencia \/ Enviado especial Ciclo&hellip;\n","protected":false},"author":2,"featured_media":284379,"comment_status":"","ping_status":"","sticky":false,"template":"","format":"standard","meta":{"footnotes":""},"categories":[273],"tags":[68702,313,312,168,68703,25,24,7461,68704,68705,23,167],"class_list":{"0":"post-284378","1":"post","2":"type-post","3":"status-publish","4":"format-standard","5":"has-post-thumbnail","7":"category-ciclismo","8":"tag-campeon-espana-2025","9":"tag-ciclismo","10":"tag-cycling","11":"tag-deportes","12":"tag-entrevista-ivan-romeo","13":"tag-es","14":"tag-espana","15":"tag-ivan-romeo","16":"tag-ivan-romeo-movistar","17":"tag-movistar-team-2026","18":"tag-spain","19":"tag-sports"},"share_on_mastodon":{"url":"https:\/\/pubeurope.com\/@es\/115705986607496173","error":""},"_links":{"self":[{"href":"https:\/\/www.europesays.com\/es\/wp-json\/wp\/v2\/posts\/284378","targetHints":{"allow":["GET"]}}],"collection":[{"href":"https:\/\/www.europesays.com\/es\/wp-json\/wp\/v2\/posts"}],"about":[{"href":"https:\/\/www.europesays.com\/es\/wp-json\/wp\/v2\/types\/post"}],"author":[{"embeddable":true,"href":"https:\/\/www.europesays.com\/es\/wp-json\/wp\/v2\/users\/2"}],"replies":[{"embeddable":true,"href":"https:\/\/www.europesays.com\/es\/wp-json\/wp\/v2\/comments?post=284378"}],"version-history":[{"count":0,"href":"https:\/\/www.europesays.com\/es\/wp-json\/wp\/v2\/posts\/284378\/revisions"}],"wp:featuredmedia":[{"embeddable":true,"href":"https:\/\/www.europesays.com\/es\/wp-json\/wp\/v2\/media\/284379"}],"wp:attachment":[{"href":"https:\/\/www.europesays.com\/es\/wp-json\/wp\/v2\/media?parent=284378"}],"wp:term":[{"taxonomy":"category","embeddable":true,"href":"https:\/\/www.europesays.com\/es\/wp-json\/wp\/v2\/categories?post=284378"},{"taxonomy":"post_tag","embeddable":true,"href":"https:\/\/www.europesays.com\/es\/wp-json\/wp\/v2\/tags?post=284378"}],"curies":[{"name":"wp","href":"https:\/\/api.w.org\/{rel}","templated":true}]}}