{"id":284386,"date":"2025-12-12T09:57:17","date_gmt":"2025-12-12T09:57:17","guid":{"rendered":"https:\/\/www.europesays.com\/es\/284386\/"},"modified":"2025-12-12T09:57:17","modified_gmt":"2025-12-12T09:57:17","slug":"artistas-visuales-reclaman-un-iva-cultural-ya","status":"publish","type":"post","link":"https:\/\/www.europesays.com\/es\/284386\/","title":{"rendered":"Artistas visuales reclaman un IVA cultural ya"},"content":{"rendered":"<p>El pasado martes, los artistas Jordi Teixidor y Tere Solar, junto a Idoia Fern\u00e1ndez, presidenta del Consorcio, y Marc Dom\u00e8nech, vocal de su Junta Directiva, han presentado el manifiesto \u00abArtistas Visuales Espa\u00f1a firman IVA Cultural YA\u00bb, una llamada urgente al Gobierno para corregir lo que el sector considera una anomal\u00eda fiscal que est\u00e1 perjudicando gravemente al arte contempor\u00e1neo en nuestro pa\u00eds. M\u00e1s de mil artistas espa\u00f1oles firman el manifiesto.<\/p>\n<p>La reclamaci\u00f3n se apoya en la Directiva (UE) 2022\/542 del Consejo, de 5 de abril de 2022, que modific\u00f3 la normativa europea sobre el IVA y abri\u00f3 la puerta a que los Estados miembros aplicaran tipos impositivos reducidos a las ventas de obras de arte, antig\u00fcedades y objetos de colecci\u00f3n. Espa\u00f1a deb\u00eda haber traspuesto esta Directiva a su ordenamiento jur\u00eddico antes del 31 de diciembre de 2024, con aplicaci\u00f3n obligatoria a partir del 1 de enero de 2025. Sin embargo, a d\u00eda de hoy, esa adaptaci\u00f3n no se ha producido.<\/p>\n<p>La consecuencia es clara: mientras pa\u00edses de nuestro entorno como Francia (5,5 %), Italia (5 %), Alemania (7 %), Luxemburgo (8 %), B\u00e9lgica (6 %) y Portugal (6 %) ya han adoptado un IVA reducido para el sector, Espa\u00f1a mantiene un tipo impositivo muy superior. En un contexto econ\u00f3mico y cultural especialmente delicado, esta diferencia est\u00e1 resultando \u00abextraordinariamente perjudicial\u00bb, seg\u00fan denuncian los firmantes del manifiesto, ya que resta competitividad a las galer\u00edas espa\u00f1olas y dificulta su funci\u00f3n de apoyo, promoci\u00f3n e internacionalizaci\u00f3n del arte contempor\u00e1neo.<\/p>\n<p><img decoding=\"async\" loading=\"lazy\" src=\"https:\/\/www.europesays.com\/es\/wp-content\/uploads\/2025\/12\/1765533436_771_58.jpg\" alt=\"La directora de ARCO, Maribel Lopez Zambrana mostrando su apoyo al manifiesto, junto a ella Manuel Segade, director del Reina Sof\u00eda.\" width=\"1299\" height=\"731\"\/><b>La directora de ARCO, Maribel Lopez Zambrana mostrando su apoyo al manifiesto, junto a ella Manuel Segade, director del Reina Sof\u00eda.<\/b>La Raz\u00f3n<\/p>\n<p>El texto subraya que la inacci\u00f3n del Gobierno no es una cuesti\u00f3n abstracta, sino que ya tiene efectos \u00abgraves y tangibles\u00bb. El IVA que soportan actualmente los artistas y galer\u00edas en Espa\u00f1a es hasta un 100% m\u00e1s alto que el aplicado en otros Estados miembros, lo que frena el desarrollo de las artes visuales y penaliza tanto a los creadores como al legado cultural del pa\u00eds. Adem\u00e1s, los artistas visuales deuncian una discriminaci\u00f3n respecto a otros sectores creativos. Mientras la m\u00fasica, las artes esc\u00e9nicas o el cine cuentan con tipos reducidos de IVA en la venta de sus obras a trav\u00e9s de distribuidores, las artes visuales siguen siendo, en palabras del manifiesto, \u00ablos grandes olvidados de las pol\u00edticas culturales\u00bb. Esta desigualdad dificulta la profesionalizaci\u00f3n del sector y limita su proyecci\u00f3n internacional.<\/p>\n<p>Por todo ello, los firmantes exigen al Gobierno que transponga de forma inmediata la Directiva europea y adopte sin m\u00e1s dilaci\u00f3n un tipo reducido de IVA equiparable al de los pa\u00edses vecinos. Reclaman tambi\u00e9n que se mantenga la posibilidad del R\u00e9gimen Especial, tal y como ya han hecho otros Estados miembros, como garant\u00eda para la continuidad y sostenibilidad del sector.<\/p>\n<p><img decoding=\"async\" loading=\"lazy\" src=\"https:\/\/www.europesays.com\/es\/wp-content\/uploads\/2025\/12\/1765533437_669_58.jpg\" alt=\"Asistentes a la lectura del manifest\u00f3, galeristas directores de instituciones culturales y artistas.\" width=\"1299\" height=\"731\"\/><b>Asistentes a la lectura del manifest\u00f3, galeristas directores de instituciones culturales y artistas.<\/b>La Raz\u00f3n<\/p>\n<p>El mensaje es claro y directo: sin un IVA cultural justo, el arte contempor\u00e1neo espa\u00f1ol seguir\u00e1 compitiendo en desventaja en Europa. Y el tiempo para corregir esa situaci\u00f3n, advierten los artistas, se est\u00e1 agotando.<\/p>\n<p>Una vez m\u00e1s las artes narrando la historia, aunque en este caso contar\u00e1n que tuvimos un gobierno inoperativo, que dej\u00f3 herido de muerte al tejido industrial de las artes visuales espa\u00f1olas.<\/p>\n<p><a title=\"Enlace al manifiesto completo\" href=\"https:\/\/docs.google.com\/forms\/d\/e\/1FAIpQLSdXvXcMTsblCbvqtGxQRSGDpWb4qTPAYK2RVi-F77ecvVzTqQ\/viewform?usp=header\" target=\"_blank\" rel=\"nofollow noopener\">Enlace al manifiesto completo<\/a><\/p>\n","protected":false},"excerpt":{"rendered":"El pasado martes, los artistas Jordi Teixidor y Tere Solar, junto a Idoia Fern\u00e1ndez, presidenta del Consorcio, y&hellip;\n","protected":false},"author":2,"featured_media":284387,"comment_status":"","ping_status":"","sticky":false,"template":"","format":"standard","meta":{"footnotes":""},"categories":[173],"tags":[229,233,231,230,232,234,146,147,25,24,23],"class_list":{"0":"post-284386","1":"post","2":"type-post","3":"status-publish","4":"format-standard","5":"has-post-thumbnail","7":"category-arte-y-diseno","8":"tag-arte","9":"tag-arte-y-diseno","10":"tag-arts","11":"tag-arts-and-design","12":"tag-design","13":"tag-diseno","14":"tag-entertainment","15":"tag-entretenimiento","16":"tag-es","17":"tag-espana","18":"tag-spain"},"share_on_mastodon":{"url":"https:\/\/pubeurope.com\/@es\/115706006847402079","error":""},"_links":{"self":[{"href":"https:\/\/www.europesays.com\/es\/wp-json\/wp\/v2\/posts\/284386","targetHints":{"allow":["GET"]}}],"collection":[{"href":"https:\/\/www.europesays.com\/es\/wp-json\/wp\/v2\/posts"}],"about":[{"href":"https:\/\/www.europesays.com\/es\/wp-json\/wp\/v2\/types\/post"}],"author":[{"embeddable":true,"href":"https:\/\/www.europesays.com\/es\/wp-json\/wp\/v2\/users\/2"}],"replies":[{"embeddable":true,"href":"https:\/\/www.europesays.com\/es\/wp-json\/wp\/v2\/comments?post=284386"}],"version-history":[{"count":0,"href":"https:\/\/www.europesays.com\/es\/wp-json\/wp\/v2\/posts\/284386\/revisions"}],"wp:featuredmedia":[{"embeddable":true,"href":"https:\/\/www.europesays.com\/es\/wp-json\/wp\/v2\/media\/284387"}],"wp:attachment":[{"href":"https:\/\/www.europesays.com\/es\/wp-json\/wp\/v2\/media?parent=284386"}],"wp:term":[{"taxonomy":"category","embeddable":true,"href":"https:\/\/www.europesays.com\/es\/wp-json\/wp\/v2\/categories?post=284386"},{"taxonomy":"post_tag","embeddable":true,"href":"https:\/\/www.europesays.com\/es\/wp-json\/wp\/v2\/tags?post=284386"}],"curies":[{"name":"wp","href":"https:\/\/api.w.org\/{rel}","templated":true}]}}