{"id":284400,"date":"2025-12-12T10:05:16","date_gmt":"2025-12-12T10:05:16","guid":{"rendered":"https:\/\/www.europesays.com\/es\/284400\/"},"modified":"2025-12-12T10:05:16","modified_gmt":"2025-12-12T10:05:16","slug":"sin-urgencias-y-condiciones-claras","status":"publish","type":"post","link":"https:\/\/www.europesays.com\/es\/284400\/","title":{"rendered":"sin urgencias y condiciones claras"},"content":{"rendered":"<p class=\"ft-text\"><strong>El futuro de Xavier Casta\u00f1eda sigue siendo una inc\u00f3gnita.<\/strong> \u00bfAcabar\u00e1 la temporada vistiendo de verde cajista? \u00bfSer\u00e1 traspasado a otro club?&#8230; Son preguntas de dif\u00edcil respuesta ya que todas las opciones est\u00e1n abiertas y <a class=\"ft-link ft-link--decoration\" href=\"https:\/\/www.laopiniondemalaga.es\/unicaja\/2025\/12\/05\/xavier-cataneda-juanma-rodriguez-unicaja-plantilla-124479825.html\" rel=\"nofollow noopener\" target=\"_blank\">el d\u00eda a d\u00eda ser\u00e1 el que marque el futuro del jugador de pasaporte bosnio en M\u00e1laga o fuera de la Costa del Sol.<\/a><\/p>\n<p>Protagonista en Ostende<\/p>\n<p class=\"ft-text\"><strong>Casta\u00f1eda, tras varios partidos fuera de la rotaci\u00f3n, tuvo un rol muy protagonista este pasado martes<\/strong> en la visita europea del <a class=\"ft-link ft-link--decoration\" href=\"https:\/\/www.laopiniondemalaga.es\/unicaja\/\" rel=\"nofollow noopener\" target=\"_blank\">Unicaja<\/a> al Filou Oostende.<a class=\"ft-link ft-link--decoration\" href=\"https:\/\/www.laopiniondemalaga.es\/unicaja\/2025\/12\/08\/convocatoria-unicaja-rubit-perry-tillie-tyson-124569833.html\" rel=\"nofollow noopener\" target=\"_blank\"> Ibon Navarro dej\u00f3 en casa descansando a Kendrick Perry y eso hizo que Casta\u00f1eda jugar\u00e1 22.26 minutos<\/a>, el que m\u00e1s del equipo en el partido contra los belgas.<\/p>\n<p>Jugador n\u00famero 14<\/p>\n<p class=\"ft-text\">La situaci\u00f3n a d\u00eda de hoy con Casta\u00f1eda es que<strong> es uno de los 14 jugadores que forman la primera plantilla del Unicaja<\/strong>. Pero su rol parece quedar pendiente de las bajas de otros compa\u00f1eros para poder tener minutos, lo que provoca que<strong> el combo de pasaporte bosnio est\u00e9 en el mercado y pueda salir del equipo en busca de otro destino<\/strong> en el que pueda tener m\u00e1s minutos y m\u00e1s protagonismo.<\/p>\n<p><img decoding=\"async\" src=\"https:\/\/www.europesays.com\/es\/wp-content\/uploads\/2025\/12\/464634ca-7c26-48cd-9da0-5c9f3900fdc9_alta-libre-aspect-ratio_default_0.jpg\" width=\"1200\" height=\"800\" alt=\"Casta\u00f1eda no tiene protagonismo.\" class=\"ft-helper-img-rd\" loading=\"lazy\"\/><\/p>\n<p class=\"ft-helper-fontColor-quaternary ft-helper-fontSize-body-S ft-helper-spacer-t-xxs\">Casta\u00f1eda no tiene protagonismo.  \/ ACBPhoto<\/p>\n<p>Salida no a cualquier precio<\/p>\n<p class=\"ft-text\">La situaci\u00f3n de Casta\u00f1eda no es problema para el Unicaja. Y es que no hay ninguna urgencia por encontrarle un destino. Por eso, <strong>desde el club cajista se tiene claro que solo se ir\u00e1 de M\u00e1laga si otro club est\u00e1 dispuesto a pagar su ficha al completo<\/strong>. Mientras no aparezca ese equipo dispuesto a fichar al jugador con las condiciones contractuales que tiene en el club verde y morado, Casta\u00f1eda no saldr\u00e1 del Unicaja. \u00abNo lo vamos a regalar ni tampoco vamos a pagar nosotros la mitad de su sueldo para que juegue en otro sitio. Para eso, se quedar\u00e1 con nosotros\u00bb, se dice en privado, cuando se les pregunta a los rectores verdes por la situaci\u00f3n de Xavi.<\/p>\n<p><img decoding=\"async\" src=\"https:\/\/www.europesays.com\/es\/wp-content\/uploads\/2025\/12\/f55b1a67-001e-48c3-abfb-5a48d8d1c301_alta-libre-aspect-ratio_default_0.jpg\" width=\"1200\" height=\"800\" alt=\"Xavier Casta\u00f1eda fue esta vez el mejor del Unicaja.\" class=\"ft-helper-img-rd\" loading=\"lazy\"\/><\/p>\n<p class=\"ft-helper-fontColor-quaternary ft-helper-fontSize-body-S ft-helper-spacer-t-xxs\">Xavier Casta\u00f1eda, junto a Ibon Navarro.  \/ \u00c1lex Zea<\/p>\n<p>Tercer base<\/p>\n<p class=\"ft-text\">Con una plantilla de 14 jugadores, m\u00e1s el lesionado David Kravish,<strong> el encaje de Casta\u00f1eda en la rotaci\u00f3n de Ibon Navarro queda orientada a la posici\u00f3n de tercer base. <\/strong><a class=\"ft-link ft-link--decoration\" href=\"https:\/\/www.laopiniondemalaga.es\/unicaja\/2025\/12\/04\/5-armas-principales-juego-chase-audige-fichaje-unicaja-124446355.html\" rel=\"nofollow noopener\" target=\"_blank\">El reci\u00e9n llegado Chase Audige es un 2-3<\/a>, que podr\u00eda puntualmente hacer de base, pero no es su funci\u00f3n. De esta manera, el Unicaja se queda ahora con la pareja seria y solvente Alberto-Perry como d\u00fao de directores de juego, pero sin un recambio claro en la plantilla, en el caso de que cualquiera de los dos tenga alg\u00fan problema f\u00edsico o m\u00e9dico. Solo Casta\u00f1eda podr\u00eda tapar ese hueco, como hizo el martes en la pista del Filou Oostende, ante la baja del boquer\u00f3n Perry.<\/p>\n<p class=\"ft-text\">Precisamente por eso, en el Unicaja no hay ning\u00fan tipo de prisa para que el combo de pasaporte bosnio salga del club, sobre todo si econ\u00f3micamente la operaci\u00f3n no colma las expectativas del cuadro cajista.<\/p>\n<p>\u00bfQu\u00e9 piensa Casta\u00f1eda?<\/p>\n<p class=\"ft-text\">En este contexto, tambi\u00e9n <strong>es importante lo que quiera el base-escolta de ascendencia mexicana para su futuro inmediato<\/strong>. Como es obvio, el deseo de Xavier Casta\u00f1eda es jugar, algo que sabe que en M\u00e1laga tiene complicado y que solo ser\u00e1 posible cuando alguno de los bases no est\u00e9 en condiciones. Ah\u00ed deber\u00e1 Casta\u00f1eda tomar una decisi\u00f3n importante: si sacrificar lo econ\u00f3mico por poder ir a otro destino m\u00e1s favorable para \u00e9l en protagonismo o esperar a que llegue un club y le iguale lo firmado para este curso en el Unicaja, la condici\u00f3n que ha puesto el club de Los Guindos para su salida durante la presente temporada.<\/p>\n<p>Futuro incierto<\/p>\n<p class=\"ft-text\"><strong>De momento, el futuro inmediato de Xavier Casta\u00f1eda est\u00e1 ligado al Unicaja<\/strong>. Con 14 jugadores en la plantilla, Ibon Navarro deber\u00e1 hacer dos descartes para cada partido. El \u00abbosnio\u00bb<a class=\"ft-link ft-link--decoration\" href=\"https:\/\/www.laopiniondemalaga.es\/unicaja\/2025\/12\/11\/unicaja-san-pablo-burgos-liga-endesa-tv-hora-124671212.html\" rel=\"nofollow noopener\" target=\"_blank\"> tiene muchas papeletas para ser uno de los dos \u00abnominados\u00bb este pr\u00f3ximo s\u00e1bado, en el duelo liguero contra el San Pablo Burgos<\/a>. La puerta est\u00e1 abierta para su marcha, pero no ser\u00e1 una salida f\u00e1cil desde el punto de vista econ\u00f3mico. Las partes parecen condenadas a entenderse. \u00bfCu\u00e1ndo y a qu\u00e9 precio?&#8230; Veremos.<\/p>\n","protected":false},"excerpt":{"rendered":"El futuro de Xavier Casta\u00f1eda sigue siendo una inc\u00f3gnita. \u00bfAcabar\u00e1 la temporada vistiendo de verde cajista? \u00bfSer\u00e1 traspasado&hellip;\n","protected":false},"author":2,"featured_media":284401,"comment_status":"","ping_status":"","sticky":false,"template":"","format":"standard","meta":{"footnotes":""},"categories":[81],"tags":[10606,12777,119,123,124,25,24,34705,1239,1429,3752,117,121,122,23,118,120,9038,2246],"class_list":{"0":"post-284400","1":"post","2":"type-post","3":"status-publish","4":"format-standard","5":"has-post-thumbnail","7":"category-ciencia-y-tecnologia","8":"tag-10606","9":"tag-castaneda","10":"tag-ciencia","11":"tag-ciencia-y-tecnologia","12":"tag-cienciaytecnologia","13":"tag-es","14":"tag-espana","15":"tag-ibon-navarro","16":"tag-mercado","17":"tag-plantilla","18":"tag-prisa","19":"tag-science","20":"tag-science-and-technology","21":"tag-scienceandtechnology","22":"tag-spain","23":"tag-technology","24":"tag-tecnologia","25":"tag-traspaso","26":"tag-unicaja"},"share_on_mastodon":{"url":"https:\/\/pubeurope.com\/@es\/115706038110759454","error":""},"_links":{"self":[{"href":"https:\/\/www.europesays.com\/es\/wp-json\/wp\/v2\/posts\/284400","targetHints":{"allow":["GET"]}}],"collection":[{"href":"https:\/\/www.europesays.com\/es\/wp-json\/wp\/v2\/posts"}],"about":[{"href":"https:\/\/www.europesays.com\/es\/wp-json\/wp\/v2\/types\/post"}],"author":[{"embeddable":true,"href":"https:\/\/www.europesays.com\/es\/wp-json\/wp\/v2\/users\/2"}],"replies":[{"embeddable":true,"href":"https:\/\/www.europesays.com\/es\/wp-json\/wp\/v2\/comments?post=284400"}],"version-history":[{"count":0,"href":"https:\/\/www.europesays.com\/es\/wp-json\/wp\/v2\/posts\/284400\/revisions"}],"wp:featuredmedia":[{"embeddable":true,"href":"https:\/\/www.europesays.com\/es\/wp-json\/wp\/v2\/media\/284401"}],"wp:attachment":[{"href":"https:\/\/www.europesays.com\/es\/wp-json\/wp\/v2\/media?parent=284400"}],"wp:term":[{"taxonomy":"category","embeddable":true,"href":"https:\/\/www.europesays.com\/es\/wp-json\/wp\/v2\/categories?post=284400"},{"taxonomy":"post_tag","embeddable":true,"href":"https:\/\/www.europesays.com\/es\/wp-json\/wp\/v2\/tags?post=284400"}],"curies":[{"name":"wp","href":"https:\/\/api.w.org\/{rel}","templated":true}]}}