{"id":284454,"date":"2025-12-12T10:43:16","date_gmt":"2025-12-12T10:43:16","guid":{"rendered":"https:\/\/www.europesays.com\/es\/284454\/"},"modified":"2025-12-12T10:43:16","modified_gmt":"2025-12-12T10:43:16","slug":"la-hiperproduccion-no-solo-empobrece-al-autor-empobrece-al-sector-sin-pensamiento-critico-no-hay-evolucion","status":"publish","type":"post","link":"https:\/\/www.europesays.com\/es\/284454\/","title":{"rendered":"La hiperproducci\u00f3n no solo empobrece al autor, empobrece al sector. Sin pensamiento cr\u00edtico no hay evoluci\u00f3n"},"content":{"rendered":"<p>Vivimos rodeados de im\u00e1genes, referencias y tendencias que se multiplican sin descanso. Las <a href=\"https:\/\/www.arquitecturaydiseno.es\/decoracion\/decoracion-redes-sociales-andrea-navarro_12074\" rel=\"nofollow noopener\" target=\"_blank\">redes sociales alimentan un deseo constante<\/a> de cambiar, comprar y actualizar espacios, lo que a menudo nos empuja a reproducir lo que ya hemos visto: mismos colores, dise\u00f1os y muebles que se repiten en millones de tableros de Pinterest o v\u00eddeos de pocos segundos.\u00a0<\/p>\n<p>En esta hiperproducci\u00f3n visual, donde todo parece estar dise\u00f1ado para estimularnos sin pausa, <strong>es f\u00e1cil confundir inspiraci\u00f3n con copia <\/strong>y perder de vista lo esencial: un dise\u00f1o aut\u00e9ntico nace de un proceso, no de una repetici\u00f3n incesante.<\/p>\n<p>La arquitecta <strong><a href=\"https:\/\/cristinanogue.com\/\" rel=\"nofollow noopener\" target=\"_blank\">Cristina Nogu\u00e9<\/a>\u00a0<\/strong>(@<a href=\"https:\/\/www.instagram.com\/cristinanoguestudio\/?hl=es\" rel=\"nofollow noopener\" target=\"_blank\">cristinanoguestudio<\/a>)\u00a0insiste en que la autor\u00eda sigue siendo un acto cultural, a pesar de los avances tecnol\u00f3gicos y el consumo constante al cual nos enfrentamos. \u00ab<strong>En tiempos de im\u00e1genes hiperproducidas, tendencias que se replican sin pausa y espacios que empiezan a parecerse demasiado entre s\u00ed, el dise\u00f1o necesita detenerse y decir: aqu\u00ed estoy. Aut\u00e9ntico, coherente y con voz propia<\/strong>\u00ab, reflexiona la experta. \u00abEn ese gesto de sinceridad reside gran parte del valor del dise\u00f1o contempor\u00e1neo. No es un acto est\u00e9tico, es un acto cultural\u00bb, afirma.\u00a0<\/p>\n<p>Cuando un proyecto no se limita a imitar lo que funciona en redes, aparece algo mucho m\u00e1s valioso: expresi\u00f3n y sentido. En este art\u00edculo, recogemos la reflexi\u00f3n de Cristina Nogu\u00e9 y aprendemos por qu\u00e9 la autenticidad se ha vuelto tan urgente en el contexto actual.\u00a0<\/p>\n<p>&#13;<img loading=\"lazy\" decoding=\"async\"   src=\"https:\/\/www.europesays.com\/es\/wp-content\/uploads\/2025\/12\/conexion-01-1_fc0b3f1c_251204095915_1024x1536.webp.webp\" alt=\"conexion 01 1\" class=\"lazyload\" width=\"1024\" height=\"1536\" data-aspectratio=\"1024\/1536\"\/><\/p>\n<p>Habitar la conexi\u00f3n (2025). Instalaci\u00f3n art\u00edstica de Cristina Nogu\u00e9 Studio presentada en Caber Store Barcelona.\u00a0<\/p>\n<p>&#13;Cristina Nogu\u00e9 Studio<br \/>\n Resistencia frente a la copia<\/p>\n<p>Para la arquitecta, la esencia de la disciplina se sit\u00faa en la autor\u00eda y en el proceso que antecede al objeto: \u00ab<strong>Cuando un dise\u00f1o imita lo que ya existe, pierde lo esencial. No construye nada nuevo, solo repite. Se borra aquello que da sentido al proceso: las horas de b\u00fasqueda, las pruebas que no funcionan, las decisiones que afinan una pieza y la emoci\u00f3n de encontrar la forma exacta.<\/strong> Un dise\u00f1o aut\u00e9ntico contiene todo eso. La copia es apenas una superficie sin intenci\u00f3n\u00bb, subraya.\u00a0<\/p>\n<p>En este sentido, la <strong>hiperproducci\u00f3n <\/strong>no solo tiene efectos en la disciplina, sino tambi\u00e9n en materia econ\u00f3mica. \u00ab<strong>No solo empobrece al autor. Empobrece al sector<\/strong>. Sin riesgo, sin investigaci\u00f3n y sin pensamiento cr\u00edtico no hay evoluci\u00f3n posible\u00bb, reflexiona.\u00a0<\/p>\n<p><a href=\"https:\/\/www.arquitecturaydiseno.es\/arquitectura\/colorinteriorismoarquitecturacultura-declas-cristina-nogue_12610\" data-ga4_event=\"custom_event\" data-ga4_event_name=\"click_intext\" data-ga4_link_url=\"https:\/\/www.arquitecturaydiseno.es\/arquitectura\/colorinteriorismoarquitecturacultura-declas-cristina-nogue_12610\" data-ga4_link_text=\"cristina_nogue_el_color_fuera_de_su_contexto_puede_perder_su_alma\" data-ga4_content_type=\"photo\" data-ga4_element=\"related\" rel=\"nofollow noopener\" target=\"_blank\">&#13;&#13;<img loading=\"lazy\" decoding=\"async\" src=\"https:\/\/www.europesays.com\/es\/wp-content\/uploads\/2025\/11\/img_8c213a99_1483_251031183955_600x600.webp.webp\" alt=\"IMG\" class=\"lazyload\" width=\"600\" height=\"600\" data-aspectratio=\"600\/600\"\/>&#13;&#13;<\/p>\n<p class=\"epigraph\">&#13;Noticia relacionada<\/p>\n<p class=\"title\">Cristina Nogu\u00e9: \u00abEl color, fuera de su contexto, puede perder su alma\u00bb<\/p>\n<p><\/a><\/p>\n<p>Ahora bien, muchas personas podemos confundir \u00abcopia\u00bb con una suerte de inspiraci\u00f3n e incluso de admiraci\u00f3n. Sin embargo, para la arquitecta, \u00ab<a href=\"https:\/\/www.arquitecturaydiseno.es\/decoracion\/donde-buscan-tendencias-interioristas_11434\" rel=\"nofollow noopener\" target=\"_blank\">la inspiraci\u00f3n es un punto de partida<\/a>, nunca un destino\u00bb. Para ella, \u00abmirar lo que otros han hecho puede abrir caminos, pero el verdadero dise\u00f1o exige detenerse, pensar y buscar\u00bb.<\/p>\n<p>Lo cierto es que el dise\u00f1o, en sectores como el interiorismo o la arquitectura, debe orientarse hacia la mejora continua: \u00abLa pieza que realmente importa no es la que reproduce algo que ya funcionaba, sino la que consigue mejorarlo, reinterpretarlo o llevarlo m\u00e1s lejos. Ah\u00ed reside la diferencia entre un objeto correcto y un objeto ganador\u00bb, comenta la experta. \u00ab<strong>El significado, el porqu\u00e9 y el estudio profundo del material, de la escala y de la necesidad real son los que sostienen una pieza<\/strong>. No nace de mirar hacia fuera, sino de mirar hacia dentro y preguntarse qu\u00e9 aporta, por qu\u00e9 existe y c\u00f3mo puede mejorar lo que ya conocemos. <strong>Esa es la esencia de la autor\u00eda<\/strong>\u00ab, concluye.\u00a0<\/p>\n<p>&#13;<img loading=\"lazy\" decoding=\"async\"   src=\"https:\/\/www.europesays.com\/es\/wp-content\/uploads\/2025\/12\/tamiza_7ec253b9_251204100230_1920x2400.webp.webp\" alt=\"Tamiza\" class=\"lazyload\" width=\"1920\" height=\"2400\" data-aspectratio=\"1920\/2400\"\/><\/p>\n<p>Tamiza (2025). L\u00e1mpara de sobremesa para el Proyecto Camiral.\u00a0<\/p>\n<p>&#13;Cristina Nogu\u00e9 Studio<br \/>\n Dise\u00f1ar\u00a0como acto cultural<\/p>\n<p>\u00abDise\u00f1ar no consiste \u00fanicamente en dar forma a un objeto o a un espacio. Es interpretar, abstraer y dotar de sentido aquello que creamos\u00bb, explica la experta. Dentro del sector, \u00ab<strong>cuando un dise\u00f1o es aut\u00e9ntico, se convierte en una experiencia que nos habla de un gesto, de una necesidad y de un tiempo<\/strong>\u00ab, dice Cristina. Algo esencial de la autenticidad, puesto que \u00abla copia no puede contar ninguna de esas historias porque no nace de una mirada, nace de una repetici\u00f3n\u00bb, afirma.<\/p>\n<p>As\u00ed, la originalidad se sit\u00faa como un aspecto de alto valor. \u00ab<strong>Una <a href=\"https:\/\/www.arquitecturaydiseno.es\/mobiliario\/estas-piezas-diseno-salen-norma_9701\" rel=\"nofollow noopener\" target=\"_blank\">pieza con autor\u00eda<\/a> tiene presencia e historia<\/strong>. Se reconoce en el detalle, en el material bien elegido, en la proporci\u00f3n y en la emoci\u00f3n silenciosa que transmite. Esa diferencia no es intangible. Construye <strong>identidad, duraci\u00f3n y valor<\/strong>\u00ab, asegura. En cambio, \u00abla copia nace sin contexto ni sensibilidad, es solo repetici\u00f3n\u00bb.\u00a0<\/p>\n<p>&#13;<img loading=\"lazy\" decoding=\"async\"   src=\"https:\/\/www.europesays.com\/es\/wp-content\/uploads\/2025\/12\/lat-cn-180724-29_8f096454_251204100254_1920x2485.webp.webp\" alt=\"LAT CN 180724 29\" class=\"lazyload\" width=\"1920\" height=\"2485\" data-aspectratio=\"1920\/2485\"\/><\/p>\n<p>Umbrella (2024). L\u00e1mpara de sobremesa dise\u00f1ada por Cristina Nogu\u00e9 para el Proyecto Camiral.\u00a0<\/p>\n<p>&#13;Cristina Nogu\u00e9 Studio<br \/>\n Respetar el futuro del dise\u00f1o<\/p>\n<p>El futuro del dise\u00f1o no se trata solo de inteligencia artificial, materiales innovadores o tecnolog\u00edas de \u00faltima generaci\u00f3n. Hay un valor propio, tambi\u00e9n, en la autor\u00eda de los futuros dise\u00f1adores: \u00ab<strong>El dise\u00f1o necesita nuevas voces, nuevas miradas y nuevas preguntas. Apoyar a los <a href=\"https:\/\/www.arquitecturaydiseno.es\/arquitectura\/30-mentes-brillantes-talento-emergente_9494\" rel=\"nofollow noopener\" target=\"_blank\">dise\u00f1adores emergentes<\/a> no es un gesto amable. Es una forma de garantizar que la disciplina contin\u00fae evolucionando<\/strong>. Darles espacio, confiarles proyectos y mostrar su trabajo mantiene vivo el pulso creativo\u00bb, reflexiona la experta.\u00a0<\/p>\n<p><a href=\"https:\/\/www.arquitecturaydiseno.es\/arquitectura\/andres-marino-diseno-espanol-pompidou-me-encantaria-ver-que-disenos-que-hice-aguantan-bien-estos-anos-y-se-reutilizan_12652\" data-ga4_event=\"custom_event\" data-ga4_event_name=\"click_intext\" data-ga4_link_url=\"https:\/\/www.arquitecturaydiseno.es\/arquitectura\/andres-marino-diseno-espanol-pompidou-me-encantaria-ver-que-disenos-que-hice-aguantan-bien-estos-anos-y-se-reutilizan_12652\" data-ga4_link_text=\"hablamos_con_andres_marino_disenador_espanol_que_firma_en_el_centre_pompidou_de_paris\" data-ga4_content_type=\"photo\" data-ga4_element=\"related\" rel=\"nofollow noopener\" target=\"_blank\">&#13;&#13;<img loading=\"lazy\" decoding=\"async\" src=\"https:\/\/www.europesays.com\/es\/wp-content\/uploads\/2025\/11\/andres-marino_96b4cda3_251114124936_600x600.webp.webp\" alt=\"Andres Mari\u00f1o\" class=\"lazyload\" width=\"600\" height=\"600\" data-aspectratio=\"600\/600\"\/>&#13;&#13;<\/p>\n<p class=\"epigraph\">&#13;Noticia relacionada<\/p>\n<p class=\"title\">Hablamos con Andr\u00e9s Mari\u00f1o, dise\u00f1ador espa\u00f1ol que firma en el Centre Pompidou de Par\u00eds<\/p>\n<p><\/a><\/p>\n<p>\u00ab<strong>Quienes trabajamos en dise\u00f1o debemos recordar por qu\u00e9 hacemos lo que hacemos. <\/strong>No se trata \u00fanicamente de elegir lo est\u00e9tico, sino aquello que tiene sentido y autor\u00eda\u00bb, explica Cristina. Y en este camino, la comunicaci\u00f3n cumple un papel clave: \u00abEs importante<strong> explicar al cliente el valor de un dise\u00f1o que nace del pensamiento, del proceso y no de la copia.<\/strong> La autenticidad necesita tiempo y criterio. La copia necesita prisa. Y creo de verdad que la prisa es lo que empobrece el paisaje creativo\u00bb, se\u00f1ala la experta.\u00a0<\/p>\n<p>Ahora bien, \u00bfde qu\u00e9 manera integrar esta visi\u00f3n en el mundo de la arquitectura, el dise\u00f1o y el interiorismo? \u00ab<strong>Como arquitecta, creo que cada proyecto genera <a href=\"https:\/\/www.arquitecturaydiseno.es\/decoracion\/piezas-diseno-y-novedades-que-deben-estar-tu-radar_10556\" rel=\"nofollow noopener\" target=\"_blank\">piezas nuevas<\/a> con significado dentro del espacio<\/strong>\u00ab, explica Cristina. \u00abAdem\u00e1s de la arquitectura, siempre he sentido un gran inter\u00e9s por los objetos singulares dise\u00f1ados para una persona, un uso o un lugar concreto. Para m\u00ed, <strong>estas piezas son una extensi\u00f3n natural del proyecto y una forma de trabajar la materia, la escala y la emoci\u00f3n desde otro \u00e1ngulo<\/strong>\u00ab, explica.<\/p>\n<p>&#13;<img loading=\"lazy\" decoding=\"async\"   src=\"https:\/\/www.europesays.com\/es\/wp-content\/uploads\/2025\/12\/ffbaee82-b5d0-4b99-ad20-95914e269251_b314714f_251204093914_1024x1536.webp.webp\" alt=\"FFBAEE82 B5D0 4B99 AD20 95914E269251\" class=\"lazyload\" width=\"1024\" height=\"1536\" data-aspectratio=\"1024\/1536\"\/><\/p>\n<p>Trazo (2025). Tapiz redondo con espejo, dise\u00f1ado en colaboraci\u00f3n con Nani Marquina.\u00a0<\/p>\n<p>&#13;Cristina Nogu\u00e9 Studio<\/p>\n<p>Esta forma de ver el mundo y la disciplina se traduce expl\u00edcitamente en el trabajo de la arquitecta: \u00abUna de las \u00faltimas piezas que hemos creado es el <strong>tapiz para la Fundaci\u00f3 Arcadi<\/strong> en colaboraci\u00f3n con <strong>Nani Marquina<\/strong>. Tambi\u00e9n hemos desarrollado l\u00e1mparas a medida para distintos proyectos del estudio, piezas pensadas espec\u00edficamente para cada espacio y necesidad\u00bb, nos cuenta.\u00a0<\/p>\n<p>Sin duda, el futuro del dise\u00f1o tiene mucho para decir y mostrar: probar nuevas formas, experimentar y dar voz a nuevos artistas es fundamental si queremos un panorama creativo y sensorialmente rico.\u00a0<\/p>\n<p><script async src=\"\/\/www.instagram.com\/embed.js\"><\/script><\/p>\n","protected":false},"excerpt":{"rendered":"Vivimos rodeados de im\u00e1genes, referencias y tendencias que se multiplican sin descanso. Las redes sociales alimentan un deseo&hellip;\n","protected":false},"author":2,"featured_media":284455,"comment_status":"","ping_status":"","sticky":false,"template":"","format":"standard","meta":{"footnotes":""},"categories":[173],"tags":[229,233,231,230,232,234,146,147,25,24,23],"class_list":{"0":"post-284454","1":"post","2":"type-post","3":"status-publish","4":"format-standard","5":"has-post-thumbnail","7":"category-arte-y-diseno","8":"tag-arte","9":"tag-arte-y-diseno","10":"tag-arts","11":"tag-arts-and-design","12":"tag-design","13":"tag-diseno","14":"tag-entertainment","15":"tag-entretenimiento","16":"tag-es","17":"tag-espana","18":"tag-spain"},"share_on_mastodon":{"url":"https:\/\/pubeurope.com\/@es\/115706188208392715","error":""},"_links":{"self":[{"href":"https:\/\/www.europesays.com\/es\/wp-json\/wp\/v2\/posts\/284454","targetHints":{"allow":["GET"]}}],"collection":[{"href":"https:\/\/www.europesays.com\/es\/wp-json\/wp\/v2\/posts"}],"about":[{"href":"https:\/\/www.europesays.com\/es\/wp-json\/wp\/v2\/types\/post"}],"author":[{"embeddable":true,"href":"https:\/\/www.europesays.com\/es\/wp-json\/wp\/v2\/users\/2"}],"replies":[{"embeddable":true,"href":"https:\/\/www.europesays.com\/es\/wp-json\/wp\/v2\/comments?post=284454"}],"version-history":[{"count":0,"href":"https:\/\/www.europesays.com\/es\/wp-json\/wp\/v2\/posts\/284454\/revisions"}],"wp:featuredmedia":[{"embeddable":true,"href":"https:\/\/www.europesays.com\/es\/wp-json\/wp\/v2\/media\/284455"}],"wp:attachment":[{"href":"https:\/\/www.europesays.com\/es\/wp-json\/wp\/v2\/media?parent=284454"}],"wp:term":[{"taxonomy":"category","embeddable":true,"href":"https:\/\/www.europesays.com\/es\/wp-json\/wp\/v2\/categories?post=284454"},{"taxonomy":"post_tag","embeddable":true,"href":"https:\/\/www.europesays.com\/es\/wp-json\/wp\/v2\/tags?post=284454"}],"curies":[{"name":"wp","href":"https:\/\/api.w.org\/{rel}","templated":true}]}}