{"id":284481,"date":"2025-12-12T11:04:10","date_gmt":"2025-12-12T11:04:10","guid":{"rendered":"https:\/\/www.europesays.com\/es\/284481\/"},"modified":"2025-12-12T11:04:10","modified_gmt":"2025-12-12T11:04:10","slug":"el-central-goncalo-inacio-se-le-escapa-al-barca-renueva-con-clausula","status":"publish","type":"post","link":"https:\/\/www.europesays.com\/es\/284481\/","title":{"rendered":"El central Gon\u00e7alo In\u00e1cio se le escapa al Bar\u00e7a: renueva con cl\u00e1usula"},"content":{"rendered":"<p class=\"ft-text\"><a class=\"ft-link ft-link--decoration\" href=\"https:\/\/www.sport.es\/es\/noticias\/barca\/sporting-portugal-quiere-blindar-central-122744338\" rel=\"nofollow noopener\" target=\"_blank\">Gon\u00e7alo In\u00e1cio era uno de los centrales que el Bar\u00e7a estaba siguiendo con mucha atenci\u00f3n de cara a la pr\u00f3xima temporada. El central zurdo gustaba especialmente a la direcci\u00f3n deportiva, aunque no era una prioridad para<\/a> <strong>Hansi Flick y, finalmente, el futbolista ha decidido no esperar m\u00e1s y renovar con el Sporting de Lisboa hasta el 2030. Su cl\u00e1usula de rescisi\u00f3n se mantiene en 60 millones de euros, un precio demasiado alto. El Bar\u00e7a maneja alternativas y quien va ganando opciones es Marc Gu\u00e9hi, del Crystal Palace, que acaba contrato pero tiene muchas ofertas encima de la mesa.<\/strong><\/p>\n<p class=\"ft-text\">In\u00e1cio encajaba en el perfil de futbolista que buscaba el Bar\u00e7a. Tiene 26 a\u00f1os, en el 2027 acababa contrato y el club segu\u00eda con mucha atenci\u00f3n su proyecci\u00f3n en el f\u00fatbol internacional. El Bar\u00e7a le hab\u00eda espiado en diversas ocasiones y Deco manejaba buenos informes de \u00e9l. <strong>No era el primer central en la lista de deseos, pero s\u00ed una buena oportunidad de mercado por su situaci\u00f3n contractual, que ahora acaba de cambiar.<\/strong><\/p>\n<p class=\"ft-text\">Eso s\u00ed, el futbolista y su entorno se han dejado abierta una puerta de escape manteniendo la cl\u00e1usula de rescisi\u00f3n de salida por 60 millones de euros. <strong>Su idea, pese a todo, es mantenerse otro a\u00f1o m\u00e1s al menos en el Sporting de Lisboa, un club que mantiene excelentes relaciones con el Bar\u00e7a.<\/strong><\/p>\n<p class=\"ft-text\">En la lista del Bar\u00e7a se manejan una lista de jugadores intetesantes en la que tambi\u00e9n est\u00e1 el jugador del Borussia Dortmund, <a class=\"ft-link ft-link--decoration\" href=\"https:\/\/www.sport.es\/es\/noticias\/futbol-internacional\/schlotterbeck-estalla-acerca-salida-124667618\" rel=\"nofollow noopener\" target=\"_blank\">Nico Schlotterbeck, que saldr\u00e1 de su club en verano con total seguridad porque no va a renovar y termina su vinculaci\u00f3n en el 2027.<\/a> <strong>El principal problema, en este caso, es que el central prioriza seguir en la Bundesliga y est\u00e1 a la espera de la decisi\u00f3n del Bayern para ficharle y en Espa\u00f1a priorizar\u00eda tambi\u00e9n al Madrid. Hansi Flick tiene una buena relaci\u00f3n con el futbolista y el estilo de Schlotterbeck se acoplar\u00eda perfectamente al juego del Bar\u00e7a.<\/strong><\/p>\n<p class=\"ft-text\"><a class=\"ft-link ft-link--decoration\" href=\"https:\/\/www.sport.es\/es\/noticias\/barca\/barca-puja-guehi-124225619\" rel=\"nofollow noopener\" target=\"_blank\">El \u00e1rea deportiva s\u00ed que est\u00e1 intentando avanzar en el fichaje de Marc Gu\u00e9hi<\/a>, un central que genera consenso en el cuerpo t\u00e9cnico y la direcci\u00f3n deportiva. Gusta mucho a pesar de no tener un perfil zurdo y acaba contrato. Muchos clubs de la Premier han contactado con \u00e9l, pero es el Bayern de Munich el que est\u00e1 intentando atarle en enero para qued\u00e1rselo libre en verano. <strong>El Madrid tambi\u00e9n ha consultado. El Bar\u00e7a est\u00e1 apretando en este tema porque consideran que puede ser un fichaja estrat\u00e9gico.<\/strong><\/p>\n","protected":false},"excerpt":{"rendered":"Gon\u00e7alo In\u00e1cio era uno de los centrales que el Bar\u00e7a estaba siguiendo con mucha atenci\u00f3n de cara a&hellip;\n","protected":false},"author":2,"featured_media":284482,"comment_status":"","ping_status":"","sticky":false,"template":"","format":"standard","meta":{"footnotes":""},"categories":[268],"tags":[2296,210,2297,168,25,24,280,282,68709,281,23,40679,167],"class_list":{"0":"post-284481","1":"post","2":"type-post","3":"status-publish","4":"format-standard","5":"has-post-thumbnail","7":"category-futbol","8":"tag-barca","9":"tag-barcelona","10":"tag-barsa","11":"tag-deportes","12":"tag-es","13":"tag-espana","14":"tag-football","15":"tag-futbol","16":"tag-goncalo-incacio","17":"tag-soccer","18":"tag-spain","19":"tag-sporting-lisboa","20":"tag-sports"},"share_on_mastodon":{"url":"https:\/\/pubeurope.com\/@es\/115706269936226120","error":""},"_links":{"self":[{"href":"https:\/\/www.europesays.com\/es\/wp-json\/wp\/v2\/posts\/284481","targetHints":{"allow":["GET"]}}],"collection":[{"href":"https:\/\/www.europesays.com\/es\/wp-json\/wp\/v2\/posts"}],"about":[{"href":"https:\/\/www.europesays.com\/es\/wp-json\/wp\/v2\/types\/post"}],"author":[{"embeddable":true,"href":"https:\/\/www.europesays.com\/es\/wp-json\/wp\/v2\/users\/2"}],"replies":[{"embeddable":true,"href":"https:\/\/www.europesays.com\/es\/wp-json\/wp\/v2\/comments?post=284481"}],"version-history":[{"count":0,"href":"https:\/\/www.europesays.com\/es\/wp-json\/wp\/v2\/posts\/284481\/revisions"}],"wp:featuredmedia":[{"embeddable":true,"href":"https:\/\/www.europesays.com\/es\/wp-json\/wp\/v2\/media\/284482"}],"wp:attachment":[{"href":"https:\/\/www.europesays.com\/es\/wp-json\/wp\/v2\/media?parent=284481"}],"wp:term":[{"taxonomy":"category","embeddable":true,"href":"https:\/\/www.europesays.com\/es\/wp-json\/wp\/v2\/categories?post=284481"},{"taxonomy":"post_tag","embeddable":true,"href":"https:\/\/www.europesays.com\/es\/wp-json\/wp\/v2\/tags?post=284481"}],"curies":[{"name":"wp","href":"https:\/\/api.w.org\/{rel}","templated":true}]}}