{"id":284517,"date":"2025-12-12T11:36:09","date_gmt":"2025-12-12T11:36:09","guid":{"rendered":"https:\/\/www.europesays.com\/es\/284517\/"},"modified":"2025-12-12T11:36:09","modified_gmt":"2025-12-12T11:36:09","slug":"la-uco-se-persona-en-correos-y-en-sedes-de-los-ministerios-de-hacienda-y-transicion-ecologica-en-busca-de-expedientes-de-contratacion-publica-el-mundo","status":"publish","type":"post","link":"https:\/\/www.europesays.com\/es\/284517\/","title":{"rendered":"La UCO se persona en Correos y en sedes de los ministerios de Hacienda y Transici\u00f3n Ecol\u00f3gica en busca de expedientes de contrataci\u00f3n p\u00fablica &#8211; El Mundo"},"content":{"rendered":"<ol>\n<li><a href=\"https:\/\/news.google.com\/rss\/articles\/CBMiekFVX3lxTE9SR0IwUU40TjFKenJpNjV1cVk3WXE2R05pMWwzbG1hRE9jWkItR1RXUVNBdzJWUkFudnBRUTJCNDZLT1NTTVZteU5Od2dJSXoxVXhQWEtZUkhENVl3c2E3VXVsbmd4RjBNMW5kZXJIVTg3dG9GWjdQeGhR?oc=5\" target=\"_blank\" rel=\"nofollow noopener\">La UCO se persona en Correos y en sedes de los ministerios de Hacienda y Transici\u00f3n Ecol\u00f3gica en busca de expedientes de contrataci\u00f3n p\u00fablica<\/a>&nbsp;&nbsp;El Mundo<\/li>\n<li><a href=\"https:\/\/news.google.com\/rss\/articles\/CBMi3gFBVV95cUxPNVU0UDczQk96ODhjNE1TUHFjdUZvNGhmVnh3RllGLUdjbk1MMTM5RjRVNW5JOXpKMkthMjlGVmlnRlFVc2ZqbEExcnVBcEtTT2JuellucWJUNUtoMmhPc2VFTUtrT25iQVB0OHlBcTl5b0c1S24wOV8tVk9vYmItWTJzaWx6T21XQjJmZ0ZpeVhaODdRaTNpWEdFMmM0MDBZQXk1NTRQanZLdjB5QWdqeklkWUpiMW1NbHBRMHFHLWJzbEpVSEtZbkhMVmE4S0dyX1RVeFI1b3NELVFqSlE?oc=5\" target=\"_blank\" rel=\"nofollow noopener\">La UCO acude a Correos, Hacienda y Transici\u00f3n Ecol\u00f3gica a por documentaci\u00f3n sobre la trama de Leire D\u00edez<\/a>&nbsp;&nbsp;EL PA\u00cdS<\/li>\n<li><a href=\"https:\/\/news.google.com\/rss\/articles\/CBMixAFBVV95cUxPR3NlUmxPbGdpWEgwaXdkWURfQm5XQTVHVU45MUhabGUtcFo1SDl1LVRxbi1sbUljUm5wTEtPSWtpV2kzUnlSbUpOb2NJMEJEMDhQSXFNdkpZRDRJeW5HZVNPWWNtR2twMl9YUFBvSXJ5UFZ0U05GSGNvRXFYVUhvQ1ZwMmJpYzNnMDJjVEVXTkZTdTAxQk82UzVKV2ZweXppRno5NWxCbUR5by0yb3JUNGl2dlZIVGZGREZMemRqY1dFTmt5?oc=5\" target=\"_blank\" rel=\"nofollow noopener\">La UCO precipit\u00f3 las detenciones al detectar Leire, Alonso y Fern\u00e1ndez que les vigilaban<\/a>&nbsp;&nbsp;El Confidencial<\/li>\n<li><a href=\"https:\/\/news.google.com\/rss\/articles\/CBMiyAFBVV95cUxOV3pHZl9ZY3pvdlRmZmRUdk9mMDB6OUhZZXlfT3NqT2p2U3owSFROeVJwOHAzSnk0NmI5RkIzV3FoRXo0ZzVBbFFuWHpybjhvc2pKa1FNNHBEeHJLNUs1dGtzUXBRRnRQV1YzNS1IMHBUdm0yZmNaYXR1QXMtSXhIbG5XdF81S0JOcHp6Mnhtc1Jod3FpVGZ3anFtTVdncEhIV21QVjdqN1lHaDE1M3ptdUl6NHFrejBrRlN0bzBBRWZGdzRpNGhQcg?oc=5\" target=\"_blank\" rel=\"nofollow noopener\">As\u00ed es Antxon Alonso, el tercer v\u00e9rtice de la trama de Leire D\u00edez, socio y amigo de Cerd\u00e1n<\/a>&nbsp;&nbsp;La Vanguardia<\/li>\n<li><a href=\"https:\/\/news.google.com\/rss\/articles\/CBMisAFBVV95cUxOdlBYMC1TeHZGNkRpM3RYOVliMFNGUDl5ODNoUHNmRGN2X2FVbnBYX1F0akMxQ0xXeWl6RHBva1ZsamRuZnpMbUVINlpoY0pSYjFVbzNjaVJDNmRBc3V1bS11MzltTUxwcmlDRkNqR1AzQzlzdjhyMWpvVGhEVVVyejAxNExQNVlpQ0NpQ3Y0XzFFUks3TUI1MGI5dVNQdkhEa1NHOUR5MHdUb3NMM3Q2eg?oc=5\" target=\"_blank\" rel=\"nofollow noopener\">La UCO se persona en Correos y los Ministerios de Hacienda y Transici\u00f3n Ecol\u00f3gica por la operaci\u00f3n Leire D\u00edez<\/a>&nbsp;&nbsp;ABC<\/li>\n<\/ol>\n","protected":false},"excerpt":{"rendered":"La UCO se persona en Correos y en sedes de los ministerios de Hacienda y Transici\u00f3n Ecol\u00f3gica en&hellip;\n","protected":false},"author":2,"featured_media":284518,"comment_status":"","ping_status":"","sticky":false,"template":"","format":"standard","meta":{"footnotes":""},"categories":[171],"tags":[6543,146,147,25,24,1160,53620,764,8411,23,214,2155],"class_list":{"0":"post-284517","1":"post","2":"type-post","3":"status-publish","4":"format-standard","5":"has-post-thumbnail","7":"category-tv","8":"tag-audiencia-nacional","9":"tag-entertainment","10":"tag-entretenimiento","11":"tag-es","12":"tag-espana","13":"tag-guardia-civil","14":"tag-leire-diez","15":"tag-maria-jesus-montero","16":"tag-santos-cerdan","17":"tag-spain","18":"tag-tv","19":"tag-uco"},"share_on_mastodon":{"url":"https:\/\/pubeurope.com\/@es\/115706395652140815","error":""},"_links":{"self":[{"href":"https:\/\/www.europesays.com\/es\/wp-json\/wp\/v2\/posts\/284517","targetHints":{"allow":["GET"]}}],"collection":[{"href":"https:\/\/www.europesays.com\/es\/wp-json\/wp\/v2\/posts"}],"about":[{"href":"https:\/\/www.europesays.com\/es\/wp-json\/wp\/v2\/types\/post"}],"author":[{"embeddable":true,"href":"https:\/\/www.europesays.com\/es\/wp-json\/wp\/v2\/users\/2"}],"replies":[{"embeddable":true,"href":"https:\/\/www.europesays.com\/es\/wp-json\/wp\/v2\/comments?post=284517"}],"version-history":[{"count":0,"href":"https:\/\/www.europesays.com\/es\/wp-json\/wp\/v2\/posts\/284517\/revisions"}],"wp:featuredmedia":[{"embeddable":true,"href":"https:\/\/www.europesays.com\/es\/wp-json\/wp\/v2\/media\/284518"}],"wp:attachment":[{"href":"https:\/\/www.europesays.com\/es\/wp-json\/wp\/v2\/media?parent=284517"}],"wp:term":[{"taxonomy":"category","embeddable":true,"href":"https:\/\/www.europesays.com\/es\/wp-json\/wp\/v2\/categories?post=284517"},{"taxonomy":"post_tag","embeddable":true,"href":"https:\/\/www.europesays.com\/es\/wp-json\/wp\/v2\/tags?post=284517"}],"curies":[{"name":"wp","href":"https:\/\/api.w.org\/{rel}","templated":true}]}}