{"id":284519,"date":"2025-12-12T11:37:11","date_gmt":"2025-12-12T11:37:11","guid":{"rendered":"https:\/\/www.europesays.com\/es\/284519\/"},"modified":"2025-12-12T11:37:11","modified_gmt":"2025-12-12T11:37:11","slug":"vivir-y-morir-en-los-tiempos-de-la-transicion","status":"publish","type":"post","link":"https:\/\/www.europesays.com\/es\/284519\/","title":{"rendered":"Vivir y morir en los tiempos de la Transici\u00f3n"},"content":{"rendered":"<p>              <strong>TP<\/strong><\/p>\n<p>Charlamos con \u00c1ngel de la Calle autor del comic La caja de pandora. Vivir y morir en los tiempos de la Transici\u00f3n editado por Garbuix books. Adem\u00e1s celebraremos el 250 aniversario del nacimiento de Jane Austen con Glor\u00eda Fort\u00fan, fil\u00f3loga inglesa y Amparo Llanos, compositora y fundadora del grupo Dover, que acaba de editar  y traducir Afectuosamente tuya, Jane Austen. Cartas selectas.<\/p>\n<p>Mar\u00eda Taosa recorrer\u00e1 en su secci\u00f3n la carrera de Guitarricadelafuente, Premio El ojo cr\u00edtico de m\u00fasica moderna y Helena Cerveto mira hacia el objetivo de una fot\u00f3grafa adelantada a su tiempo: Belita Gracia.<\/p>\n","protected":false},"excerpt":{"rendered":"TP Charlamos con \u00c1ngel de la Calle autor del comic La caja de pandora. Vivir y morir en&hellip;\n","protected":false},"author":2,"featured_media":284520,"comment_status":"","ping_status":"","sticky":false,"template":"","format":"standard","meta":{"footnotes":""},"categories":[170],"tags":[8519,146,147,25,24,184,185,133,1448,1986,1987,23,68713],"class_list":{"0":"post-284519","1":"post","2":"type-post","3":"status-publish","4":"format-standard","5":"has-post-thumbnail","7":"category-musica","8":"tag-el-ojo-critico","9":"tag-entertainment","10":"tag-entretenimiento","11":"tag-es","12":"tag-espana","13":"tag-music","14":"tag-musica","15":"tag-online","16":"tag-radio","17":"tag-rne","18":"tag-rtve-play","19":"tag-spain","20":"tag-vivir-y-morir-en-los-tiempos-de-la-transicion"},"share_on_mastodon":{"url":"https:\/\/pubeurope.com\/@es\/115706399613203046","error":""},"_links":{"self":[{"href":"https:\/\/www.europesays.com\/es\/wp-json\/wp\/v2\/posts\/284519","targetHints":{"allow":["GET"]}}],"collection":[{"href":"https:\/\/www.europesays.com\/es\/wp-json\/wp\/v2\/posts"}],"about":[{"href":"https:\/\/www.europesays.com\/es\/wp-json\/wp\/v2\/types\/post"}],"author":[{"embeddable":true,"href":"https:\/\/www.europesays.com\/es\/wp-json\/wp\/v2\/users\/2"}],"replies":[{"embeddable":true,"href":"https:\/\/www.europesays.com\/es\/wp-json\/wp\/v2\/comments?post=284519"}],"version-history":[{"count":0,"href":"https:\/\/www.europesays.com\/es\/wp-json\/wp\/v2\/posts\/284519\/revisions"}],"wp:featuredmedia":[{"embeddable":true,"href":"https:\/\/www.europesays.com\/es\/wp-json\/wp\/v2\/media\/284520"}],"wp:attachment":[{"href":"https:\/\/www.europesays.com\/es\/wp-json\/wp\/v2\/media?parent=284519"}],"wp:term":[{"taxonomy":"category","embeddable":true,"href":"https:\/\/www.europesays.com\/es\/wp-json\/wp\/v2\/categories?post=284519"},{"taxonomy":"post_tag","embeddable":true,"href":"https:\/\/www.europesays.com\/es\/wp-json\/wp\/v2\/tags?post=284519"}],"curies":[{"name":"wp","href":"https:\/\/api.w.org\/{rel}","templated":true}]}}