{"id":284531,"date":"2025-12-12T11:43:08","date_gmt":"2025-12-12T11:43:08","guid":{"rendered":"https:\/\/www.europesays.com\/es\/284531\/"},"modified":"2025-12-12T11:43:08","modified_gmt":"2025-12-12T11:43:08","slug":"la-ue-da-marcha-atras-con-la-prohibicion-de-los-coches-con-motor-de-combustion-en-2035-expansion","status":"publish","type":"post","link":"https:\/\/www.europesays.com\/es\/284531\/","title":{"rendered":"La UE da marcha atr\u00e1s con la prohibici\u00f3n de los coches con motor de combusti\u00f3n en 2035 &#8211; Expansi\u00f3n"},"content":{"rendered":"<ol>\n<li><a href=\"https:\/\/news.google.com\/rss\/articles\/CBMiiAFBVV95cUxOTHd5NHFBRFBfYTJBS1EyM3FmeXhPZW5YeG1sT1UxR194X3NqUGowLVNKd3kzcWFNclFSTU9oN0dwWGZCTWE5bTVyTVZ4VGU4OUFZZUZaRGFlNER5R2h3anF3eWVkTFBHZlhSQkRWUGZDZG82SDJrU2VGZTU2ZXBTbmRMbTN6X0Fx0gGIAUFVX3lxTE5la1V4cmluRF96ZFZqbFVaNzdhMzRqMG1PQVRCM214aTdsOXN0LUJXa1djTEU2QXZJODJwaGZ6NWtWeGV2RVhZUjk1Q3FWWTVLSjg5TGh4aU9tTVprQ052bEQ3d1V6NjVKVDZtY3Y0RkJoNDNtUXdlRFJvOHByRVJacmxHV1NRd0Q?oc=5\" target=\"_blank\" rel=\"nofollow noopener\">La UE da marcha atr\u00e1s con la prohibici\u00f3n de los coches con motor de combusti\u00f3n en 2035<\/a>&nbsp;&nbsp;Expansi\u00f3n<\/li>\n<li><a href=\"https:\/\/news.google.com\/rss\/articles\/CBMioAFBVV95cUxPNlFFVHdjMzYzTnZGUzEtM094aU50UExISmFlVzN2dVRySVhsbGdDTGI0eC1qZXQ5bHFFS19TRnZNamNvX0JaY0V1OEl2dEQ1cDhVRjZlc2NHSWhCdUV1RTQteF9ZbGRRTGgyQTJ4WDRTcDRJMWJJRWR4bTRPdUhSRFc4b0tkcmdkZXVIVHBnTTFfZEd3RjdGSHFuY1EyazlC?oc=5\" target=\"_blank\" rel=\"nofollow noopener\">La industria sigue dependiendo del motor de combusti\u00f3n<\/a>&nbsp;&nbsp;RTVE.es<\/li>\n<li><a href=\"https:\/\/news.google.com\/rss\/articles\/CBMivAFBVV95cUxNd3RHMjR3UU5Vc3FhV2hYZE4tQ0JrT2thdWVoLW9MWkJNOG5ObXBEdUNQUHhieE9WTjJJaE9oUmEzZHFXY01Ka0d1dGI2bHQ5bzY0TkVsNUJ4MzQzNWJ2UHg3SFJSZDI3VzdzeFhWOVp2LS1RQjZvRHZYWEFZb2RVQjdXamVIdmZvYWhQM2Q4b2p4VlZFLTRaQnhfOC1lWHRpYm5Xd0xlSVQxTmthSnlCc0hUYmRPUERBNFc1NA?oc=5\" target=\"_blank\" rel=\"nofollow noopener\">Combustibles sint\u00e9ticos: la soluci\u00f3n que enfrenta a ecologistas e industria<\/a>&nbsp;&nbsp;ABC<\/li>\n<li><a href=\"https:\/\/news.google.com\/rss\/articles\/CBMi7gFBVV95cUxPOXpHdU1kNWRwSXdCdGUwM1dhM2pDZXBFNDFvRnp6Y09CQWtfci1ocnBjNWh5eDE5SUxnVmVseEpha3kzWUc1ZGNmaGczd3dGeUhYdW9mOTN6WGNSQ2JGV3l2MHRqanJIUE5rRUZrTmM5WGRhNHIyZEJjcjNBSGg5dU5NZ0pzSGNNa0l3dGtSa3NSNXdLNmVZbWRFTFBzbGtoeWgtNzdGd1IxWTJkYXpRMU1aWGIzZDdrd0Uyb09fWnBDZ0stRjAyd1NtTzRxU0VtYnJxNmZzaHRkaFlkNkZrLUlqaXFzMmh5dHNrZ09B0gHzAUFVX3lxTFA5dVJQRm56dmVkaUZ5VEVaR1I1cDNzODE0SzdhbnhuV2FGdHZwLTJ4WFN3bURjV3AyQnEzWVcwTDhzTDd0M1otcFVaNnNNMGM3QmphdGtVME1BcmZDSjl4NlRSeXZqZHE2OFc5TlNGdVVzSUpBLTh4Z3p5ckJpeTdFNWZGYThvdTFRcDZReFhsaThnSVkxMHViZ1JwRE5nbHU2VzBjSE1DMzdXclFnSUJKRGhSZ2tURDh6MVFwT1BlVFBVRC11X3NTczhPbEZrQV9Bb3hxLVZuUVE1UUNweFdxMkltNl9pbllvTjdEVEJPMExxRQ?oc=5\" target=\"_blank\" rel=\"nofollow noopener\">Joseba, experto en gasolina, suelta un dardo inesperado sobre la UE y los coches el\u00e9ctricos: \u201cNo va a desplazar al de combusti\u00f3n\u201d<\/a>&nbsp;&nbsp;El Espa\u00f1ol<\/li>\n<li><a href=\"https:\/\/news.google.com\/rss\/articles\/CBMirgJBVV95cUxQVnJfNnF4bWtPVEd2VGE2QlZvR3Q1TjlCeHV2elVCYjJzUjZFWTliME9nYWdrWDVxZHUxdjZkUEtMLXkzUWVlcVlqNGxldWxibXl0TGFHY3pnYVI1NkZHVHo0VVJUT0ZyelV5cHcwVmRsSW5uVmY3WHZORnJ2MjQ5Ymd2ZDA0bmdLbVo3UzNQd0hjT0x0TmgxUGhNcjVTdXZIZ3ZpTXFWRTM3eVNzYmtCd1lQRU9HM2JYeGw3UU1CUlgwVTJtbzdaVmx3M3YzRkJBbXFobmZDX3hXS1lPZEo4VUtPakZ1b0luR0NYSExnUEltTFh6dTBFenc0WGt3Q1RUQlA1MVpja1Y3MmdoeFY4S2RPRHlJRDJveEtGalJndUZXS2pMQ0dIRnFQMHR5Z9IBmAJBVV95cUxQbXBDSXFMRWozMFVnMXYtLXc4bEkydUMtVGNvWUZPS1ppNmtaQjRaa180ZHRYOExvOGRWZVhZY0ViSW9KRUNmSUdrOTM4WWdoN2JUdTRVNG9YeEtrNEFsTFAxMXFIRzhvdmF1M0VXbnQyRmx2aHUzMm9TNFdlTTdTcHJmUmwzLWs4ck1fa3ZYcmVNemduUXhFS1F0cjNTZGQ3Zy0zQVpRc3V5aTNjY052SXZDeVdib2dCVXZ5Q05md1UyeldQSmJnLUxYVUFnUkotOTI0c05pb1VhTDc5clF4aWJHc2dscXNUVmM2ZjJJd0hGVTNrYy1IN1hVX3pTNF9YRGZ5X1F1M3BRVk1HU3ZqSVhUWE5mOTBE?oc=5\" target=\"_blank\" rel=\"nofollow noopener\">La UE se prepara para extender el fin del motor de combusti\u00f3n m\u00e1s all\u00e1 de 2035, pero solo para h\u00edbridos enchufables<\/a>&nbsp;&nbsp;El Economista<\/li>\n<\/ol>\n","protected":false},"excerpt":{"rendered":"La UE da marcha atr\u00e1s con la prohibici\u00f3n de los coches con motor de combusti\u00f3n en 2035&nbsp;&nbsp;Expansi\u00f3n La&hellip;\n","protected":false},"author":2,"featured_media":284532,"comment_status":"","ping_status":"","sticky":false,"template":"","format":"standard","meta":{"footnotes":""},"categories":[80],"tags":[82,95,94,2308,32085,25,24,2362,24594,23],"class_list":{"0":"post-284531","1":"post","2":"type-post","3":"status-publish","4":"format-standard","5":"has-post-thumbnail","7":"category-economia","8":"tag-business","9":"tag-economia","10":"tag-economy","11":"tag-empresas","12":"tag-empresas-motor","13":"tag-es","14":"tag-espana","15":"tag-motor","16":"tag-nea","17":"tag-spain"},"share_on_mastodon":{"url":"https:\/\/pubeurope.com\/@es\/115706423216600135","error":""},"_links":{"self":[{"href":"https:\/\/www.europesays.com\/es\/wp-json\/wp\/v2\/posts\/284531","targetHints":{"allow":["GET"]}}],"collection":[{"href":"https:\/\/www.europesays.com\/es\/wp-json\/wp\/v2\/posts"}],"about":[{"href":"https:\/\/www.europesays.com\/es\/wp-json\/wp\/v2\/types\/post"}],"author":[{"embeddable":true,"href":"https:\/\/www.europesays.com\/es\/wp-json\/wp\/v2\/users\/2"}],"replies":[{"embeddable":true,"href":"https:\/\/www.europesays.com\/es\/wp-json\/wp\/v2\/comments?post=284531"}],"version-history":[{"count":0,"href":"https:\/\/www.europesays.com\/es\/wp-json\/wp\/v2\/posts\/284531\/revisions"}],"wp:featuredmedia":[{"embeddable":true,"href":"https:\/\/www.europesays.com\/es\/wp-json\/wp\/v2\/media\/284532"}],"wp:attachment":[{"href":"https:\/\/www.europesays.com\/es\/wp-json\/wp\/v2\/media?parent=284531"}],"wp:term":[{"taxonomy":"category","embeddable":true,"href":"https:\/\/www.europesays.com\/es\/wp-json\/wp\/v2\/categories?post=284531"},{"taxonomy":"post_tag","embeddable":true,"href":"https:\/\/www.europesays.com\/es\/wp-json\/wp\/v2\/tags?post=284531"}],"curies":[{"name":"wp","href":"https:\/\/api.w.org\/{rel}","templated":true}]}}