{"id":284554,"date":"2025-12-12T12:03:12","date_gmt":"2025-12-12T12:03:12","guid":{"rendered":"https:\/\/www.europesays.com\/es\/284554\/"},"modified":"2025-12-12T12:03:12","modified_gmt":"2025-12-12T12:03:12","slug":"epidemia-de-gripe-vacunarse-contra-la-gripe-ahora-sirve-realmente-de-algo","status":"publish","type":"post","link":"https:\/\/www.europesays.com\/es\/284554\/","title":{"rendered":"EPIDEMIA DE GRIPE | \u00bfVacunarse contra la gripe ahora sirve realmente de algo?"},"content":{"rendered":"<p class=\"ft-text\">La campa\u00f1a de <strong>vacunaci\u00f3n contra la <\/strong><a class=\"ft-link ft-link--decoration\" href=\"https:\/\/www.elcorreoweb.es\/tags\/gripe\/\" target=\"_blank\" rel=\"nofollow noopener\"><strong>gripe<\/strong><\/a>, y tambi\u00e9n contra la <a class=\"ft-link ft-link--decoration\" href=\"https:\/\/www.elcorreoweb.es\/tags\/covid-19\/\" target=\"_blank\" rel=\"nofollow noopener\">COVID-19<\/a>, comenz\u00f3 el pasado mes de octubre. En la mayor\u00eda de las comunidades aut\u00f3nomas finalizar\u00e1 a finales del mes de enero. Esta vacuna es gratis para las personas que pertenecen a los grupos de riesgo (mayores de 60 a\u00f1os, inmunodeprimidos, con enfermedades previas o fumadores).<\/p>\n<p class=\"ft-text\">Sin embargo, si no perteneces a ninguno de estos grupos y est\u00e1s interesado en vacunarte contra la gripe, puedes consultar con tu <strong>m\u00e9dico de <\/strong><a class=\"ft-link ft-link--decoration\" href=\"https:\/\/www.elcorreoweb.es\/tags\/atencion-primaria\/\" target=\"_blank\" rel=\"nofollow noopener\"><strong>Atenci\u00f3n Primaria<\/strong><\/a>. La vacunaci\u00f3n es la medida m\u00e1s eficaz para prevenir las infecciones de transmisi\u00f3n respiratoria como la gripe y la COVID-19, as\u00ed como sus complicaciones.<\/p>\n<p class=\"ft-text\">No obstante, no todos los grupos de poblaci\u00f3n tienen los mismos riesgos de complicaciones en caso de padecer cualquiera de estas enfermedades respiratorias.\u00a0<\/p>\n<p>\u00bfCu\u00e1nto tarda en hacer efecto la vacuna contra la gripe?<\/p>\n<p class=\"ft-text\"><strong>Se necesitan unas \u201cdos semanas\u201d para que nuestro organismo desarrolle protecci\u00f3n inmunitaria<\/strong> contra el virus de la influenza. Es el mismo tiempo que se necesita para que la vacune contra la COVID-19 nos proteja.\u00a0.\u00a0<\/p>\n<p class=\"ft-text\">Por eso, desde la <a class=\"ft-link ft-link--decoration\" href=\"https:\/\/www.vacunas.org\/\" target=\"_blank\" rel=\"nofollow noopener\"><strong>Asociaci\u00f3n Espa\u00f1ola de Vacunolog\u00eda<\/strong><\/a> (AEV) recuerdan que \u00absi todav\u00eda no se han vacunado, una vez recuperadas, las personas que han pasado la gripe pueden -y es muy recomendable- vacunarse para protegerse frente a otras cepas de la gripe en circulaci\u00f3n\u00bb<\/p>\n<ul class=\"ft-list ft-list--primary\" data-aida-text=\"\">\n<li class=\"ft-list__item\">\u00abVacun\u00e1ndonos protegemos tambi\u00e9n a quienes nos rodean. Por ello recomendamos a todas las personas mayores de 60 y vulnerables que todav\u00eda no lo hayan hecho vacunarse de gripe y COVID-19, as\u00ed como a los padres de los ni\u00f1os de entre 6 y 59 meses a vacunarles frente a la gripe e inmunizar a los menores de 6 meses frente al VRS\u00bb.<\/li>\n<\/ul>\n<p>\u00bfPuedo contraer la gripe aunque me haya vacunado?<\/p>\n<p class=\"ft-text\">Desde el <a class=\"ft-link ft-link--decoration\" href=\"https:\/\/sanidad.castillalamancha.es\/\" target=\"_blank\" rel=\"nofollow noopener\">Servicio de Salud de Castilla-La Mancha<\/a> subrayan que la vacuna de la gripe protege aproximadamente al 80% de las personas a las que se administra, \u201cpor lo que es posible contraer la enfermedad pese a haber sido vacunado\u201d.<\/p>\n<p class=\"ft-text\">Tambi\u00e9n puede suceder que \u201cse est\u00e9 incubando la gripe en los d\u00edas inmediatamente anteriores o posteriores a recibir la vacuna\u201d.<\/p>\n<p class=\"ft-text\">En esos momentos \u201c<strong>a\u00fan no hay protecci\u00f3n<\/strong>, ya que por t\u00e9rmino medio han de transcurrir dos semanas hasta que la vacuna surta efecto\u201d.<\/p>\n<p class=\"ft-text\">Es muy recomendable, puesto que reduce la gravedad de los s\u00edntomas y el riesgo de complicaciones graves tanto en las personas mayores como en el resto de grupos de riesgo en los que est\u00e1 aconsejada la <strong>vacunaci\u00f3n antigripal<\/strong>.<\/p>\n<p class=\"ft-text\">Por eso, hay que tener claro que:<\/p>\n<ul class=\"ft-list ft-list--primary\" data-aida-text=\"\">\n<li class=\"ft-list__item\"><strong>No evita el <\/strong><a class=\"ft-link ft-link--decoration\" href=\"https:\/\/www.elcorreoweb.es\/tags\/contagios\/\" target=\"_blank\" rel=\"nofollow noopener\"><strong>contagio<\/strong><\/a><\/li>\n<li class=\"ft-list__item\"><strong>S\u00ed protege contra complicaciones<\/strong> derivadas de la infecci\u00f3n<\/li>\n<\/ul>\n<p class=\"ft-text\">Y es que, la administraci\u00f3n de una dosis cada temporada se considera \u201cnecesaria\u201d, ya que ambos virus sufren variaciones en su estructura molecular que \u201cles permiten escapar de la protecci\u00f3n conferida por la <a class=\"ft-link ft-link--decoration\" href=\"https:\/\/www.elcorreoweb.es\/tags\/vacunacion\/\" target=\"_blank\" rel=\"nofollow noopener\">vacunaci\u00f3n<\/a> o por la infecci\u00f3n previa\u201d.\u00a0<\/p>\n<p class=\"ft-text\">Tambi\u00e9n se debe tener en cuenta que \u201clos anticuerpos producidos en respuesta a la vacunaci\u00f3n y\/o infecci\u00f3n previa disminuyen con el tiempo\u201d.<\/p>\n<p>\u00bfLa vacuna de la gripe me puede provocar esta enfermedad?<\/p>\n<p class=\"ft-text\">La mayor\u00eda de las vacunas frente a la enfermedad que se administran actualmente son <strong>vacunas inactivadas que no contienen virus vivos<\/strong>. Est\u00e1n compuestas por fracciones de virus o subunidades proteicas y, por tanto, no pueden causar gripe.<\/p>\n<p class=\"ft-text\">Como pasa con otras vacunas, pueden producirse reacciones locales o m\u00e1s infrecuentemente fiebre, malestar y dolores corporales.<\/p>\n<p class=\"ft-text\">Estas reacciones se inician en las primeras 6-12 horas y pueden persistir 1-2 d\u00edas. Las reacciones adversas m\u00e1s comunes, no obstante, son menos graves que los s\u00edntomas que causa la enfermedad real.<\/p>\n","protected":false},"excerpt":{"rendered":"La campa\u00f1a de vacunaci\u00f3n contra la gripe, y tambi\u00e9n contra la COVID-19, comenz\u00f3 el pasado mes de octubre.&hellip;\n","protected":false},"author":2,"featured_media":284555,"comment_status":"","ping_status":"","sticky":false,"template":"","format":"standard","meta":{"footnotes":""},"categories":[92],"tags":[2272,25,24,7749,165,7450,166,23,8177],"class_list":{"0":"post-284554","1":"post","2":"type-post","3":"status-publish","4":"format-standard","5":"has-post-thumbnail","7":"category-salud","8":"tag-covid-19","9":"tag-es","10":"tag-espana","11":"tag-gripe","12":"tag-health","13":"tag-infecciosas","14":"tag-salud","15":"tag-spain","16":"tag-vacuna"},"share_on_mastodon":{"url":"https:\/\/pubeurope.com\/@es\/115706501747491718","error":""},"_links":{"self":[{"href":"https:\/\/www.europesays.com\/es\/wp-json\/wp\/v2\/posts\/284554","targetHints":{"allow":["GET"]}}],"collection":[{"href":"https:\/\/www.europesays.com\/es\/wp-json\/wp\/v2\/posts"}],"about":[{"href":"https:\/\/www.europesays.com\/es\/wp-json\/wp\/v2\/types\/post"}],"author":[{"embeddable":true,"href":"https:\/\/www.europesays.com\/es\/wp-json\/wp\/v2\/users\/2"}],"replies":[{"embeddable":true,"href":"https:\/\/www.europesays.com\/es\/wp-json\/wp\/v2\/comments?post=284554"}],"version-history":[{"count":0,"href":"https:\/\/www.europesays.com\/es\/wp-json\/wp\/v2\/posts\/284554\/revisions"}],"wp:featuredmedia":[{"embeddable":true,"href":"https:\/\/www.europesays.com\/es\/wp-json\/wp\/v2\/media\/284555"}],"wp:attachment":[{"href":"https:\/\/www.europesays.com\/es\/wp-json\/wp\/v2\/media?parent=284554"}],"wp:term":[{"taxonomy":"category","embeddable":true,"href":"https:\/\/www.europesays.com\/es\/wp-json\/wp\/v2\/categories?post=284554"},{"taxonomy":"post_tag","embeddable":true,"href":"https:\/\/www.europesays.com\/es\/wp-json\/wp\/v2\/tags?post=284554"}],"curies":[{"name":"wp","href":"https:\/\/api.w.org\/{rel}","templated":true}]}}