{"id":284578,"date":"2025-12-12T12:23:10","date_gmt":"2025-12-12T12:23:10","guid":{"rendered":"https:\/\/www.europesays.com\/es\/284578\/"},"modified":"2025-12-12T12:23:10","modified_gmt":"2025-12-12T12:23:10","slug":"taylor-swift-desvela-obsesiones-fortalezas-y-temores-en-su-serie-documental-no-quiero-que-me-rastreen-me-he-sentido-muy-perseguida-television","status":"publish","type":"post","link":"https:\/\/www.europesays.com\/es\/284578\/","title":{"rendered":"Taylor Swift desvela obsesiones, fortalezas y temores en su serie documental: \u201cNo quiero que me rastreen, me he sentido muy perseguida\u201d | Televisi\u00f3n"},"content":{"rendered":"<p class=\"\">Faltan 15 minutos para el principio del fin: el \u00faltimo concierto de The Eras Tour. Taylor Swift est\u00e1 en corro, agarrada a sus coristas, a sus bailarines, a sus m\u00fasicos. Trata de hacer un discurso motivacional. Traga saliva. \u201cTodo el mundo habla de fen\u00f3menos como The Eras Tour, como si fuera algo donde todo encajara de manera accidental\u201d, cuenta la artista de 35 a\u00f1os a su pandilla, con l\u00e1grimas en los ojos. \u201cEste es el mayor reto que hemos enfrentado nunca. Esta noche, cumplimos ese reto\u201d.<\/p>\n<p class=\"\">As\u00ed arranca el primer episodio de los seis de The End of an Era (El fin de una era, Disney+), el documental sobre c\u00f3mo se gest\u00f3 <a href=\"https:\/\/elpais.com\/cultura\/2024-12-09\/taylor-swift-en-el-ultimo-concierto-de-su-eras-tour-ha-sido-lo-mas-poderoso-electrico-y-retador-que-he-hecho-en-mi-vida.html\" target=\"_blank\" rel=\"noreferrer nofollow noopener\" title=\"https:\/\/elpais.com\/cultura\/2024-12-09\/taylor-swift-en-el-ultimo-concierto-de-su-eras-tour-ha-sido-lo-mas-poderoso-electrico-y-retador-que-he-hecho-en-mi-vida.html\">The Eras Tour, la gira m\u00e1s grande jam\u00e1s hecha, con 10 millones de espectadores en 149 conciertos y miles de millones recaudados y generados<\/a>. El proyecto es un repaso de c\u00f3mo Swift invent\u00f3 y perfeccion\u00f3 esa maquinaria de m\u00e1s de tres horas que ejecutaba ante miles de espectadores cada noche en una gran ciudad del mundo, de Los \u00c1ngeles a M\u00e9xico, de Madrid a Vancouver. Como revelan sus colaboradores, hablando a c\u00e1mara, ni ella, ni ellos, ni nadie, pens\u00f3 jam\u00e1s que pudiera llegar a convertirse en <a href=\"https:\/\/elpais.com\/economia\/negocios\/2023-12-09\/una-multinacional-llamada-taylor-swift-asi-ha-conseguido-la-cantante-ser-millonaria-e-impulsar-la-economia-estadounidense.html\" target=\"_blank\" rel=\"noreferrer nofollow noopener\" title=\"https:\/\/elpais.com\/economia\/negocios\/2023-12-09\/una-multinacional-llamada-taylor-swift-asi-ha-conseguido-la-cantante-ser-millonaria-e-impulsar-la-economia-estadounidense.html\">el enorme fen\u00f3meno global, social, cultural y econ\u00f3mico que fue<\/a>. Ni tampoco alguno de los retos que iban a afrontar, como el intento de atentado de Viena que frustr\u00f3 tres de los conciertos.<\/p>\n<p>M\u00e1s informaci\u00f3n<\/p>\n<p class=\"\">Swift se muestra como el cerebro de toda la operaci\u00f3n, una enorme perfeccionista que controla cada paso de su gira y, claro, de su carrera. Aunque tambi\u00e9n se deja ver como alguien cercano (llega a reconocer que su vida a veces es casi irreal), emocionado por ensayar, pr\u00f3ximo a sus fans, de quienes tambi\u00e9n ense\u00f1a a menudo metraje. Al fin y al cabo, la serie ha sido hecha por y para su mayor gloria, cierto es. Pero por otro la humaniza, con sus errores, aciertos, nervios, decisiones, problemas&#8230; Ahora, <a href=\"https:\/\/elpais.com\/eps\/2024-05-26\/la-era-de-taylor-swift-radiografia-del-fenomeno-pop-mas-extraordinario.html\" target=\"_blank\" rel=\"noreferrer nofollow noopener\" title=\"https:\/\/elpais.com\/eps\/2024-05-26\/la-era-de-taylor-swift-radiografia-del-fenomeno-pop-mas-extraordinario.html\">un a\u00f1o despu\u00e9s de acabar dicha gira<\/a>, el proyecto <a href=\"https:\/\/elpais.com\/cultura\/2025-10-13\/taylor-swift-anuncia-una-serie-documental-sobre-su-the-eras-tour-y-un-nuevo-concierto-en-disney.html\" target=\"_blank\" rel=\"noreferrer nofollow noopener\" title=\"https:\/\/elpais.com\/cultura\/2025-10-13\/taylor-swift-anuncia-una-serie-documental-sobre-su-the-eras-tour-y-un-nuevo-concierto-en-disney.html\">en colaboraci\u00f3n con la factor\u00eda Disney <\/a>\u2014seis cap\u00edtulos, dos cada viernes, m\u00e1s el \u00faltimo concierto de Vancouver\u2014 puede resultar tard\u00edo o incluso oportunista, al hilo del <a href=\"https:\/\/elpais.com\/cultura\/2025-10-03\/taylor-swift-lanza-su-nuevo-album-the-life-of-a-showgirl-filtrado-un-dia-antes-donde-destapa-a-su-cabaretera-interior-mas-deslenguada.html\" target=\"_blank\" rel=\"noreferrer nofollow noopener\" title=\"https:\/\/elpais.com\/cultura\/2025-10-03\/taylor-swift-lanza-su-nuevo-album-the-life-of-a-showgirl-filtrado-un-dia-antes-donde-destapa-a-su-cabaretera-interior-mas-deslenguada.html\">nuevo \u00e1lbum de la artista <\/a>(<a href=\"https:\/\/elpais.com\/cultura\/2024-02-05\/taylor-swift-anuncia-nuevo-album-por-sorpresa-en-los-grammy-2024-the-tortured-poets-department.html\" target=\"_blank\" rel=\"noreferrer nofollow noopener\" title=\"https:\/\/elpais.com\/cultura\/2024-02-05\/taylor-swift-anuncia-nuevo-album-por-sorpresa-en-los-grammy-2024-the-tortured-poets-department.html\">el segundo que saca <\/a>durante o tras la gira), pero como se ve en el metraje, y en un estilo que caracteriza todas y cada una las decisiones de la artista, todo est\u00e1 pensado: lo rod\u00f3 todo desde el principio, desde el primer d\u00eda de ensayos, hace tres a\u00f1os, <a href=\"https:\/\/elpais.com\/cultura\/2022-11-17\/taylor-swift-bate-records-y-desata-una-polemica-con-la-venta-de-entradas-de-su-gira.html\" target=\"_blank\" rel=\"noreferrer nofollow noopener\" title=\"https:\/\/elpais.com\/cultura\/2022-11-17\/taylor-swift-bate-records-y-desata-una-polemica-con-la-venta-de-entradas-de-su-gira.html\">meses antes de empezar la gira<\/a>.<\/p>\n<p class=\"\">Bienvenidos a The Eras Tour, como se llama el primer episodio, va tirando del hilo para contar detalles de c\u00f3mo se hizo de la gira mezclados con la vida de la cantante. Resulta revelador ver c\u00f3mo Swift desaparece del estadio apenas segundos despu\u00e9s de acabar cada concierto, se mete en un coche, se va a su hotel, llena la ba\u00f1era, se deshace de las pesta\u00f1as postizas y, cuenta, pide comida al servicio de habitaciones y firma 2.000 discos hasta caer rendida a las cuatro de la madrugada. <\/p>\n<p class=\"\">Pero el foco del arranque es el que fue el peor momento de la gira y uno de los peores de la vida de Swift: cuando cancel\u00f3 los <a href=\"https:\/\/elpais.com\/internacional\/2024-08-07\/cancelados-los-tres-conciertos-de-taylor-swift-en-viena-por-una-amenaza-de-atentado-terrorista.html\" target=\"_blank\" rel=\"noreferrer nofollow noopener\" title=\"https:\/\/elpais.com\/internacional\/2024-08-07\/cancelados-los-tres-conciertos-de-taylor-swift-en-viena-por-una-amenaza-de-atentado-terrorista.html\">tres conciertos previstos para Viena, Austria, en agosto de 2024 tras un intento de atentado terrorista<\/a>. Ah\u00ed sinti\u00f3 el miedo, \u201ccomo patinar sobre una capa de hielo\u201d, relata. \u201cPod\u00edamos haber vivido una masacre\u201d, reconoce, y la voz inmediatamente se le quiebra, recordando el ataque terrorista sufrido en una escuela de baile de Liverpool apenas una semana antes, en el que <a href=\"https:\/\/elpais.com\/internacional\/2024-07-29\/detenido-un-joven-sospechoso-de-apunalar-a-ocho-personas-entre-ellas-varios-ninos-en-el-reino-unido.html\" target=\"_blank\" rel=\"noreferrer nofollow noopener\" title=\"https:\/\/elpais.com\/internacional\/2024-07-29\/detenido-un-joven-sospechoso-de-apunalar-a-ocho-personas-entre-ellas-varios-ninos-en-el-reino-unido.html\">un hombre con un cuchillo atac\u00f3 a un grupo de ni\u00f1as y mat\u00f3 a tres<\/a> de ellas, de entre seis y 11 a\u00f1os. <\/p>\n<p class=\"\">\u201cVoy a conocer a algunas de sus familias esta noche&#8230; y luego dar\u00e9 un concierto de pop, \u00bfsabes?\u201c, afirma Swift con iron\u00eda y dolor, sin poder apenas articular palabra, en uno de los momentos en los que m\u00e1s se expone: sabe que lo que hace, aunque sea importante para millones de personas, es al fin y al cabo un concierto, mientras que detr\u00e1s hay vidas humanas. Pero tambi\u00e9n que tiene que darle a sus fans lo m\u00e1ximo. Tras esas l\u00e1grimas, reconoce que ya no va a llorar m\u00e1s, que luego se bloquear\u00e1 durante las tres horas y media del show, y que se comportar\u00e1 \u201ccomo un piloto de avi\u00f3n\u201d que ha de mantener la calma ante las turbulencias. Sus bailarines y su equipo reconocen que el concierto es algo importante que influye en las vidas de muchas personas, y que para ellos supone una gran responsabilidad estar presentes y tocar para ellos.<\/p>\n<p><img decoding=\"auto\" class=\"_re lazyload a_m-h\" height=\"276\"  width=\"414\"  src=\"https:\/\/www.europesays.com\/es\/wp-content\/uploads\/2025\/12\/Q575CVW37FGC5E525H7BG4NNDY.jpg\" loading=\"lazy\"\/>Taylor Swift act\u00faa en Toronto, Canad\u00e1, el 14 de noviembre de 2024.Emma McIntyre\/TAS24 (Getty Images for TAS Rights Management)<\/p>\n<p class=\"\"><a href=\"https:\/\/elpais.com\/gente\/2024-08-22\/taylor-swift-habla-por-primera-vez-del-atentado-frustrado-en-sus-conciertos-en-viena-me-lleno-de-una-nueva-sensacion-de-miedo.html\" target=\"_blank\" rel=\"noreferrer nofollow noopener\" title=\"https:\/\/elpais.com\/gente\/2024-08-22\/taylor-swift-habla-por-primera-vez-del-atentado-frustrado-en-sus-conciertos-en-viena-me-lleno-de-una-nueva-sensacion-de-miedo.html\">Desvela que nunca lleg\u00f3 a aterrizar en Viena<\/a>, que iba en el avi\u00f3n cuando supo del intento de atentado y decidi\u00f3 cancelar los recitales. De ah\u00ed que los siguientes conciertos, los de Londres, que cerraban la parte europea de su gira, fueran muy importantes: necesitaba hacerlos, pero tambi\u00e9n que pasaran lo m\u00e1s r\u00e1pido posible. \u201cLlevo 20 a\u00f1os actuando pero, a nivel mental, tener miedo de que les pase algo a tus fans es un reto nuevo\u201d, reconoce mientras escucha un audiolibro antes de esos shows. \u201cQuiero alejar mis nervios del p\u00fablico, porque cuando eres la l\u00edder del espect\u00e1culo, pueden sentir cada cambio\u201d, explica, como la perfeccionista que es. \u201cY en el Eras Tour, nada puede salir mal\u201d. \u201cEstoy teniendo una reacci\u00f3n muy f\u00edsica a mis nervios\u201d, le cuenta a su madre. \u201cEstoy muy nerviosa, muy inquieta\u201d, le explica. <a href=\"https:\/\/elpais.com\/gente\/2025-10-07\/dos-desmentidos-y-una-confesion-de-taylor-swift-a-jimmy-fallon-la-cantante-aclara-los-rumores-sobre-la-super-bowl-ed-sheeran-y-selena-gomez.html\" target=\"_blank\" rel=\"noreferrer nofollow noopener\" title=\"https:\/\/elpais.com\/gente\/2025-10-07\/dos-desmentidos-y-una-confesion-de-taylor-swift-a-jimmy-fallon-la-cantante-aclara-los-rumores-sobre-la-super-bowl-ed-sheeran-y-selena-gomez.html\">Su amigo Ed Sheeran aparece en el camerino<\/a> y ella le comenta que, tras Londres y con un par\u00f3n de verano, quiere irse donde nadie la encuentre. \u201cNo quiero que me rastreen como a un animal. Me he sentido muy perseguida\u201d, cuenta.<\/p>\n<p class=\"\">Otro de los momentos m\u00e1s dif\u00edciles es cuando se explica que, cada una de las cinco noches de Londres, antes de los conciertos de Wembley, la artista \u201cse reuni\u00f3 en privado con los supervivientes y <a href=\"https:\/\/elpais.com\/internacional\/2024-07-30\/muere-una-tercera-nina-victima-del-apunalamiento-multiple-en-el-noroeste-de-inglaterra.html\" target=\"_blank\" rel=\"noreferrer nofollow noopener\" title=\"https:\/\/elpais.com\/internacional\/2024-07-30\/muere-una-tercera-nina-victima-del-apunalamiento-multiple-en-el-noroeste-de-inglaterra.html\">las familias de las v\u00edctimas del tr\u00e1gico ataque de Southport<\/a>\u201d. Despu\u00e9s, se la ve a ella, ya vestida para el show, caminando por el pasillo hacia su camerino lleno de flores, llorando sin parar, sola. <\/p>\n<p><img decoding=\"auto\" class=\"_re lazyload a_m-h\" height=\"276\"  width=\"414\"  src=\"https:\/\/www.europesays.com\/es\/wp-content\/uploads\/2025\/12\/RBT6OCWMNRCNXDFX33F2UFNCMU.jpg\" loading=\"lazy\"\/>Fans de Taylor Swift cantan en la Stephansplatz de Viena, Austria, el 8 de agosto de 2024 tras la cancelaci\u00f3n de sus tres conciertos por amenazas terroristas.Thomas Kronsteiner (Getty Images)<\/p>\n<p class=\"\">\u201cLes ayudaste. S\u00e9 que no lo parece, pero les consolaste\u201d, le dice su madre, con las c\u00e1maras apunt\u00e1ndolas desde una prudencial distancia. \u201cA nivel mental, vivo en una realidad que es muy irreal la mayor parte del tiempo\u201d, reconoce ella despu\u00e9s. \u201cPero es parte de mi trabajo poder gestionar estos sentimientos, y recuperar la energ\u00eda para actuar. As\u00ed debe ser\u201d. Sin embargo, hasta el mismo momento en que sale al escenario, est\u00e1 acongojada, seria. Despu\u00e9s, la sonrisa. Al acabar, la alegr\u00eda plena: \u201c\u00a1Hemos vuelto! Me lo he pasado mejor que nunca. Todos estaban content\u00edsimos. \u00a1Estamos de vuelta!\u201c, clama. \u201dEstoy tan feliz, es como si el p\u00fablico sintiera que ten\u00eda que animarme\u00bb.<\/p>\n<p class=\"\">En sus dos primeros cap\u00edtulos de 45 minutos (el tercero y cuarto llegar\u00e1n el 19 de diciembre; los dos \u00faltimos, el 26) se desvelan entresijos de una gira muy compleja, aunque quiz\u00e1 no tantos como esperaban los fans \u2014como la elecci\u00f3n del vestuario, de las canciones sorpresa, la ampliaci\u00f3n de los conciertos, la escritura de sus discos en plena gira\u2014, por lo que habr\u00e1 que darles tiempo. Ya en las primeras escenas se entreven detalles: mapas, planos, maquetas, decenas de ordenados post-its. La idea de la gira se le ocurri\u00f3 dos a\u00f1os antes de echarse a la carrera, reconoce Swift en su primera entrevista a c\u00e1mara, y cuenta que fue por la mezcla de dos sucesos o dos ideas \u201cdesagradables\u201d. La primera fue que sus seis primeros discos fueron comprado por un tercero y <a href=\"https:\/\/elpais.com\/cultura\/2025-05-30\/taylor-swift-recupera-los-derechos-de-sus-primeros-seis-discos.html\" target=\"_blank\" rel=\"noreferrer nofollow noopener\" title=\"https:\/\/elpais.com\/cultura\/2025-05-30\/taylor-swift-recupera-los-derechos-de-sus-primeros-seis-discos.html\">ella perdi\u00f3 el control de esa m\u00fasica (en mayo lo recuper\u00f3)<\/a>. Decidi\u00f3 regrabarla y recordar a \u201ctodas las chicas\u201d que fue. \u201cEso plant\u00f3 una idea en mi mente: la de celebrar el pasado\u201d, reconoce. \u201cCreo que el segundo factor fue la pandemia\u201d, reconoci\u00f3, sobre el lanzamiento<a href=\"https:\/\/elpais.com\/cultura\/2020-07-24\/folklore-taylor-swift-ha-dejado-de-ser-circunstancial.html\" target=\"_blank\" rel=\"noreferrer nofollow noopener\" title=\"https:\/\/elpais.com\/cultura\/2020-07-24\/folklore-taylor-swift-ha-dejado-de-ser-circunstancial.html\"> de dos \u00e1lbumes en pleno covid-19<\/a>. \u201c\u00bfY si hago una gira que celebre todos esos momentos con cap\u00edtulos divididos por \u00e1lbumes y todo cambie cuando acabe cada cap\u00edtulo?\u201d.<\/p>\n<p><img decoding=\"auto\" class=\"_re lazyload a_m-h\" height=\"272\"  width=\"414\"  src=\"https:\/\/www.europesays.com\/es\/wp-content\/uploads\/2025\/12\/NPUGXBRMH5FAXG4MFC5RCRC3HU.jpg\" loading=\"lazy\"\/>Florence canta con Taylor Swift en su concierto del 20 de agosto de &#8216;The Eras Tour&#8217; en Wembley, Londres.TAS2024 (Getty Images)<\/p>\n<p class=\"\">Sus m\u00fasicos recuerdan sus primeros ensayos, cuando no sab\u00edan ni c\u00f3mo se iba a llamar la gira, pero ella ten\u00eda clar\u00edsimo c\u00f3mo hacerlo. \u201cEran tres horas, era una locura. Me pregunt\u00e9 qu\u00e9 \u00edbamos a quitar. A\u00f1adimos tres canciones\u201d, cuenta su bajista, que muestra como toca en las duchas para no molestar a los dem\u00e1s. Tamb\u00eden, por ejemplo, se detallan c\u00f3mo se gesta el concierto, las plataformas que suben y bajan a la cantante, las balas autom\u00e1ticas subterr\u00e1neas por las que se mueve, o c\u00f3mo fue incorporar en la segunda parte de los conciertos todo un set de canciones de su nuevo \u00e1lbum. <\/p>\n<p class=\"\">\u201cTenemos a los mejores de toda la industria\u201d, reconoce Swift sobre sus colaboradores; por ejemplo, explica que Emma Stone le recomend\u00f3 a su core\u00f3grafa, Mandy Moore, con <a href=\"https:\/\/elpais.com\/smoda\/la-la-land-musicales-oscar.html\" target=\"_blank\" rel=\"noreferrer nofollow noopener\" title=\"https:\/\/elpais.com\/smoda\/la-la-land-musicales-oscar.html\">la que trabaj\u00f3 en La La Land<\/a>. Tambi\u00e9n que ella hizo parte del proceso de casting para que sus bailarines fueran personas diversas, reales. \u201cNo quer\u00eda a gente uniformada\u201d, reconoce. En el segundo episodio muestra c\u00f3mo escribe notas que sella con cera para cada uno de los miembros de su equipo, en las que les otorga bonus econ\u00f3micos, al final de cada pata del show (que dur\u00f3 20 meses). \u201cEs como la ma\u00f1ana de Navidad\u201d, relata, con ilusi\u00f3n. Graba a los emocionados bailarines mientras les da los sobres, pero aunque leen el mensaje, se oculta la cantidad. <a href=\"https:\/\/elpais.com\/gente\/2023-08-02\/taylor-swift-reparte-50-millones-de-euros-de-bonus-al-equipo-que-le-acompana-en-the-eras-tour.html\" target=\"_blank\" rel=\"noreferrer nofollow noopener\" title=\"https:\/\/elpais.com\/gente\/2023-08-02\/taylor-swift-reparte-50-millones-de-euros-de-bonus-al-equipo-que-le-acompana-en-the-eras-tour.html\">Swift entreg\u00f3 en total 197 millones de d\u00f3lares <\/a>en bonus a sus empleados; solo los camioneros se llevaron 100.000 d\u00f3lares cada uno.<\/p>\n<p><img decoding=\"auto\" class=\"_re lazyload a_m-h\" height=\"277\"  width=\"414\"  src=\"https:\/\/www.europesays.com\/es\/wp-content\/uploads\/2025\/12\/I4RGUONPBFDI3EXK3ECN62XYJA.jpg\" loading=\"lazy\"\/>Taylor Swift y Ed Sheeran en el estadio de Wembley, en Londres, en 15 de agosto de 2024.TAS2024 (Getty Images)<\/p>\n<p class=\"\">\u201cPodr\u00edamos haber llenado 255 estadios\u201d, explica uno de sus agentes sobre c\u00f3mo arranc\u00f3 la venta de entradas, cuando apenas hab\u00eda <a href=\"https:\/\/elpais.com\/cultura\/2023-10-16\/taylor-swift-bate-records-con-su-the-eras-tour-y-recauda-124-millones-de-dolares-en-los-cines-de-todo-el-mundo.html\" target=\"_blank\" rel=\"noreferrer nofollow noopener\" title=\"https:\/\/elpais.com\/cultura\/2023-10-16\/taylor-swift-bate-records-con-su-the-eras-tour-y-recauda-124-millones-de-dolares-en-los-cines-de-todo-el-mundo.html\">dos docenas de conciertos anunciados, que se convirtieron en 150<\/a>. Glendale, Arizona, donde arranc\u00f3 la gira, <a href=\"https:\/\/elpais.com\/gente\/2023-03-10\/la-ciudad-de-glendale-en-arizona-cambiara-su-nombre-durante-dos-dias-en-honor-a-taylor-swift.html\" target=\"_blank\" rel=\"noreferrer nofollow noopener\" title=\"https:\/\/elpais.com\/gente\/2023-03-10\/la-ciudad-de-glendale-en-arizona-cambiara-su-nombre-durante-dos-dias-en-honor-a-taylor-swift.html\">lleg\u00f3 a cambiar su nombre por Swift City.<\/a> Mientras, ella ensayaba de manera \u201cdetallada, met\u00f3dica, exhaustiva\u201d para estar a punto para sus fans. \u201cWelcome to The Eras Tour\u201d era la frase con la que ella, cada noche, recib\u00eda a sus espectadores, y as\u00ed ha llamado al primer episodio de su docuserie. <\/p>\n<p class=\"\">El metraje muestra algunos momentos luminosos y especiales, como cuando subi\u00f3 a escena a Ed Sheeran, con quien mantiene una gran relaci\u00f3n personal y lleva cantando m\u00e1s de una d\u00e9cada. En el segundo cap\u00edtulo, se ven sus ensayos y su actuaci\u00f3n con Florence Welch en Londres. <a href=\"https:\/\/elpais.com\/gente\/2025-08-26\/taylor-swift-anuncia-su-boda-con-travis-kelce.html\" target=\"_blank\" rel=\"noreferrer nofollow noopener\" title=\"https:\/\/elpais.com\/gente\/2025-08-26\/taylor-swift-anuncia-su-boda-con-travis-kelce.html\">Tambi\u00e9n su prometido, Travis Kelce<\/a>, es parte del metraje. Aqu\u00ed aparece una narrativa que se ha repetido tambi\u00e9n en el tr\u00e1iler: que sus formas de ganarse la vida son muy similares, con duro trabajo detr\u00e1s, sacrificio y entrenadores, en el caso de ella, su madre, como cuentan entre bromas. \u201cHay gente que toma vitamina D, yo tengo estas conversaciones contigo\u201d, r\u00ede ella.<\/p>\n<p class=\"\">El primero de los dos cap\u00edtulos del documental tiene m\u00e1s contenido de inter\u00e9s, sobre la gira y sobre Swift, mientras que el segundo est\u00e1 m\u00e1s centrado en los ensayos y los bailarines. En todo ello, Swift siempre est\u00e1 enfocada en el objetivo final: hacer un producto perfecto para los fans, sorprenderles cada noche y emocionarles. \u201cHay muchos momentos de contacto visual\u201d, reconoce. \u201cVeo su alegr\u00eda. Hay muchas emociones. Miras al p\u00fablico y es m\u00e1s que un mont\u00f3n de luces. Son millones de historias coincidiendo en un lugar donde podemos sentirnos seguros a la hora de expresar muchas emociones. Eso es algo muy poderoso\u201d.<\/p>\n","protected":false},"excerpt":{"rendered":"Faltan 15 minutos para el principio del fin: el \u00faltimo concierto de The Eras Tour. Taylor Swift est\u00e1&hellip;\n","protected":false},"author":2,"featured_media":284579,"comment_status":"","ping_status":"","sticky":false,"template":"","format":"standard","meta":{"footnotes":""},"categories":[170],"tags":[218,3061,208,1060,6084,146,147,25,24,629,256,184,185,51630,23,3945,807],"class_list":{"0":"post-284578","1":"post","2":"type-post","3":"status-publish","4":"format-standard","5":"has-post-thumbnail","7":"category-musica","8":"tag-canciones","9":"tag-cantantes","10":"tag-conciertos","11":"tag-disney","12":"tag-documental","13":"tag-entertainment","14":"tag-entretenimiento","15":"tag-es","16":"tag-espana","17":"tag-estados-unidos","18":"tag-famosos","19":"tag-music","20":"tag-musica","21":"tag-series-documentales","22":"tag-spain","23":"tag-taylor-swift","24":"tag-television"},"share_on_mastodon":{"url":"https:\/\/pubeurope.com\/@es\/115706580788931999","error":""},"_links":{"self":[{"href":"https:\/\/www.europesays.com\/es\/wp-json\/wp\/v2\/posts\/284578","targetHints":{"allow":["GET"]}}],"collection":[{"href":"https:\/\/www.europesays.com\/es\/wp-json\/wp\/v2\/posts"}],"about":[{"href":"https:\/\/www.europesays.com\/es\/wp-json\/wp\/v2\/types\/post"}],"author":[{"embeddable":true,"href":"https:\/\/www.europesays.com\/es\/wp-json\/wp\/v2\/users\/2"}],"replies":[{"embeddable":true,"href":"https:\/\/www.europesays.com\/es\/wp-json\/wp\/v2\/comments?post=284578"}],"version-history":[{"count":0,"href":"https:\/\/www.europesays.com\/es\/wp-json\/wp\/v2\/posts\/284578\/revisions"}],"wp:featuredmedia":[{"embeddable":true,"href":"https:\/\/www.europesays.com\/es\/wp-json\/wp\/v2\/media\/284579"}],"wp:attachment":[{"href":"https:\/\/www.europesays.com\/es\/wp-json\/wp\/v2\/media?parent=284578"}],"wp:term":[{"taxonomy":"category","embeddable":true,"href":"https:\/\/www.europesays.com\/es\/wp-json\/wp\/v2\/categories?post=284578"},{"taxonomy":"post_tag","embeddable":true,"href":"https:\/\/www.europesays.com\/es\/wp-json\/wp\/v2\/tags?post=284578"}],"curies":[{"name":"wp","href":"https:\/\/api.w.org\/{rel}","templated":true}]}}