{"id":284623,"date":"2025-12-12T12:53:08","date_gmt":"2025-12-12T12:53:08","guid":{"rendered":"https:\/\/www.europesays.com\/es\/284623\/"},"modified":"2025-12-12T12:53:08","modified_gmt":"2025-12-12T12:53:08","slug":"maria-corina-machado-sobre-el-apoyo-del-gobierno-espanol-la-historia-juzgara-lo-que-ha-faltado-el-mundo","status":"publish","type":"post","link":"https:\/\/www.europesays.com\/es\/284623\/","title":{"rendered":"Mar\u00eda Corina Machado, sobre el apoyo del Gobierno espa\u00f1ol: &quot;La historia juzgar\u00e1 lo que ha faltado&quot; &#8211; El Mundo"},"content":{"rendered":"<ol>\n<li><a href=\"https:\/\/news.google.com\/rss\/articles\/CBMigwFBVV95cUxNR2FYSDFCYlA3RGRpQk55a2F2dzY4ZElSWE9BZEMtRVlJVlJBS0YyUk1kcVJMckdTNzRkWkVOVjhKSmh5OU5mdndhb2ZwXzBPODlyY2JfSTFrWW9QN3ktTEFtdm9wSF83U0M2b0xWZjZ2akNpTk1NQXdTZzJHTE41TzBhSdIBgwFBVV95cUxQNy12aW5pSnUtSVlfeVdvVkZ6amxhZDh2MFVqM05tNEZFUktuVFNqUHB1eFZnNE5uSGg5VTBkV21hTlhheWUtTEJJMzJYclMweGlsVGRGeE5INVJubTE2aEF3VUY5aGV0MUFobVY2bHBQUHJoZVRwZFdLcWpIZzB6MEVUYw?oc=5\" target=\"_blank\" rel=\"nofollow noopener\">Mar\u00eda Corina Machado, sobre el apoyo del Gobierno espa\u00f1ol: \u00abLa historia juzgar\u00e1 lo que ha faltado\u00bb<\/a>&nbsp;&nbsp;El Mundo<\/li>\n<li><a href=\"https:\/\/news.google.com\/rss\/articles\/CBMi1gFBVV95cUxOcHRHU2xSSTVTR3R0cXM5R01YSXplVnpYTUtmUG9IRFlMVkRYZUc2aUxrSzUwb1NBMDVxWDNRRzlTMXVicUpYZm85MWhKQ1ZHOXk3QVo0N1AyU0NfeEdWQl9TZWdfQlhOemxfRzRTWkw2R0JROEYzYTFkSWZtRmZtcURYc3J3cHNoSWx3MTRBaGlPeVVfSWlQRTg4b1lkeXhZSmRrR211RDBIZ3JodGlqcFZRUy1LR296LWNtQ3JaRjlxdTNCdFlKLXVHNmk3QVVfakRrRHp30gHbAUFVX3lxTFBLa1BJVkYxM2wyZGdXYnBUTFRZMDZaSXl5MFFMWkpKa1hPcTZNUE9VVDBIQTRtcGdfdDBBTUExLTJFam12OWtUMjc4UDl6eFZpeHRfSHBXdEx0NFI5YkFFY1E1TF9YVk1NOU1lSWhkaDZlbjUyVGJMMVYwUDJwVFdQbFpHMWdhYnVTZ05lQTRBN21kV0VNSzBnaHpqRjVsV2dOXzM0bmlnSUNZWEdsdy1YQ2ltT1Z1blZrUzFQaUszNTNLeVlWcmxfRjFzaUI5Q3VXV0hHbkdtakpYTQ?oc=5\" target=\"_blank\" rel=\"nofollow noopener\">Machado critica la falta de apoyo del Gobierno de Espa\u00f1a a la oposici\u00f3n venezolana: \u00abLa historia juzgar\u00e1\u00bb<\/a>&nbsp;&nbsp;El Confidencial<\/li>\n<li><a href=\"https:\/\/news.google.com\/rss\/articles\/CBMigwJBVV95cUxQY0xnWklGVVlvUm5BMXZLRkxhMzZHeFBodU9tNzJQX0M2SHpEem0tSmJuQ3M3bUlXc1ZTWkc3ODQtbG5nNktIX19qWllaQXNndUNYNHFjUG9qZG1Xck5CZlVFLVU4NlBTcDR4UWJrWmlPemRUOGM1Z3FvR3VZNThZd1AzakFjcDAxS19RTDZhZU10WVoxNlBrOUhtZVFkTDhTcWt4WXllRXU5OEV5bkYzQThzcWc2OE9abUc5WGNIdGw4enM0MVltWl83RU5LN2l4aFl4NERhbVRhcmp4LVluSmYwRmd0dVBIR2NvZTBtakVwSkhtNFVIRXBZS2xIN0VaeTFJ?oc=5\" target=\"_blank\" rel=\"nofollow noopener\">El jefe de la misi\u00f3n de rescate de Mar\u00eda Corina Machado: \u201cFue una de las operaciones de mayor riesgo en las que he participado\u201d<\/a>&nbsp;&nbsp;EL PA\u00cdS<\/li>\n<li><a href=\"https:\/\/news.google.com\/rss\/articles\/CBMi3gFBVV95cUxNT1Y4QlhFN0xGMEVmTGJIUExfQ3J4XzIzWTY0bXcwWXhqN3lENkVwOHBEWFA1VFd0cmJlRlZodWF1cWV4dDFqNVIzN19QSWVBWk1yZHIyNUppdmJSSEhjWFAxSWVrSHNXamFqb0ZCLWJqMm1OdXdKZkhWZUVhZG93bm9ZWDFWUWNkNzZ6ZGZDZlVmLXFlS3NsZ180bDdfY3JqWERPSjRuVHFPdGYyWlZWUkpvVzBOeVdSVGo2ZVB6Y3M5a01wbWhBRXVIdXhGNUpvLVA4UnZ2d1pHTWR5c0HSAeMBQVVfeXFMTnhXcV9SOGt3dHZhNlh2ZG9SYWhTd0QwZVpkbG42NmlZdjBxejZ1Z05uSjQwZmRpVUxmajJGMkEyZUlXWXlIRlZTcjVLWU9XbjBGRkxrSUlZUWNEUUFQclBwNmExdHpRcHFmNFBFZ3RSNkdpamdDdnJDS29tZTZVUzB5bURHN2FXVDVKb1ktSURRSzVyLWw3UnBfVEVVVVRKd3JrajAyT253RGFUTzhzU1dwREN6UnNXTzl2cko1V2ZadTJxVGhRWHQzVkl5eWtMVFdpUkpOZ2NWb3lHejRiSHB3bzA?oc=5\" target=\"_blank\" rel=\"nofollow noopener\">Mar\u00eda Corina Machado alienta desde Oslo una intervenci\u00f3n militar mientras Trump estrecha el cerco sobre Maduro<\/a>&nbsp;&nbsp;Diario P\u00fablico<\/li>\n<li><a href=\"https:\/\/news.google.com\/rss\/articles\/CBMipwFBVV95cUxOLTZKT3dacDJYeF9XbG5JSHk5MUc1NHloLUt6VjVLTUdwUW9PUVhQTjR1SHlUVXdGNGl3WW9GMVU1UnZ3cEUwdGVVN0tEOVQ1SEVrNlJXMzhZNG85QnVwZVlwbW15dlZzV1FKN0VDajRJNmM3NHFRbzZ4TnRFbWxLQzZiMFhZamdoSkZYZ3NPbXFzSmJNSndMdTZwMkxiWmc3Ynh5S1pqQQ?oc=5\" target=\"_blank\" rel=\"nofollow noopener\">Mar\u00eda Corina Machado: del traje blanco al vestido de Carolina Herrera, el vestuario de la Nobel de la Paz en Oslo<\/a>&nbsp;&nbsp;ABC<\/li>\n<\/ol>\n","protected":false},"excerpt":{"rendered":"Mar\u00eda Corina Machado, sobre el apoyo del Gobierno espa\u00f1ol: \u00abLa historia juzgar\u00e1 lo que ha faltado\u00bb&nbsp;&nbsp;El Mundo Machado&hellip;\n","protected":false},"author":2,"featured_media":284624,"comment_status":"","ping_status":"","sticky":false,"template":"","format":"standard","meta":{"footnotes":""},"categories":[42],"tags":[17,18,13,14,11,61,62,63,64,19,20,9,10,15,16,12,21,22,1192,65,66,67],"class_list":{"0":"post-284623","1":"post","2":"type-post","3":"status-publish","4":"format-standard","5":"has-post-thumbnail","7":"category-internacional","8":"tag-breaking-news","9":"tag-breakingnews","10":"tag-featured-news","11":"tag-featurednews","12":"tag-headlines","13":"tag-internacional","14":"tag-international","15":"tag-international-news","16":"tag-internationalnews","17":"tag-latest-news","18":"tag-latestnews","19":"tag-news","20":"tag-noticias","21":"tag-noticias-destacadas","22":"tag-noticiasdestacadas","23":"tag-titulares","24":"tag-ultimas-noticias","25":"tag-ultimasnoticias","26":"tag-venezuela","27":"tag-world","28":"tag-world-news","29":"tag-worldnews"},"share_on_mastodon":{"url":"https:\/\/pubeurope.com\/@es\/115706698533841526","error":""},"_links":{"self":[{"href":"https:\/\/www.europesays.com\/es\/wp-json\/wp\/v2\/posts\/284623","targetHints":{"allow":["GET"]}}],"collection":[{"href":"https:\/\/www.europesays.com\/es\/wp-json\/wp\/v2\/posts"}],"about":[{"href":"https:\/\/www.europesays.com\/es\/wp-json\/wp\/v2\/types\/post"}],"author":[{"embeddable":true,"href":"https:\/\/www.europesays.com\/es\/wp-json\/wp\/v2\/users\/2"}],"replies":[{"embeddable":true,"href":"https:\/\/www.europesays.com\/es\/wp-json\/wp\/v2\/comments?post=284623"}],"version-history":[{"count":0,"href":"https:\/\/www.europesays.com\/es\/wp-json\/wp\/v2\/posts\/284623\/revisions"}],"wp:featuredmedia":[{"embeddable":true,"href":"https:\/\/www.europesays.com\/es\/wp-json\/wp\/v2\/media\/284624"}],"wp:attachment":[{"href":"https:\/\/www.europesays.com\/es\/wp-json\/wp\/v2\/media?parent=284623"}],"wp:term":[{"taxonomy":"category","embeddable":true,"href":"https:\/\/www.europesays.com\/es\/wp-json\/wp\/v2\/categories?post=284623"},{"taxonomy":"post_tag","embeddable":true,"href":"https:\/\/www.europesays.com\/es\/wp-json\/wp\/v2\/tags?post=284623"}],"curies":[{"name":"wp","href":"https:\/\/api.w.org\/{rel}","templated":true}]}}