{"id":284655,"date":"2025-12-12T13:19:20","date_gmt":"2025-12-12T13:19:20","guid":{"rendered":"https:\/\/www.europesays.com\/es\/284655\/"},"modified":"2025-12-12T13:19:20","modified_gmt":"2025-12-12T13:19:20","slug":"conchi-lopez-destaca-la-labor-divulgativa-del-ifca-y-subraya-que-sin-ciencia-compartida-no-hay-progreso-duradero","status":"publish","type":"post","link":"https:\/\/www.europesays.com\/es\/284655\/","title":{"rendered":"Conchi L\u00f3pez destaca la labor divulgativa del IFCA y subraya que \u201csin ciencia compartida no hay progreso duradero\u201d"},"content":{"rendered":"<p>&#13;<br \/>\n                        &#13;<br \/>\n                        &#13;<br \/>\n                        &#13;<br \/>\n                        Conchi L\u00f3pez destaca la labor divulgativa del IFCA y subraya que \u201csin ciencia compartida no hay progreso duradero\u201d&#13;<br \/>\n                        &#13;\n                    <\/p>\n<p>&#13;<br \/>\n                        &#13;<br \/>\n                        &#13;<br \/>\n                        Visita las instalaciones junto a la presidenta de Cantabria, Mar\u00eda Jos\u00e9 S\u00e1enz de Buruaga, que ve a la instituci\u00f3n como \u201cpalanca fundamental\u201d para la transformaci\u00f3n del modelo productivo c\u00e1ntabro&#13;<br \/>\n                        &#13;\n                    <\/p>\n<p style=\"text-align:left;\">\u00a0\u00a0\u00a0\u00a0<\/p>\n<p style=\"text-align:left;\">La<strong> <\/strong>rectora de la Universidad de Cantabria (UC),<strong> Conchi L\u00f3pez<\/strong>, ha puesto en valor <strong>el <\/strong><strong>compromiso del Instituto de F\u00edsica de Cantabria (IFCA) con la divulgaci\u00f3n cient\u00edfica<\/strong>: \u201cSu participaci\u00f3n en La Noche de los Investigadores, en el Caf\u00e9 Cient\u00edfico, en Ciencia en el Ateneo, sus jornadas de puertas abiertas y tantas otras iniciativas, son una muestra clara de que la ciencia tambi\u00e9n debe compartirse y acercarse a quienes est\u00e1n fuera de los laboratorios. Esa labor de divulgaci\u00f3n es una forma esencial de transferencia, porque sin sociedad no hay ciencia significativa, y sin ciencia compartida no hay progreso duradero\u00bb. <\/p>\n<p style=\"text-align:left;\">La rectora de la Universidad de Cantabria se ha manifestado en estos t\u00e9rminos durante la visita efectuada esta ma\u00f1ana a las instalaciones del IFCA, centro mixto del Consejo Superior de Investigaciones Cient\u00edficas (CSIC) y UC, junto a la presidenta de Cantabria, <strong>Mar\u00eda Jos\u00e9 S\u00e1enz de Buruaga<\/strong>, durante la cual han mantenido una reuni\u00f3n informativa con la direcci\u00f3n del centro y han conocido las pr\u00f3ximas l\u00edneas de trabajo.\u00a0\u00a0<\/p>\n<p style=\"text-align:left;\">A la visita el vicerrector de Investigaci\u00f3n, Transferencia y Doctorado, <strong>Luigi dell&#8217;Olio<\/strong>, la concejala de Empleo, Emprendimiento y Desarrollo Empresarial,<strong> <\/strong><strong>Chabela G\u00f3mez-Barreda<\/strong>, el consejero de Educaci\u00f3n, Formaci\u00f3n Profesional y Universidades,<strong> Sergio Silva<\/strong>, el director del IFCA, <strong>Patricio Vielva<\/strong>, el delegado del CSIC en Cantabria, <strong>Celso Mart\u00ednez<\/strong>, y la vicedirectora del IFCA, <strong>Alicia Calder\u00f3n<\/strong>.\u00a0 \u00a0\u00a0<\/p>\n<p style=\"text-align:left;\"><img decoding=\"async\" src=\"https:\/\/www.europesays.com\/es\/wp-content\/uploads\/2025\/12\/20251212_Visita_2_800.jpg\" alt=\"\" style=\"margin:5px;\"\/>\u00a0<\/p>\n<p style=\"text-align:left;\">Tras la reuni\u00f3n, donde se han expuesto las necesidades actuales del instituto, los proyectos en activo y las l\u00edneas de trabajo futuras, la jefa del Ejecutivo ha se\u00f1alado que el IFCA se ha convertido en una <strong>\u201cpalanca fundamental\u00bb para la transformaci\u00f3n del modelo productivo de Cantabria,<\/strong> por su efecto tractor y su capacidad de generar innovaci\u00f3n en las empresas, en las administraciones p\u00fablicas y en la sociedad. <\/p>\n<p style=\"text-align:left;\">Adem\u00e1s, ha a\u00f1adido que es un \u201ccentro de referencia mundial\u00bb, por sus contribuciones a la ciencia, y \u201cha demostrado que una regi\u00f3n peque\u00f1a puede tener un impacto enorme cuando se apuesta por el conocimiento y el desarrollo tecnol\u00f3gico avanzado\u00bb.<\/p>\n<p style=\"text-align:left;\">Entre otros ejemplos, <strong>Buruaga ha destacado su participaci\u00f3n en el desarrollo de la protonterapia en Valdecilla<\/strong>, cuya obra, seg\u00fan ha avanzado, estar\u00e1 acabada en menos de un a\u00f1o y supondr\u00e1 una \u201crevoluci\u00f3n\u00bb en los tratamientos del c\u00e1ncer, o en la creaci\u00f3n de un atlas clim\u00e1tico interactivo que pronostica los cambios clim\u00e1ticos en los pr\u00f3ximos cien a\u00f1os.\u00a0<\/p>\n<p style=\"text-align:left;\"><img decoding=\"async\" src=\"https:\/\/www.europesays.com\/es\/wp-content\/uploads\/2025\/12\/20251212_Visita_3_800.jpg\" alt=\"\" style=\"margin:5px;\"\/>\u00a0<\/p>\n<p>Visita al Cryolab y el Centro de procesado de datos<\/p>\n<p style=\"text-align:left;\">Tras la presentaci\u00f3n de la estructura, funcionamiento y l\u00edneas de trabajo actuales y futuras del IFCA, la visita ha continuado con un recorrido por las instalaciones que ha incluido una visita al <strong>Centro de procesado de datos (CPD)<\/strong> y al Cryolab, <strong>una infraestructura de criogenia<\/strong>, que dar\u00e1 soporte a futuras investigaciones del centro.\u00a0 <\/p>\n<p style=\"text-align:left;\">Durante la visita, Buruaga ha destacado el impacto del IFCA en la innovaci\u00f3n y en el desarrollo econ\u00f3mico de la comunidad aut\u00f3noma, subrayando el compromiso del Ejecutivo con sus pr\u00f3ximos desaf\u00edos: \u201cHoy reafirmo que el Gobierno estar\u00e1 a la altura de sus retos: apoyaremos nuevas infraestructuras, programas de talento y una mayor vinculaci\u00f3n entre ciencia, industria y sociedad para que la innovaci\u00f3n del IFCA multiplique su impacto en nuestra regi\u00f3n\u00bb.<\/p>\n<p>Acto conmemorativo, el pr\u00f3ximo mi\u00e9rcoles<\/p>\n<p style=\"text-align:left;\">El IFCA celebrar\u00e1 su 30 aniversario<strong> <\/strong>el pr\u00f3ximo mi\u00e9rcoles, 17 de diciembre, a las 11:00 horas, en el Aula Magna de la Facultad de Ciencias de la Universidad de Cantabria, un acto donde se repasar\u00e1 el pasado, presente y futuro del centro, de la mano de algunos de sus directores y representantes de sus departamentos (Constituyentes Fundamentales de la materia, Astrof\u00edsica y Computaci\u00f3n y Ciencia de Datos), en los que se vertebra la investigaci\u00f3n del IFCA. Un acto donde se har\u00e1 un recordatorio especial a <strong>Luis Pesquera Gonz\u00e1lez<\/strong> y <strong>Teresa Rodrigo Anoro<\/strong>. <\/p>\n<p style=\"text-align:justify;\">Pie de foto:\u00a0 La rectora de la Universidad de Cantabria, Conchi L\u00f3pez, junto a la presidenta de Cantabria, Mar\u00eda Jos\u00e9 S\u00e1enz de Buruaga, junto a otras autoridades, representantes de la UC y personal del IFCA durante la visita al centro.\u00a0<\/p>\n<p style=\"text-align:justify;\">\u00a0<\/p>\n<p>\u00a0\u00a0<\/p>\n","protected":false},"excerpt":{"rendered":"&#13; &#13; &#13; &#13; Conchi L\u00f3pez destaca la labor divulgativa del IFCA y subraya que \u201csin ciencia compartida&hellip;\n","protected":false},"author":2,"featured_media":284656,"comment_status":"","ping_status":"","sticky":false,"template":"","format":"standard","meta":{"footnotes":""},"categories":[5],"tags":[17,18,2771,25,24,13,14,11,19,20,9,10,15,16,964,23,12,10956,21,22,2845],"class_list":{"0":"post-284655","1":"post","2":"type-post","3":"status-publish","4":"format-standard","5":"has-post-thumbnail","7":"category-titulares","8":"tag-breaking-news","9":"tag-breakingnews","10":"tag-cantabria","11":"tag-es","12":"tag-espana","13":"tag-featured-news","14":"tag-featurednews","15":"tag-headlines","16":"tag-latest-news","17":"tag-latestnews","18":"tag-news","19":"tag-noticias","20":"tag-noticias-destacadas","21":"tag-noticiasdestacadas","22":"tag-santander","23":"tag-spain","24":"tag-titulares","25":"tag-torrelavega","26":"tag-ultimas-noticias","27":"tag-ultimasnoticias","28":"tag-universidad"},"share_on_mastodon":{"url":"https:\/\/pubeurope.com\/@es\/115706801811061420","error":""},"_links":{"self":[{"href":"https:\/\/www.europesays.com\/es\/wp-json\/wp\/v2\/posts\/284655","targetHints":{"allow":["GET"]}}],"collection":[{"href":"https:\/\/www.europesays.com\/es\/wp-json\/wp\/v2\/posts"}],"about":[{"href":"https:\/\/www.europesays.com\/es\/wp-json\/wp\/v2\/types\/post"}],"author":[{"embeddable":true,"href":"https:\/\/www.europesays.com\/es\/wp-json\/wp\/v2\/users\/2"}],"replies":[{"embeddable":true,"href":"https:\/\/www.europesays.com\/es\/wp-json\/wp\/v2\/comments?post=284655"}],"version-history":[{"count":0,"href":"https:\/\/www.europesays.com\/es\/wp-json\/wp\/v2\/posts\/284655\/revisions"}],"wp:featuredmedia":[{"embeddable":true,"href":"https:\/\/www.europesays.com\/es\/wp-json\/wp\/v2\/media\/284656"}],"wp:attachment":[{"href":"https:\/\/www.europesays.com\/es\/wp-json\/wp\/v2\/media?parent=284655"}],"wp:term":[{"taxonomy":"category","embeddable":true,"href":"https:\/\/www.europesays.com\/es\/wp-json\/wp\/v2\/categories?post=284655"},{"taxonomy":"post_tag","embeddable":true,"href":"https:\/\/www.europesays.com\/es\/wp-json\/wp\/v2\/tags?post=284655"}],"curies":[{"name":"wp","href":"https:\/\/api.w.org\/{rel}","templated":true}]}}