{"id":284662,"date":"2025-12-12T13:30:17","date_gmt":"2025-12-12T13:30:17","guid":{"rendered":"https:\/\/www.europesays.com\/es\/284662\/"},"modified":"2025-12-12T13:30:17","modified_gmt":"2025-12-12T13:30:17","slug":"andreu-buenafuente-anuncia-que-no-presentara-las-campanadas-en-rtve","status":"publish","type":"post","link":"https:\/\/www.europesays.com\/es\/284662\/","title":{"rendered":"Andreu Buenafuente anuncia que no presentar\u00e1 las Campanadas en RTVE"},"content":{"rendered":"<p class=\"paragraph\" id=\"paragraph_1\"><a href=\"https:\/\/www.elespanol.com\/bluper\/20251009\/buenafuente-rtve-eurovision-algun-momento-decidir-ahora-ve-imparable\/1003743960482_0.html?utm_cmp_rs=linksinline\" rel=\"nofollow noopener\" target=\"_blank\">Gran sorpresa con la que arranca este viernes, 12 de diciembre.<\/a> <strong>Andreu Buenafuente ha anunciado que no presentar\u00e1 las Campanadas de RTVE <\/strong>el pr\u00f3ximo 31 de diciembre desde la Puerta del Sol de Madrid.<\/p>\n<p class=\"paragraph\" id=\"paragraph_2\">Ha sido el propio c\u00f3mico, a trav\u00e9s de un v\u00eddeo compartido por la cuenta de RTVE Comunicaci\u00f3n y Participaci\u00f3n, el que ha explicado los motivos, <strong>adem\u00e1s de confirmar que Silvia Abril tampoco estar\u00e1 en la retransmisi\u00f3n. <\/strong><\/p>\n<p class=\"paragraph\" id=\"paragraph_3\"><strong>Buenafuente deber\u00e1 alargar el par\u00f3n en su agenda profesional <\/strong><a href=\"https:\/\/www.elespanol.com\/bluper\/20251121\/buenafuente-anuncia-paron-temporal-dias-despues-confirmarse-presentara-campanadas-rtve\/1003744024739_0.html?utm_cmp_rs=linksinline\" rel=\"nofollow noopener\" target=\"_blank\">que hac\u00edan p\u00fablico la Corporaci\u00f3n y El Terrat el pasado 21 de noviembre.<\/a> Su recuperaci\u00f3n le llevar\u00e1 algo m\u00e1s de tiempo del que se esperaba inicialmente.<\/p>\n<p><img loading=\"lazy\" decoding=\"async\" alt=\"Andreu Buenafuente en uno de sus mon\u00f3logos de 'Futuro imperfecto'.\" height=\"180\" src=\"https:\/\/www.europesays.com\/es\/wp-content\/uploads\/2025\/12\/1003744032248_260180418_320x180.jpg\" width=\"320\" data-lazy-status=\"processed\" data-lazy-info=\"remove loading item 1\"\/><\/p>\n<p>\n        Buenafuente y sus otras bajas m\u00e9dicas: cuando fue sustituido por Broncano, Berto Romero o la propia Silvia Abril\n    <\/p>\n<p class=\"paragraph\" id=\"paragraph_4\">\u00abYa sab\u00e9is que tuve<strong> un episodio de estr\u00e9s, algo muy com\u00fan, pero no agradable,<\/strong> en una sociedad como esta. Un poco acelerada. En mi caso, con trabajos que yo mismo me origino, me motivo y me creo. Radio, cine, tele, teatro&#8230;\u00bb, comienza diciendo en la pieza.<\/p>\n<p class=\"paragraph\" id=\"paragraph_5\">Andreu se\u00f1ala que \u00abhubo un momento\u00bb en que ya no pudo:<strong> \u00abMi cuerpo dijo: &#8216;Tienes que parar&#8217;.<\/strong> Quiero agradecer a todos los profesionales que me est\u00e1n ayudando y a toda la gente que me est\u00e1 dando un cari\u00f1o incre\u00edble. Cada gotita de cari\u00f1o es vitamina\u00bb.<\/p>\n<blockquote class=\"twitter-tweet\">\n<p dir=\"ltr\" lang=\"es\">Andreu Buenafuente nos cuenta que deber\u00e1 alargar su per\u00edodo de descanso y el par\u00f3n de su agenda profesional.<\/p>\n<p>Su recuperaci\u00f3n le llevar\u00e1 un poco m\u00e1s de tiempo, el necesario para volver al 100% en todos sus proyectos profesionales. <\/p>\n<p>Esto implica que ni \u00e9l ni S\u00edlvia Abril podr\u00e1n\u2026 <a href=\"https:\/\/t.co\/1O2DBau1jm\" rel=\"nofollow\">pic.twitter.com\/1O2DBau1jm<\/a><\/p>\n<p>\u2014 RTVE Comunicaci\u00f3n y Participaci\u00f3n (@RTVE_Com) <a href=\"https:\/\/twitter.com\/RTVE_Com\/status\/1999389540054638641?ref_src=twsrc%5Etfw\" rel=\"nofollow noopener\" target=\"_blank\">December 12, 2025<\/a><\/p><\/blockquote>\n<p class=\"paragraph\" id=\"paragraph_6\">\u00abSi queremos hacerlo bien, esto va a llevar un poquito m\u00e1s de tiempo. <strong>No creo que tenga que acelerar una recuperaci\u00f3n, tengo que estar bien para estar feliz.<\/strong> Por consiguiente, no va a ser posible hacer las Campanadas con Silvia Abril. Quer\u00eda dec\u00edroslo yo\u00bb, confiesa.<\/p>\n<p class=\"paragraph\" id=\"paragraph_7\">Seg\u00fan Buenafuente, es contraproducente \u00abforzar\u00bb una vuelta para tan solo un d\u00eda. \u00abHay que volver bien\u00bb. \u00abGracias a RTVE por el apoyo desde el primer minuto. <strong>No es f\u00e1cil parar una maquinaria de entretenimiento.<\/strong> Tambi\u00e9n a la Cadena SER, con Nadie sabe nada\u00bb, prosigue.<\/p>\n<p><img decoding=\"async\" alt=\"Nathy Peluso y David Broncano en 'La Revuelta'\" height=\"180\" loading=\"lazy\" width=\"320\" data-lazy-status=\"processed\" id=\"52393a214a\" src=\"https:\/\/www.elespanol.com\/bluper\/20251212\/andreu-buenafuente-anuncia-no-presentara-campanadas-rtve\/[\" https:=\"\" data-lazy-info=\"changed src\"\/><\/p>\n<p class=\"paragraph\" id=\"paragraph_8\">\u00abLa falta de un horizonte exigente es lo que necesita ahora <strong>una persona que tiene que parar por un estr\u00e9s\u00bb,<\/strong> acepta el humorista.<\/p>\n<p class=\"paragraph\" id=\"paragraph_9\">Por \u00faltimo, Andreu Buenafuente tranquiliza a sus seguidores, pues habr\u00e1 \u00abmuchas m\u00e1s cosas en el futuro\u00bb, <strong>cuando goce de esa \u00abserenidad\u00bb que espera encontrar durante esta baja. <\/strong><strong\/><\/p>\n<p class=\"paragraph\" id=\"paragraph_10\">Jos\u00e9 Pablo L\u00f3pez, presidente de RTVE, no ha tardado en reaccionar p\u00fablicamente a la noticia: \u00abEs una frase manida pero por eso mismo no le damos valor. <strong>S\u00ed, la salud es lo primero. Luego, todo lo dem\u00e1s.<\/strong> Cu\u00eddate\u00bb.<\/p>\n<p>Carrera a contrarreloj<\/p>\n<p class=\"paragraph\" id=\"paragraph_11\">La espera terminaba el pasado 18 de noviembre. RTVE desvelaba que <strong>Andreu Buenafuente y Silvia Abril ser\u00edan los presentadores de las Campanadas 2025<\/strong> de la p\u00fablica, tomando el testigo de David Broncano y Lalachus.<\/p>\n<p class=\"paragraph\" id=\"paragraph_12\">El ente apostaba por una pareja que no sab\u00eda lo que era comandar una retransmisi\u00f3n de Fin de A\u00f1o, <strong>pero s\u00ed dos ceremonias de los Goya.<\/strong> Y con buenas cr\u00edticas a su desempe\u00f1o.<\/p>\n<p><img decoding=\"async\" alt=\"Andreu Buenafuente y Silvia Abril, en 'Futuro Imperfecto'.\" data-imgm=\"true\" height=\"180\" loading=\"lazy\"  src=\"https:\/\/www.europesays.com\/es\/wp-content\/uploads\/2025\/12\/1003744052467_260442339_1024x576.jpg\"  width=\"320\"\/><\/p>\n<p>                                                            Andreu Buenafuente y Silvia Abril, en &#8216;Futuro Imperfecto&#8217;.<\/p>\n<p>                    RTVE<\/p>\n<p class=\"paragraph\" id=\"paragraph_13\">Sin embargo, tan solo tres d\u00edas despu\u00e9s, Buenafuente anunciaba su baja por estr\u00e9s. Las grabaciones de Futuro Imperfecto se paralizaban, <strong>pero RTVE aseguraba que Andreu llegar\u00eda a las Campanadas. <\/strong>No ha podido ser.<\/p>\n<p class=\"paragraph\" id=\"paragraph_14\">Ahora empieza una carrera a contrarreloj para la Corporaci\u00f3n, que debe encontrar a los sustitutos de Buenafuente y Abril<strong> tras quedarse sin la pareja a 15 d\u00edas de las Campanadas. <\/strong>Con los futuros elegidos, RTVE espera mantener el liderazgo que en 2024 arrebat\u00f3 a Antena 3.<\/p>\n<p class=\"paragraph\" id=\"paragraph_15\"><a href=\"https:\/\/www.elespanol.com\/bluper\/20251126\/spot-publicitario-cristina-pedroche-calienta-campanadas-atresmedia-primeras-pistas-vestido\/1003744031023_0.html?utm_cmp_rs=linksinline\" rel=\"nofollow noopener\" target=\"_blank\"><strong>Cristina Pedroche y Alberto Chicote<\/strong> repetir\u00e1n en las Campanadas de Atresmedia,<\/a> que este a\u00f1o ser\u00e1n conjuntas entre la cadena principal del grupo y laSexta. <strong>Xuso Jones y Sandra Barneda<\/strong> ser\u00e1n los maestros de ceremonias en las de Mediaset.<\/p>\n<p>                                    <script async src=\"https:\/\/platform.twitter.com\/widgets.js\" charset=\"utf-8\"><\/script><\/p>\n","protected":false},"excerpt":{"rendered":"Gran sorpresa con la que arranca este viernes, 12 de diciembre. Andreu Buenafuente ha anunciado que no presentar\u00e1&hellip;\n","protected":false},"author":2,"featured_media":284663,"comment_status":"","ping_status":"","sticky":false,"template":"","format":"standard","meta":{"footnotes":""},"categories":[174],"tags":[2058,1535,48603,255,146,147,25,24,256,1533,1271,17079,23,807],"class_list":{"0":"post-284662","1":"post","2":"type-post","3":"status-publish","4":"format-standard","5":"has-post-thumbnail","7":"category-famosos","8":"tag-andreu-buenafuente","9":"tag-bluper","10":"tag-campanadas","11":"tag-celebrities","12":"tag-entertainment","13":"tag-entretenimiento","14":"tag-es","15":"tag-espana","16":"tag-famosos","17":"tag-rtve-radiotelevision-espanola","18":"tag-silvia-abril","19":"tag-soft","20":"tag-spain","21":"tag-television"},"share_on_mastodon":{"url":"https:\/\/pubeurope.com\/@es\/115706844232926234","error":""},"_links":{"self":[{"href":"https:\/\/www.europesays.com\/es\/wp-json\/wp\/v2\/posts\/284662","targetHints":{"allow":["GET"]}}],"collection":[{"href":"https:\/\/www.europesays.com\/es\/wp-json\/wp\/v2\/posts"}],"about":[{"href":"https:\/\/www.europesays.com\/es\/wp-json\/wp\/v2\/types\/post"}],"author":[{"embeddable":true,"href":"https:\/\/www.europesays.com\/es\/wp-json\/wp\/v2\/users\/2"}],"replies":[{"embeddable":true,"href":"https:\/\/www.europesays.com\/es\/wp-json\/wp\/v2\/comments?post=284662"}],"version-history":[{"count":0,"href":"https:\/\/www.europesays.com\/es\/wp-json\/wp\/v2\/posts\/284662\/revisions"}],"wp:featuredmedia":[{"embeddable":true,"href":"https:\/\/www.europesays.com\/es\/wp-json\/wp\/v2\/media\/284663"}],"wp:attachment":[{"href":"https:\/\/www.europesays.com\/es\/wp-json\/wp\/v2\/media?parent=284662"}],"wp:term":[{"taxonomy":"category","embeddable":true,"href":"https:\/\/www.europesays.com\/es\/wp-json\/wp\/v2\/categories?post=284662"},{"taxonomy":"post_tag","embeddable":true,"href":"https:\/\/www.europesays.com\/es\/wp-json\/wp\/v2\/tags?post=284662"}],"curies":[{"name":"wp","href":"https:\/\/api.w.org\/{rel}","templated":true}]}}